{"id":10612,"date":"2025-06-23T09:00:35","date_gmt":"2025-06-23T07:00:35","guid":{"rendered":"https:\/\/agora.xtec.cat\/ceip-miquelmartipol-viladecans\/?p=10612"},"modified":"2025-06-22T21:51:23","modified_gmt":"2025-06-22T19:51:23","slug":"lalumnat-de-6e-finalitza-una-etapa-a-lescola","status":"publish","type":"post","link":"https:\/\/agora.xtec.cat\/ceip-miquelmartipol-viladecans\/general\/lalumnat-de-6e-finalitza-una-etapa-a-lescola\/","title":{"rendered":"L&#8217;alumnat de 6\u00e8 finalitza una etapa a l&#8217;escola."},"content":{"rendered":"<p>El passat dijous 19 de juny vam celebrar el comiat de l&#8217;alumnat de 6\u00e8 de l&#8217;escola. Despr\u00e9s de nou cursos finalitzen la seva etapa a l&#8217;escola Miquel Mart\u00ed i Pol. Va ser un acte emotiu on es van dedicar unes paraules, van rebre un regal per part de l&#8217;alumnat d&#8217;I5 i van fer el ball que havien preparat per a la resta d&#8217;alumnat de l&#8217;escola.<\/p>\n<p>Tota la comunitat educativa els desitgem molts encerts en aquesta nova etapa a l&#8217;institut que iniciaran el proper mes de setembre. <strong><a href=\"https:\/\/drive.google.com\/drive\/folders\/1uK-sVbFTltVgyKY6nfck7akkLLaiIpvR?usp=sharing\">&lt;&lt;Veure fotos&gt;&gt;<\/a><\/strong><\/p>\n","protected":false},"excerpt":{"rendered":"<p>El passat dijous 19 de juny vam celebrar el comiat de l&#8217;alumnat de 6\u00e8 de l&#8217;escola. Despr\u00e9s de nou cursos finalitzen la seva etapa a l&#8217;escola Miquel Mart\u00ed i Pol. Va ser un acte emotiu on es van dedicar unes paraules, van rebre un regal&hellip;  <a href=\"https:\/\/agora.xtec.cat\/ceip-miquelmartipol-viladecans\/general\/lalumnat-de-6e-finalitza-una-etapa-a-lescola\/\" title=\"Read L&#8217;alumnat de 6\u00e8 finalitza una etapa a l&#8217;escola.\">Llegeix m\u00e9s\u00bb<\/a><\/p>\n","protected":false},"author":1,"featured_media":10613,"comment_status":"open","ping_status":"open","sticky":false,"template":"","format":"standard","meta":{"_bbp_topic_count":0,"_bbp_reply_count":0,"_bbp_total_topic_count":0,"_bbp_total_reply_count":0,"_bbp_voice_count":0,"_bbp_anonymous_reply_count":0,"_bbp_topic_count_hidden":0,"_bbp_reply_count_hidden":0,"_bbp_forum_subforum_count":0,"footnotes":""},"categories":[1],"tags":[305,186,232,237],"class_list":["post-10612","post","type-post","status-publish","format-standard","has-post-thumbnail","hentry","category-general","tag-alumnat","tag-escola-miquel-marti-i-pol","tag-participacio-alumnat","tag-projecte-escola"],"post_mailing_queue_ids":[],"_links":{"self":[{"href":"https:\/\/agora.xtec.cat\/ceip-miquelmartipol-viladecans\/wp-json\/wp\/v2\/posts\/10612","targetHints":{"allow":["GET"]}}],"collection":[{"href":"https:\/\/agora.xtec.cat\/ceip-miquelmartipol-viladecans\/wp-json\/wp\/v2\/posts"}],"about":[{"href":"https:\/\/agora.xtec.cat\/ceip-miquelmartipol-viladecans\/wp-json\/wp\/v2\/types\/post"}],"author":[{"embeddable":true,"href":"https:\/\/agora.xtec.cat\/ceip-miquelmartipol-viladecans\/wp-json\/wp\/v2\/users\/1"}],"replies":[{"embeddable":true,"href":"https:\/\/agora.xtec.cat\/ceip-miquelmartipol-viladecans\/wp-json\/wp\/v2\/comments?post=10612"}],"version-history":[{"count":1,"href":"https:\/\/agora.xtec.cat\/ceip-miquelmartipol-viladecans\/wp-json\/wp\/v2\/posts\/10612\/revisions"}],"predecessor-version":[{"id":10614,"href":"https:\/\/agora.xtec.cat\/ceip-miquelmartipol-viladecans\/wp-json\/wp\/v2\/posts\/10612\/revisions\/10614"}],"wp:featuredmedia":[{"embeddable":true,"href":"https:\/\/agora.xtec.cat\/ceip-miquelmartipol-viladecans\/wp-json\/wp\/v2\/media\/10613"}],"wp:attachment":[{"href":"https:\/\/agora.xtec.cat\/ceip-miquelmartipol-viladecans\/wp-json\/wp\/v2\/media?parent=10612"}],"wp:term":[{"taxonomy":"category","embeddable":true,"href":"https:\/\/agora.xtec.cat\/ceip-miquelmartipol-viladecans\/wp-json\/wp\/v2\/categories?post=10612"},{"taxonomy":"post_tag","embeddable":true,"href":"https:\/\/agora.xtec.cat\/ceip-miquelmartipol-viladecans\/wp-json\/wp\/v2\/tags?post=10612"}],"curies":[{"name":"wp","href":"https:\/\/api.w.org\/{rel}","templated":true}]}}