{"id":4751,"date":"2020-07-20T11:02:42","date_gmt":"2020-07-20T09:02:42","guid":{"rendered":"http:\/\/agora.xtec.cat\/ceip-mdpatrocini-cardona\/?p=4751"},"modified":"2020-07-20T11:04:23","modified_gmt":"2020-07-20T09:04:23","slug":"ajut-llibres-material-escolar-llibre-verd-i-ampa","status":"publish","type":"post","link":"https:\/\/agora.xtec.cat\/ceip-mdpatrocini-cardona\/general\/ajut-llibres-material-escolar-llibre-verd-i-ampa\/","title":{"rendered":"Ajut llibres, material escolar, llibre verd i AMPA"},"content":{"rendered":"<p>El proper <strong>dilluns 27 de juliol\u00a0s&#8217;obre la convocat\u00f2ria per presentar\u00a0sol\u00b7licitud d&#8217;ajuts per material escolar, llibres, llibre verd o quota de l&#8217;AMPA<\/strong> pel proper curs 20\/21. El termini per presentar les sol\u00b7licituds<strong>\u00a0finalitza el divendres 4 de setembre de 2020.<\/strong><\/p>\n<p>&nbsp;<\/p>\n<p>Les sol\u00b7licituds s&#8217;han de\u00a0<strong>recollir i\u00a0 presentar\u00a0a l&#8217;oficina de Serveis Socials<\/strong> (Edifici del Centre C\u00edvic, planta-1) en horari de dilluns a divendres de 8.30 a 13.30 h. T<strong>amb\u00e9 us les podeu imprimir des d&#8217;aqu\u00ed:<\/strong> <a href=\"https:\/\/agora.xtec.cat\/ceip-mdpatrocini-cardona\/wp-content\/uploads\/usu474\/2020\/07\/SOL\u00b7LICITUDS-CONVOCAT\u00d2RIA-AJUTS20-1.pdf\">SOL\u00b7LICITUDS CONVOCAT\u00d2RIA AJUTS&#8217;20 (1)<\/a><\/p>\n<div>\n<p>&nbsp;<\/p>\n<p><strong><u>Dades interessants:<\/u><\/strong><\/p>\n<p>1. Aquest ajut el podeu sol\u00b7licitar les\u00a0<u>fam\u00edlies empadronades a Cardona<\/u>\u00a0amb fills\/es que cursin aquest curs 20\/21, de\u00a0<u>P3 a 4t d&#8217;ESO<\/u>, als\u00a0<u>centres educatius de Cardona.<\/u><\/p>\n<p>2. L&#8217;ajut m\u00e0xim \u00e9s de 70 \u20ac per alumne i curs.<\/p>\n<p>3. A les bases de la convocat\u00f2ria hi trobareu els ingressos nets de la unitat familiar a tenir en compte i la documentaci\u00f3 que heu d&#8217;adjuntar a la sol\u00b7licitud. <a href=\"https:\/\/agora.xtec.cat\/ceip-mdpatrocini-cardona\/wp-content\/uploads\/usu474\/2020\/07\/CONVOCAT\u00d2RIA-SUBVENCI\u00d3-ADQUISICI\u00d3-LLIBRES-I-MAT.-ESCOLAR-2020.pdf\">CONVOCAT\u00d2RIA SUBVENCI\u00d3 ADQUISICI\u00d3 LLIBRES I MAT. ESCOLAR 2020<\/a><\/p>\n<p>4. Les subvencions atorgades s&#8217;hauran de justificar abans del 30 de novembre, amb la presentaci\u00f3 del rebut de pagament de material escolar, llibres, llibre verd o AMPA. Per tant, cal que guardeu aquests rebuts i \/o factures.<\/p>\n<p>&nbsp;<\/p>\n<\/div>\n","protected":false},"excerpt":{"rendered":"<p>El proper dilluns 27 de juliol\u00a0s&#8217;obre la convocat\u00f2ria per presentar\u00a0sol\u00b7licitud d&#8217;ajuts per material escolar, llibres, llibre verd o quota de l&#8217;AMPA pel proper curs 20\/21. El termini per presentar les sol\u00b7licituds\u00a0finalitza el divendres 4 de setembre de 2020. &nbsp; Les sol\u00b7licituds s&#8217;han de\u00a0recollir i\u00a0 presentar\u00a0a l&#8217;oficina de Serveis Socials (Edifici del Centre C\u00edvic, planta-1) en [&hellip;]<\/p>\n","protected":false},"author":1,"featured_media":0,"comment_status":"open","ping_status":"closed","sticky":false,"template":"","format":"standard","meta":{"_bbp_topic_count":0,"_bbp_reply_count":0,"_bbp_total_topic_count":0,"_bbp_total_reply_count":0,"_bbp_voice_count":0,"_bbp_anonymous_reply_count":0,"_bbp_topic_count_hidden":0,"_bbp_reply_count_hidden":0,"_bbp_forum_subforum_count":0,"site-sidebar-layout":"default","site-content-layout":"","ast-site-content-layout":"","site-content-style":"default","site-sidebar-style":"default","ast-global-header-display":"","ast-banner-title-visibility":"","ast-main-header-display":"","ast-hfb-above-header-display":"","ast-hfb-below-header-display":"","ast-hfb-mobile-header-display":"","site-post-title":"","ast-breadcrumbs-content":"","ast-featured-img":"","footer-sml-layout":"","theme-transparent-header-meta":"","adv-header-id-meta":"","stick-header-meta":"","header-above-stick-meta":"","header-main-stick-meta":"","header-below-stick-meta":"","astra-migrate-meta-layouts":"default","ast-page-background-enabled":"default","ast-page-background-meta":{"desktop":{"background-color":"var(--ast-global-color-5)","background-image":"","background-repeat":"repeat","background-position":"center center","background-size":"auto","background-attachment":"scroll","background-type":"","background-media":"","overlay-type":"","overlay-color":"","overlay-opacity":"","overlay-gradient":""},"tablet":{"background-color":"","background-image":"","background-repeat":"repeat","background-position":"center center","background-size":"auto","background-attachment":"scroll","background-type":"","background-media":"","overlay-type":"","overlay-color":"","overlay-opacity":"","overlay-gradient":""},"mobile":{"background-color":"","background-image":"","background-repeat":"repeat","background-position":"center center","background-size":"auto","background-attachment":"scroll","background-type":"","background-media":"","overlay-type":"","overlay-color":"","overlay-opacity":"","overlay-gradient":""}},"ast-content-background-meta":{"desktop":{"background-color":"var(--ast-global-color-4)","background-image":"","background-repeat":"repeat","background-position":"center center","background-size":"auto","background-attachment":"scroll","background-type":"","background-media":"","overlay-type":"","overlay-color":"","overlay-opacity":"","overlay-gradient":""},"tablet":{"background-color":"var(--ast-global-color-4)","background-image":"","background-repeat":"repeat","background-position":"center center","background-size":"auto","background-attachment":"scroll","background-type":"","background-media":"","overlay-type":"","overlay-color":"","overlay-opacity":"","overlay-gradient":""},"mobile":{"background-color":"var(--ast-global-color-4)","background-image":"","background-repeat":"repeat","background-position":"center center","background-size":"auto","background-attachment":"scroll","background-type":"","background-media":"","overlay-type":"","overlay-color":"","overlay-opacity":"","overlay-gradient":""}},"footnotes":""},"categories":[1,4],"tags":[],"class_list":["post-4751","post","type-post","status-publish","format-standard","hentry","category-general","category-portada"],"post_mailing_queue_ids":[],"_links":{"self":[{"href":"https:\/\/agora.xtec.cat\/ceip-mdpatrocini-cardona\/wp-json\/wp\/v2\/posts\/4751","targetHints":{"allow":["GET"]}}],"collection":[{"href":"https:\/\/agora.xtec.cat\/ceip-mdpatrocini-cardona\/wp-json\/wp\/v2\/posts"}],"about":[{"href":"https:\/\/agora.xtec.cat\/ceip-mdpatrocini-cardona\/wp-json\/wp\/v2\/types\/post"}],"author":[{"embeddable":true,"href":"https:\/\/agora.xtec.cat\/ceip-mdpatrocini-cardona\/wp-json\/wp\/v2\/users\/1"}],"replies":[{"embeddable":true,"href":"https:\/\/agora.xtec.cat\/ceip-mdpatrocini-cardona\/wp-json\/wp\/v2\/comments?post=4751"}],"version-history":[{"count":3,"href":"https:\/\/agora.xtec.cat\/ceip-mdpatrocini-cardona\/wp-json\/wp\/v2\/posts\/4751\/revisions"}],"predecessor-version":[{"id":4756,"href":"https:\/\/agora.xtec.cat\/ceip-mdpatrocini-cardona\/wp-json\/wp\/v2\/posts\/4751\/revisions\/4756"}],"wp:attachment":[{"href":"https:\/\/agora.xtec.cat\/ceip-mdpatrocini-cardona\/wp-json\/wp\/v2\/media?parent=4751"}],"wp:term":[{"taxonomy":"category","embeddable":true,"href":"https:\/\/agora.xtec.cat\/ceip-mdpatrocini-cardona\/wp-json\/wp\/v2\/categories?post=4751"},{"taxonomy":"post_tag","embeddable":true,"href":"https:\/\/agora.xtec.cat\/ceip-mdpatrocini-cardona\/wp-json\/wp\/v2\/tags?post=4751"}],"curies":[{"name":"wp","href":"https:\/\/api.w.org\/{rel}","templated":true}]}}