{"id":3664,"date":"2019-05-17T11:38:49","date_gmt":"2019-05-17T09:38:49","guid":{"rendered":"http:\/\/agora.xtec.cat\/ceip-mdpatrocini-cardona\/?p=3664"},"modified":"2019-06-17T12:04:19","modified_gmt":"2019-06-17T10:04:19","slug":"ens-visita-la-patricia-centeno","status":"publish","type":"post","link":"https:\/\/agora.xtec.cat\/ceip-mdpatrocini-cardona\/general\/ens-visita-la-patricia-centeno\/","title":{"rendered":"Ens visita la Patrycia Centeno"},"content":{"rendered":"<p style=\"text-align: justify;\">El passat 6 de maig ens va visitar la Patrycia Centeno, antiga alumna de la nostra escola i actualment \u00e9s llicenciada en periodisme per la UAB\u00a0<strong>\u00a0<\/strong>i experta en l&#8217;estudi del llenguatge no verbal com a eina de comunicaci\u00f3 pol\u00edtica i corporativa.\u00a0Despr\u00e9s d&#8217;exercir de periodista especialitzada en moda i coordinar tres edicions del 080 Barcelona Fashion, fa anys emprada com a assessora d&#8217;est\u00e8tica (llenguatge corporal, indument\u00e0ria, escenografia, coreografia, protocol &#8230;) per a diferents formacions pol\u00edtiques i com a docent i conferenciant en diverses universitats i centres de formaci\u00f3.<\/p>\n<p style=\"text-align: justify;\">Autora de\u00a0<i>Pol\u00edtica i Moda, la imatge del poder<\/i>\u00a0(Pen\u00ednsula, 2012) i\u00a0<i>Mirall de Marx, \u00bfl&#8217;esquerra no pot vestir b\u00e9?\u00a0<\/i>(Pen\u00ednsula, 2013), tamb\u00e9 analitza l&#8217;actualitat pol\u00edtica per a nombrosos mitjans de comunicaci\u00f3.<\/p>\n<p style=\"text-align: center;\">FOTOS DE L&#8217;ENTREVISTA<\/p>\n<p><a href=\"https:\/\/photos.app.goo.gl\/WrnvvGZ4yc4UJpSg7\"><img loading=\"lazy\" decoding=\"async\" class=\"alignnone wp-image-3665 size-large\" src=\"https:\/\/agora.xtec.cat\/ceip-mdpatrocini-cardona\/wp-content\/uploads\/usu474\/2019\/05\/IMG-20190506-WA0002-1024x575.jpg\" alt=\"\" width=\"1024\" height=\"575\" srcset=\"https:\/\/agora.xtec.cat\/ceip-mdpatrocini-cardona\/wp-content\/uploads\/usu474\/2019\/05\/IMG-20190506-WA0002-1024x575.jpg 1024w, https:\/\/agora.xtec.cat\/ceip-mdpatrocini-cardona\/wp-content\/uploads\/usu474\/2019\/05\/IMG-20190506-WA0002-300x168.jpg 300w, https:\/\/agora.xtec.cat\/ceip-mdpatrocini-cardona\/wp-content\/uploads\/usu474\/2019\/05\/IMG-20190506-WA0002-768x431.jpg 768w, https:\/\/agora.xtec.cat\/ceip-mdpatrocini-cardona\/wp-content\/uploads\/usu474\/2019\/05\/IMG-20190506-WA0002.jpg 1600w\" sizes=\"auto, (max-width: 1024px) 100vw, 1024px\" \/><\/a><\/p>\n","protected":false},"excerpt":{"rendered":"<p>El passat 6 de maig ens va visitar la Patrycia Centeno, antiga alumna de la nostra escola i actualment \u00e9s llicenciada en periodisme per la UAB\u00a0\u00a0i experta en l&#8217;estudi del llenguatge no verbal com a eina de comunicaci\u00f3 pol\u00edtica i corporativa.\u00a0Despr\u00e9s d&#8217;exercir de periodista especialitzada en moda i coordinar tres edicions del 080 Barcelona Fashion, [&hellip;]<\/p>\n","protected":false},"author":24,"featured_media":3665,"comment_status":"open","ping_status":"closed","sticky":false,"template":"","format":"standard","meta":{"_bbp_topic_count":0,"_bbp_reply_count":0,"_bbp_total_topic_count":0,"_bbp_total_reply_count":0,"_bbp_voice_count":0,"_bbp_anonymous_reply_count":0,"_bbp_topic_count_hidden":0,"_bbp_reply_count_hidden":0,"_bbp_forum_subforum_count":0,"site-sidebar-layout":"default","site-content-layout":"","ast-site-content-layout":"","site-content-style":"default","site-sidebar-style":"default","ast-global-header-display":"","ast-banner-title-visibility":"","ast-main-header-display":"","ast-hfb-above-header-display":"","ast-hfb-below-header-display":"","ast-hfb-mobile-header-display":"","site-post-title":"","ast-breadcrumbs-content":"","ast-featured-img":"","footer-sml-layout":"","theme-transparent-header-meta":"","adv-header-id-meta":"","stick-header-meta":"","header-above-stick-meta":"","header-main-stick-meta":"","header-below-stick-meta":"","astra-migrate-meta-layouts":"default","ast-page-background-enabled":"default","ast-page-background-meta":{"desktop":{"background-color":"var(--ast-global-color-5)","background-image":"","background-repeat":"repeat","background-position":"center center","background-size":"auto","background-attachment":"scroll","background-type":"","background-media":"","overlay-type":"","overlay-color":"","overlay-opacity":"","overlay-gradient":""},"tablet":{"background-color":"","background-image":"","background-repeat":"repeat","background-position":"center center","background-size":"auto","background-attachment":"scroll","background-type":"","background-media":"","overlay-type":"","overlay-color":"","overlay-opacity":"","overlay-gradient":""},"mobile":{"background-color":"","background-image":"","background-repeat":"repeat","background-position":"center center","background-size":"auto","background-attachment":"scroll","background-type":"","background-media":"","overlay-type":"","overlay-color":"","overlay-opacity":"","overlay-gradient":""}},"ast-content-background-meta":{"desktop":{"background-color":"var(--ast-global-color-4)","background-image":"","background-repeat":"repeat","background-position":"center center","background-size":"auto","background-attachment":"scroll","background-type":"","background-media":"","overlay-type":"","overlay-color":"","overlay-opacity":"","overlay-gradient":""},"tablet":{"background-color":"var(--ast-global-color-4)","background-image":"","background-repeat":"repeat","background-position":"center center","background-size":"auto","background-attachment":"scroll","background-type":"","background-media":"","overlay-type":"","overlay-color":"","overlay-opacity":"","overlay-gradient":""},"mobile":{"background-color":"var(--ast-global-color-4)","background-image":"","background-repeat":"repeat","background-position":"center center","background-size":"auto","background-attachment":"scroll","background-type":"","background-media":"","overlay-type":"","overlay-color":"","overlay-opacity":"","overlay-gradient":""}},"footnotes":""},"categories":[1,4],"tags":[],"class_list":["post-3664","post","type-post","status-publish","format-standard","has-post-thumbnail","hentry","category-general","category-portada"],"post_mailing_queue_ids":[],"_links":{"self":[{"href":"https:\/\/agora.xtec.cat\/ceip-mdpatrocini-cardona\/wp-json\/wp\/v2\/posts\/3664","targetHints":{"allow":["GET"]}}],"collection":[{"href":"https:\/\/agora.xtec.cat\/ceip-mdpatrocini-cardona\/wp-json\/wp\/v2\/posts"}],"about":[{"href":"https:\/\/agora.xtec.cat\/ceip-mdpatrocini-cardona\/wp-json\/wp\/v2\/types\/post"}],"author":[{"embeddable":true,"href":"https:\/\/agora.xtec.cat\/ceip-mdpatrocini-cardona\/wp-json\/wp\/v2\/users\/24"}],"replies":[{"embeddable":true,"href":"https:\/\/agora.xtec.cat\/ceip-mdpatrocini-cardona\/wp-json\/wp\/v2\/comments?post=3664"}],"version-history":[{"count":3,"href":"https:\/\/agora.xtec.cat\/ceip-mdpatrocini-cardona\/wp-json\/wp\/v2\/posts\/3664\/revisions"}],"predecessor-version":[{"id":3698,"href":"https:\/\/agora.xtec.cat\/ceip-mdpatrocini-cardona\/wp-json\/wp\/v2\/posts\/3664\/revisions\/3698"}],"wp:featuredmedia":[{"embeddable":true,"href":"https:\/\/agora.xtec.cat\/ceip-mdpatrocini-cardona\/wp-json\/wp\/v2\/media\/3665"}],"wp:attachment":[{"href":"https:\/\/agora.xtec.cat\/ceip-mdpatrocini-cardona\/wp-json\/wp\/v2\/media?parent=3664"}],"wp:term":[{"taxonomy":"category","embeddable":true,"href":"https:\/\/agora.xtec.cat\/ceip-mdpatrocini-cardona\/wp-json\/wp\/v2\/categories?post=3664"},{"taxonomy":"post_tag","embeddable":true,"href":"https:\/\/agora.xtec.cat\/ceip-mdpatrocini-cardona\/wp-json\/wp\/v2\/tags?post=3664"}],"curies":[{"name":"wp","href":"https:\/\/api.w.org\/{rel}","templated":true}]}}