{"id":9261,"date":"2023-01-30T15:06:37","date_gmt":"2023-01-30T14:06:37","guid":{"rendered":"https:\/\/agora.xtec.cat\/ceip-mcinto-verdaguer\/?p=9261"},"modified":"2023-01-30T15:22:49","modified_gmt":"2023-01-30T14:22:49","slug":"dia-de-la-pau-i-la-no-violencia-2","status":"publish","type":"post","link":"https:\/\/agora.xtec.cat\/ceip-mcinto-verdaguer\/portada\/dia-de-la-pau-i-la-no-violencia-2\/","title":{"rendered":"DIA DE LA PAU I LA NO VIOL\u00c8NCIA"},"content":{"rendered":"<p>Aix\u00ed hem treballat el dia de la Pau i la No viol\u00e8ncia escolar, reflexionant i expresant.<\/p>\n<div class=\"ast-oembed-container \" style=\"height: 100%;\"><iframe loading=\"lazy\" title=\"DIA DE LA PAU I LA NO VIOL\u00c8NCIA 2023\" width=\"500\" height=\"281\" src=\"https:\/\/www.youtube.com\/embed\/7tabWDiWlHA?feature=oembed\" frameborder=\"0\" allow=\"accelerometer; autoplay; clipboard-write; encrypted-media; gyroscope; picture-in-picture; web-share\" referrerpolicy=\"strict-origin-when-cross-origin\" allowfullscreen><\/iframe><\/div>\n","protected":false},"excerpt":{"rendered":"<p>Aix\u00ed hem treballat el dia de la Pau i la No viol\u00e8ncia escolar, reflexionant i expresant.<\/p>\n","protected":false},"author":1,"featured_media":9262,"comment_status":"open","ping_status":"closed","sticky":false,"template":"","format":"standard","meta":{"_bbp_topic_count":0,"_bbp_reply_count":0,"_bbp_total_topic_count":0,"_bbp_total_reply_count":0,"_bbp_voice_count":0,"_bbp_anonymous_reply_count":0,"_bbp_topic_count_hidden":0,"_bbp_reply_count_hidden":0,"_bbp_forum_subforum_count":0,"site-sidebar-layout":"default","site-content-layout":"","ast-site-content-layout":"","site-content-style":"default","site-sidebar-style":"default","ast-global-header-display":"","ast-banner-title-visibility":"","ast-main-header-display":"","ast-hfb-above-header-display":"","ast-hfb-below-header-display":"","ast-hfb-mobile-header-display":"","site-post-title":"","ast-breadcrumbs-content":"","ast-featured-img":"","footer-sml-layout":"","theme-transparent-header-meta":"","adv-header-id-meta":"","stick-header-meta":"","header-above-stick-meta":"","header-main-stick-meta":"","header-below-stick-meta":"","astra-migrate-meta-layouts":"default","ast-page-background-enabled":"default","ast-page-background-meta":{"desktop":{"background-color":"var(--ast-global-color-4)","background-image":"","background-repeat":"repeat","background-position":"center center","background-size":"auto","background-attachment":"scroll","background-type":"","background-media":"","overlay-type":"","overlay-color":"","overlay-opacity":"","overlay-gradient":""},"tablet":{"background-color":"","background-image":"","background-repeat":"repeat","background-position":"center center","background-size":"auto","background-attachment":"scroll","background-type":"","background-media":"","overlay-type":"","overlay-color":"","overlay-opacity":"","overlay-gradient":""},"mobile":{"background-color":"","background-image":"","background-repeat":"repeat","background-position":"center center","background-size":"auto","background-attachment":"scroll","background-type":"","background-media":"","overlay-type":"","overlay-color":"","overlay-opacity":"","overlay-gradient":""}},"ast-content-background-meta":{"desktop":{"background-color":"var(--ast-global-color-5)","background-image":"","background-repeat":"repeat","background-position":"center center","background-size":"auto","background-attachment":"scroll","background-type":"","background-media":"","overlay-type":"","overlay-color":"","overlay-opacity":"","overlay-gradient":""},"tablet":{"background-color":"var(--ast-global-color-5)","background-image":"","background-repeat":"repeat","background-position":"center center","background-size":"auto","background-attachment":"scroll","background-type":"","background-media":"","overlay-type":"","overlay-color":"","overlay-opacity":"","overlay-gradient":""},"mobile":{"background-color":"var(--ast-global-color-5)","background-image":"","background-repeat":"repeat","background-position":"center center","background-size":"auto","background-attachment":"scroll","background-type":"","background-media":"","overlay-type":"","overlay-color":"","overlay-opacity":"","overlay-gradient":""}},"footnotes":""},"categories":[200,202,203,4],"tags":[],"class_list":["post-9261","post","type-post","status-publish","format-standard","has-post-thumbnail","hentry","category-comunitat-de-grans","category-comunitat-de-mitjans","category-comunitat-de-petits","category-portada"],"post_mailing_queue_ids":[],"_links":{"self":[{"href":"https:\/\/agora.xtec.cat\/ceip-mcinto-verdaguer\/wp-json\/wp\/v2\/posts\/9261","targetHints":{"allow":["GET"]}}],"collection":[{"href":"https:\/\/agora.xtec.cat\/ceip-mcinto-verdaguer\/wp-json\/wp\/v2\/posts"}],"about":[{"href":"https:\/\/agora.xtec.cat\/ceip-mcinto-verdaguer\/wp-json\/wp\/v2\/types\/post"}],"author":[{"embeddable":true,"href":"https:\/\/agora.xtec.cat\/ceip-mcinto-verdaguer\/wp-json\/wp\/v2\/users\/1"}],"replies":[{"embeddable":true,"href":"https:\/\/agora.xtec.cat\/ceip-mcinto-verdaguer\/wp-json\/wp\/v2\/comments?post=9261"}],"version-history":[{"count":1,"href":"https:\/\/agora.xtec.cat\/ceip-mcinto-verdaguer\/wp-json\/wp\/v2\/posts\/9261\/revisions"}],"predecessor-version":[{"id":9263,"href":"https:\/\/agora.xtec.cat\/ceip-mcinto-verdaguer\/wp-json\/wp\/v2\/posts\/9261\/revisions\/9263"}],"wp:featuredmedia":[{"embeddable":true,"href":"https:\/\/agora.xtec.cat\/ceip-mcinto-verdaguer\/wp-json\/wp\/v2\/media\/9262"}],"wp:attachment":[{"href":"https:\/\/agora.xtec.cat\/ceip-mcinto-verdaguer\/wp-json\/wp\/v2\/media?parent=9261"}],"wp:term":[{"taxonomy":"category","embeddable":true,"href":"https:\/\/agora.xtec.cat\/ceip-mcinto-verdaguer\/wp-json\/wp\/v2\/categories?post=9261"},{"taxonomy":"post_tag","embeddable":true,"href":"https:\/\/agora.xtec.cat\/ceip-mcinto-verdaguer\/wp-json\/wp\/v2\/tags?post=9261"}],"curies":[{"name":"wp","href":"https:\/\/api.w.org\/{rel}","templated":true}]}}