{"id":9053,"date":"2022-12-18T21:37:18","date_gmt":"2022-12-18T20:37:18","guid":{"rendered":"https:\/\/agora.xtec.cat\/ceip-mcinto-verdaguer\/?p=9053"},"modified":"2022-12-18T21:38:16","modified_gmt":"2022-12-18T20:38:16","slug":"tallers-de-radio-de-1r-i-2n","status":"publish","type":"post","link":"https:\/\/agora.xtec.cat\/ceip-mcinto-verdaguer\/portada\/tallers-de-radio-de-1r-i-2n\/","title":{"rendered":"TALLERS DE R\u00c0DIO DE 1R I 2N"},"content":{"rendered":"<p><a href=\"https:\/\/agora.xtec.cat\/ceip-mcinto-verdaguer\/wp-content\/uploads\/usu657\/2022\/12\/DIBUIX-JULIA-scaled.jpg\"><img loading=\"lazy\" decoding=\"async\" class=\"wp-image-9055 aligncenter\" src=\"https:\/\/agora.xtec.cat\/ceip-mcinto-verdaguer\/wp-content\/uploads\/usu657\/2022\/12\/DIBUIX-JULIA-1024x534.jpg\" alt=\"\" width=\"701\" height=\"366\" srcset=\"https:\/\/agora.xtec.cat\/ceip-mcinto-verdaguer\/wp-content\/uploads\/usu657\/2022\/12\/DIBUIX-JULIA-1024x534.jpg 1024w, https:\/\/agora.xtec.cat\/ceip-mcinto-verdaguer\/wp-content\/uploads\/usu657\/2022\/12\/DIBUIX-JULIA-300x157.jpg 300w, https:\/\/agora.xtec.cat\/ceip-mcinto-verdaguer\/wp-content\/uploads\/usu657\/2022\/12\/DIBUIX-JULIA-768x401.jpg 768w, https:\/\/agora.xtec.cat\/ceip-mcinto-verdaguer\/wp-content\/uploads\/usu657\/2022\/12\/DIBUIX-JULIA-1536x802.jpg 1536w, https:\/\/agora.xtec.cat\/ceip-mcinto-verdaguer\/wp-content\/uploads\/usu657\/2022\/12\/DIBUIX-JULIA-2048x1069.jpg 2048w\" sizes=\"auto, (max-width: 701px) 100vw, 701px\" \/><\/a><\/p>\n<p>&nbsp;<\/p>\n<p>COM CADA CURS, AMB EL FINAL DE TRIMESTRE, ARRIBEN ELS PROGRAMES DE R\u00c0DIO.<\/p>\n<p>A LA COMUNITAT DE MITJANS UN DELS TALLERS DE COMUNICACI\u00d3 QUE ES FA A CADA NIVELL, ES DEDICA A ELABORAR UN PROGRAMA DE R\u00c0DIO.<\/p>\n<p>AQUEST TRIMESTRE ELS PROGRAMES HAN ESTAT ELABORATS PER:<\/p>\n<p>1R: SAMUEL, BRUNO, WILLIAM, SAMAY, AHMED, JIREH, NOOR, JOEL, DYLAN, JAN, KYARA, CAROLINA I DOMINIKA.<\/p>\n<p>2N: AINOHA, KAILEN, MATIAS, SAMY, PRAJNA, J\u00daLIA, MAX, ANTUAN, VICENTE, HUSSAIN I F\u00c0TIMA.<\/p>\n<p>\u00c9S UNA FEINA QUE REQUEREIX MOLT ESFOR\u00c7 PER TAL QUE ELS PROGRAMES QUEDIN INTERESSANTS. AQUEST TRIMESTRE HAN QUEDAT SUPERB\u00c9. A 1R ENS PARLEN DE MOLTES COSES I A 2N, DEL NADAL.<\/p>\n<p>&nbsp;<\/p>\n<p><a href=\"https:\/\/agora.xtec.cat\/ceip-mcinto-verdaguer\/wp-content\/uploads\/usu657\/2022\/12\/foto1r.jpg\"><img loading=\"lazy\" decoding=\"async\" class=\"wp-image-9114 alignleft\" src=\"https:\/\/agora.xtec.cat\/ceip-mcinto-verdaguer\/wp-content\/uploads\/usu657\/2022\/12\/foto1r-782x1024.jpg\" alt=\"\" width=\"217\" height=\"284\" srcset=\"https:\/\/agora.xtec.cat\/ceip-mcinto-verdaguer\/wp-content\/uploads\/usu657\/2022\/12\/foto1r-782x1024.jpg 782w, https:\/\/agora.xtec.cat\/ceip-mcinto-verdaguer\/wp-content\/uploads\/usu657\/2022\/12\/foto1r-229x300.jpg 229w, https:\/\/agora.xtec.cat\/ceip-mcinto-verdaguer\/wp-content\/uploads\/usu657\/2022\/12\/foto1r-768x1006.jpg 768w, https:\/\/agora.xtec.cat\/ceip-mcinto-verdaguer\/wp-content\/uploads\/usu657\/2022\/12\/foto1r-1173x1536.jpg 1173w, https:\/\/agora.xtec.cat\/ceip-mcinto-verdaguer\/wp-content\/uploads\/usu657\/2022\/12\/foto1r.jpg 1239w\" sizes=\"auto, (max-width: 217px) 100vw, 217px\" \/><\/a><a href=\"https:\/\/agora.xtec.cat\/ceip-mcinto-verdaguer\/wp-content\/uploads\/usu657\/2022\/12\/IMG20221214122812-scaled.jpg\"><img loading=\"lazy\" decoding=\"async\" class=\"alignnone wp-image-9054\" src=\"https:\/\/agora.xtec.cat\/ceip-mcinto-verdaguer\/wp-content\/uploads\/usu657\/2022\/12\/IMG20221214122812-1024x578.jpg\" alt=\"\" width=\"244\" height=\"138\" srcset=\"https:\/\/agora.xtec.cat\/ceip-mcinto-verdaguer\/wp-content\/uploads\/usu657\/2022\/12\/IMG20221214122812-1024x578.jpg 1024w, https:\/\/agora.xtec.cat\/ceip-mcinto-verdaguer\/wp-content\/uploads\/usu657\/2022\/12\/IMG20221214122812-300x169.jpg 300w, https:\/\/agora.xtec.cat\/ceip-mcinto-verdaguer\/wp-content\/uploads\/usu657\/2022\/12\/IMG20221214122812-768x433.jpg 768w, https:\/\/agora.xtec.cat\/ceip-mcinto-verdaguer\/wp-content\/uploads\/usu657\/2022\/12\/IMG20221214122812-1536x866.jpg 1536w, https:\/\/agora.xtec.cat\/ceip-mcinto-verdaguer\/wp-content\/uploads\/usu657\/2022\/12\/IMG20221214122812-2048x1155.jpg 2048w\" sizes=\"auto, (max-width: 244px) 100vw, 244px\" \/><\/a><\/p>\n<p>&nbsp;<\/p>\n<p>&nbsp;<\/p>\n<p>&nbsp;<\/p>\n<p>ELS PODEU ESCOLTAR EN AQUESTS ENLLA\u00c7OS.<\/p>\n<p>2n:<\/p>\n<!--[if lt IE 9]><script>document.createElement('audio');<\/script><![endif]-->\n<audio class=\"wp-audio-shortcode\" id=\"audio-9053-1\" preload=\"none\" style=\"width: 100%;\" controls=\"controls\"><source type=\"audio\/mpeg\" src=\"https:\/\/www.ivoox.com\/programa-2n-desembre-2022_md_100047149_wp_1.mp3?_=1\" \/><a href=\"https:\/\/www.ivoox.com\/programa-2n-desembre-2022_md_100047149_wp_1.mp3\">https:\/\/www.ivoox.com\/programa-2n-desembre-2022_md_100047149_wp_1.mp3<\/a><\/audio>\n<p>1r:<\/p>\n<audio class=\"wp-audio-shortcode\" id=\"audio-9053-2\" preload=\"none\" style=\"width: 100%;\" controls=\"controls\"><source type=\"audio\/mpeg\" src=\"https:\/\/www.ivoox.com\/programa-pimer-desembre-2022_md_100047198_wp_1.mp3?_=2\" \/><a href=\"https:\/\/www.ivoox.com\/programa-pimer-desembre-2022_md_100047198_wp_1.mp3\">https:\/\/www.ivoox.com\/programa-pimer-desembre-2022_md_100047198_wp_1.mp3<\/a><\/audio>\n","protected":false},"excerpt":{"rendered":"<p>&nbsp; COM CADA CURS, AMB EL FINAL DE TRIMESTRE, ARRIBEN ELS PROGRAMES DE R\u00c0DIO. A LA COMUNITAT DE MITJANS UN DELS TALLERS DE COMUNICACI\u00d3 QUE ES FA A CADA NIVELL, ES DEDICA A ELABORAR UN PROGRAMA DE R\u00c0DIO. AQUEST TRIMESTRE ELS PROGRAMES HAN ESTAT ELABORATS PER: 1R: SAMUEL, BRUNO, WILLIAM, SAMAY, AHMED, JIREH, NOOR, JOEL, [&hellip;]<\/p>\n","protected":false},"author":16,"featured_media":9055,"comment_status":"open","ping_status":"closed","sticky":false,"template":"","format":"standard","meta":{"_bbp_topic_count":0,"_bbp_reply_count":0,"_bbp_total_topic_count":0,"_bbp_total_reply_count":0,"_bbp_voice_count":0,"_bbp_anonymous_reply_count":0,"_bbp_topic_count_hidden":0,"_bbp_reply_count_hidden":0,"_bbp_forum_subforum_count":0,"site-sidebar-layout":"default","site-content-layout":"","ast-site-content-layout":"","site-content-style":"default","site-sidebar-style":"default","ast-global-header-display":"","ast-banner-title-visibility":"","ast-main-header-display":"","ast-hfb-above-header-display":"","ast-hfb-below-header-display":"","ast-hfb-mobile-header-display":"","site-post-title":"","ast-breadcrumbs-content":"","ast-featured-img":"","footer-sml-layout":"","theme-transparent-header-meta":"","adv-header-id-meta":"","stick-header-meta":"","header-above-stick-meta":"","header-main-stick-meta":"","header-below-stick-meta":"","astra-migrate-meta-layouts":"default","ast-page-background-enabled":"default","ast-page-background-meta":{"desktop":{"background-color":"var(--ast-global-color-4)","background-image":"","background-repeat":"repeat","background-position":"center center","background-size":"auto","background-attachment":"scroll","background-type":"","background-media":"","overlay-type":"","overlay-color":"","overlay-opacity":"","overlay-gradient":""},"tablet":{"background-color":"","background-image":"","background-repeat":"repeat","background-position":"center center","background-size":"auto","background-attachment":"scroll","background-type":"","background-media":"","overlay-type":"","overlay-color":"","overlay-opacity":"","overlay-gradient":""},"mobile":{"background-color":"","background-image":"","background-repeat":"repeat","background-position":"center center","background-size":"auto","background-attachment":"scroll","background-type":"","background-media":"","overlay-type":"","overlay-color":"","overlay-opacity":"","overlay-gradient":""}},"ast-content-background-meta":{"desktop":{"background-color":"var(--ast-global-color-5)","background-image":"","background-repeat":"repeat","background-position":"center center","background-size":"auto","background-attachment":"scroll","background-type":"","background-media":"","overlay-type":"","overlay-color":"","overlay-opacity":"","overlay-gradient":""},"tablet":{"background-color":"var(--ast-global-color-5)","background-image":"","background-repeat":"repeat","background-position":"center center","background-size":"auto","background-attachment":"scroll","background-type":"","background-media":"","overlay-type":"","overlay-color":"","overlay-opacity":"","overlay-gradient":""},"mobile":{"background-color":"var(--ast-global-color-5)","background-image":"","background-repeat":"repeat","background-position":"center center","background-size":"auto","background-attachment":"scroll","background-type":"","background-media":"","overlay-type":"","overlay-color":"","overlay-opacity":"","overlay-gradient":""}},"footnotes":""},"categories":[144,202,4,5],"tags":[107,204,169],"class_list":["post-9053","post","type-post","status-publish","format-standard","has-post-thumbnail","hentry","category-radio","category-comunitat-de-mitjans","category-portada","category-primaria","tag-activitats","tag-comunitat-de-mitjans","tag-tallers-comunicacio"],"post_mailing_queue_ids":[],"_links":{"self":[{"href":"https:\/\/agora.xtec.cat\/ceip-mcinto-verdaguer\/wp-json\/wp\/v2\/posts\/9053","targetHints":{"allow":["GET"]}}],"collection":[{"href":"https:\/\/agora.xtec.cat\/ceip-mcinto-verdaguer\/wp-json\/wp\/v2\/posts"}],"about":[{"href":"https:\/\/agora.xtec.cat\/ceip-mcinto-verdaguer\/wp-json\/wp\/v2\/types\/post"}],"author":[{"embeddable":true,"href":"https:\/\/agora.xtec.cat\/ceip-mcinto-verdaguer\/wp-json\/wp\/v2\/users\/16"}],"replies":[{"embeddable":true,"href":"https:\/\/agora.xtec.cat\/ceip-mcinto-verdaguer\/wp-json\/wp\/v2\/comments?post=9053"}],"version-history":[{"count":3,"href":"https:\/\/agora.xtec.cat\/ceip-mcinto-verdaguer\/wp-json\/wp\/v2\/posts\/9053\/revisions"}],"predecessor-version":[{"id":9122,"href":"https:\/\/agora.xtec.cat\/ceip-mcinto-verdaguer\/wp-json\/wp\/v2\/posts\/9053\/revisions\/9122"}],"wp:featuredmedia":[{"embeddable":true,"href":"https:\/\/agora.xtec.cat\/ceip-mcinto-verdaguer\/wp-json\/wp\/v2\/media\/9055"}],"wp:attachment":[{"href":"https:\/\/agora.xtec.cat\/ceip-mcinto-verdaguer\/wp-json\/wp\/v2\/media?parent=9053"}],"wp:term":[{"taxonomy":"category","embeddable":true,"href":"https:\/\/agora.xtec.cat\/ceip-mcinto-verdaguer\/wp-json\/wp\/v2\/categories?post=9053"},{"taxonomy":"post_tag","embeddable":true,"href":"https:\/\/agora.xtec.cat\/ceip-mcinto-verdaguer\/wp-json\/wp\/v2\/tags?post=9053"}],"curies":[{"name":"wp","href":"https:\/\/api.w.org\/{rel}","templated":true}]}}