{"id":5491,"date":"2019-05-29T09:20:21","date_gmt":"2019-05-29T07:20:21","guid":{"rendered":"http:\/\/agora.xtec.cat\/ceip-mcinto-verdaguer\/?p=5491"},"modified":"2019-11-26T19:30:15","modified_gmt":"2019-11-26T18:30:15","slug":"un-piano-de-cua-al-pati","status":"publish","type":"post","link":"https:\/\/agora.xtec.cat\/ceip-mcinto-verdaguer\/general\/un-piano-de-cua-al-pati\/","title":{"rendered":"Veniu a tocar el piano de cua del pati fins divendres  27 de maig!"},"content":{"rendered":"<p><span class=\"mce\">L&#8217;<\/span><strong class=\"mce\">OFF Concurs Maria Canals<\/strong><span class=\"mce\">, el programa educatiu del Concurs Maria Canals, <strong class=\"mce\">engega per tercer any consecutiu el projecte &#8216;Piano als patis&#8217;\u00a0<\/strong>en col\u00b7laboraci\u00f3 amb l&#8217;<\/span>Obra Social La Caixa<span class=\"mce\">\u00a0en el marc de la l\u00ednia d&#8217;actuaci\u00f3\u00a0<\/span><strong class=\"mce\">El Maria Canals Educa<\/strong><span class=\"mce\">. <\/span><\/p>\n<p><span class=\"mce\">\u00c9s una iniciativa que consisteix en proveir escoles de prim\u00e0ria d&#8217;un piano de cua durant una setmana i oferir sessions d&#8217;iniciaci\u00f3 per incentivar la creativitat entre els nens i nenes de P3 a 6\u00e8. D&#8217;aquesta manera s&#8217;estimula la curiositat per l&#8217;instrument i la m\u00fasica en general i es posa un gra de sorra m\u00e9s per trencar l&#8217;estereotip que el piano -i m\u00e9s el de cua- \u00e9s elitista.<\/span><\/p>\n<p><span class=\"mce\">Durant tota aquesta setmana podrem gaudir d&#8217;un piano de cua instal\u00b7lat al pati de l&#8217;escola. S&#8217;han organitzat diferents activitats que permetran que tots els qui passem per l&#8217;escola puguem gaudir de tocar una estona. No en saps? No passa res, tot es comen\u00e7ar! <\/span><\/p>\n<p><span class=\"mce\">Consulteu els horaris amb els torns i activitats. Podeu venir a tocar-lo a les estones lliures!<br \/>\n<\/span><\/p>\n<p><span class=\"mce\">A tocar!!!\u00a0<\/span><\/p>\n<p><a href=\"https:\/\/agora.xtec.cat\/ceip-mcinto-verdaguer\/wp-content\/uploads\/usu657\/2019\/05\/Mahi.png\"><img loading=\"lazy\" decoding=\"async\" class=\"alignright size-full wp-image-5504\" src=\"https:\/\/agora.xtec.cat\/ceip-mcinto-verdaguer\/wp-content\/uploads\/usu657\/2019\/05\/Mahi.png\" alt=\"\" width=\"838\" height=\"642\" srcset=\"https:\/\/agora.xtec.cat\/ceip-mcinto-verdaguer\/wp-content\/uploads\/usu657\/2019\/05\/Mahi.png 838w, https:\/\/agora.xtec.cat\/ceip-mcinto-verdaguer\/wp-content\/uploads\/usu657\/2019\/05\/Mahi-300x230.png 300w, https:\/\/agora.xtec.cat\/ceip-mcinto-verdaguer\/wp-content\/uploads\/usu657\/2019\/05\/Mahi-768x588.png 768w\" sizes=\"auto, (max-width: 838px) 100vw, 838px\" \/><\/a> <a href=\"https:\/\/agora.xtec.cat\/ceip-mcinto-verdaguer\/wp-content\/uploads\/usu657\/2019\/05\/IMG-20190528-WA0041-e1559114384729.jpg\"><img loading=\"lazy\" decoding=\"async\" class=\"alignright size-full wp-image-5498\" src=\"https:\/\/agora.xtec.cat\/ceip-mcinto-verdaguer\/wp-content\/uploads\/usu657\/2019\/05\/IMG-20190528-WA0041-e1559114384729.jpg\" alt=\"\" width=\"800\" height=\"600\" \/><\/a> <a href=\"https:\/\/agora.xtec.cat\/ceip-mcinto-verdaguer\/wp-content\/uploads\/usu657\/2019\/05\/IMG-20190527-WA0073.jpg\"><img loading=\"lazy\" decoding=\"async\" class=\"alignright size-full wp-image-5497\" src=\"https:\/\/agora.xtec.cat\/ceip-mcinto-verdaguer\/wp-content\/uploads\/usu657\/2019\/05\/IMG-20190527-WA0073.jpg\" alt=\"\" width=\"777\" height=\"1600\" srcset=\"https:\/\/agora.xtec.cat\/ceip-mcinto-verdaguer\/wp-content\/uploads\/usu657\/2019\/05\/IMG-20190527-WA0073.jpg 777w, https:\/\/agora.xtec.cat\/ceip-mcinto-verdaguer\/wp-content\/uploads\/usu657\/2019\/05\/IMG-20190527-WA0073-146x300.jpg 146w, https:\/\/agora.xtec.cat\/ceip-mcinto-verdaguer\/wp-content\/uploads\/usu657\/2019\/05\/IMG-20190527-WA0073-768x1581.jpg 768w, https:\/\/agora.xtec.cat\/ceip-mcinto-verdaguer\/wp-content\/uploads\/usu657\/2019\/05\/IMG-20190527-WA0073-497x1024.jpg 497w\" sizes=\"auto, (max-width: 777px) 100vw, 777px\" \/><\/a> <a href=\"https:\/\/agora.xtec.cat\/ceip-mcinto-verdaguer\/wp-content\/uploads\/usu657\/2019\/05\/IMG-20190527-WA0025.jpg\"><img loading=\"lazy\" decoding=\"async\" class=\"alignright size-full wp-image-5496\" src=\"https:\/\/agora.xtec.cat\/ceip-mcinto-verdaguer\/wp-content\/uploads\/usu657\/2019\/05\/IMG-20190527-WA0025.jpg\" alt=\"\" width=\"1200\" height=\"1600\" srcset=\"https:\/\/agora.xtec.cat\/ceip-mcinto-verdaguer\/wp-content\/uploads\/usu657\/2019\/05\/IMG-20190527-WA0025.jpg 1200w, https:\/\/agora.xtec.cat\/ceip-mcinto-verdaguer\/wp-content\/uploads\/usu657\/2019\/05\/IMG-20190527-WA0025-225x300.jpg 225w, https:\/\/agora.xtec.cat\/ceip-mcinto-verdaguer\/wp-content\/uploads\/usu657\/2019\/05\/IMG-20190527-WA0025-768x1024.jpg 768w\" sizes=\"auto, (max-width: 1200px) 100vw, 1200px\" \/><\/a> <a href=\"https:\/\/agora.xtec.cat\/ceip-mcinto-verdaguer\/wp-content\/uploads\/usu657\/2019\/05\/piano-al-pati-horaris.png\"><img loading=\"lazy\" decoding=\"async\" class=\"alignright size-full wp-image-5495\" src=\"https:\/\/agora.xtec.cat\/ceip-mcinto-verdaguer\/wp-content\/uploads\/usu657\/2019\/05\/piano-al-pati-horaris.png\" alt=\"\" width=\"1533\" height=\"738\" srcset=\"https:\/\/agora.xtec.cat\/ceip-mcinto-verdaguer\/wp-content\/uploads\/usu657\/2019\/05\/piano-al-pati-horaris.png 1533w, https:\/\/agora.xtec.cat\/ceip-mcinto-verdaguer\/wp-content\/uploads\/usu657\/2019\/05\/piano-al-pati-horaris-300x144.png 300w, https:\/\/agora.xtec.cat\/ceip-mcinto-verdaguer\/wp-content\/uploads\/usu657\/2019\/05\/piano-al-pati-horaris-768x370.png 768w, https:\/\/agora.xtec.cat\/ceip-mcinto-verdaguer\/wp-content\/uploads\/usu657\/2019\/05\/piano-al-pati-horaris-1024x493.png 1024w\" sizes=\"auto, (max-width: 1533px) 100vw, 1533px\" \/><\/a><\/p>\n<p>&nbsp;<\/p>\n<p>&nbsp;<\/p>\n<p>&nbsp;<\/p>\n<p>&nbsp;<\/p>\n<p>&nbsp;<\/p>\n<p>&nbsp;<\/p>\n<p>&nbsp;<\/p>\n<p>&nbsp;<\/p>\n<p>&nbsp;<\/p>\n<p>&nbsp;<\/p>\n<p>&nbsp;<\/p>\n<p>&nbsp;<\/p>\n<p>&nbsp;<\/p>\n<p>&nbsp;<\/p>\n<p>&nbsp;<\/p>\n<p>&nbsp;<\/p>\n","protected":false},"excerpt":{"rendered":"<p>L&#8217;OFF Concurs Maria Canals, el programa educatiu del Concurs Maria Canals, engega per tercer any consecutiu el projecte &#8216;Piano als patis&#8217;\u00a0en col\u00b7laboraci\u00f3 amb l&#8217;Obra Social La Caixa\u00a0en el marc de la l\u00ednia d&#8217;actuaci\u00f3\u00a0El Maria Canals Educa. \u00c9s una iniciativa que consisteix en proveir escoles de prim\u00e0ria d&#8217;un piano de cua durant una setmana i oferir [&hellip;]<\/p>\n","protected":false},"author":11,"featured_media":5497,"comment_status":"open","ping_status":"closed","sticky":false,"template":"","format":"standard","meta":{"_bbp_topic_count":0,"_bbp_reply_count":0,"_bbp_total_topic_count":0,"_bbp_total_reply_count":0,"_bbp_voice_count":0,"_bbp_anonymous_reply_count":0,"_bbp_topic_count_hidden":0,"_bbp_reply_count_hidden":0,"_bbp_forum_subforum_count":0,"site-sidebar-layout":"default","site-content-layout":"","ast-site-content-layout":"","site-content-style":"default","site-sidebar-style":"default","ast-global-header-display":"","ast-banner-title-visibility":"","ast-main-header-display":"","ast-hfb-above-header-display":"","ast-hfb-below-header-display":"","ast-hfb-mobile-header-display":"","site-post-title":"","ast-breadcrumbs-content":"","ast-featured-img":"","footer-sml-layout":"","theme-transparent-header-meta":"","adv-header-id-meta":"","stick-header-meta":"","header-above-stick-meta":"","header-main-stick-meta":"","header-below-stick-meta":"","astra-migrate-meta-layouts":"default","ast-page-background-enabled":"default","ast-page-background-meta":{"desktop":{"background-color":"var(--ast-global-color-4)","background-image":"","background-repeat":"repeat","background-position":"center center","background-size":"auto","background-attachment":"scroll","background-type":"","background-media":"","overlay-type":"","overlay-color":"","overlay-opacity":"","overlay-gradient":""},"tablet":{"background-color":"","background-image":"","background-repeat":"repeat","background-position":"center center","background-size":"auto","background-attachment":"scroll","background-type":"","background-media":"","overlay-type":"","overlay-color":"","overlay-opacity":"","overlay-gradient":""},"mobile":{"background-color":"","background-image":"","background-repeat":"repeat","background-position":"center center","background-size":"auto","background-attachment":"scroll","background-type":"","background-media":"","overlay-type":"","overlay-color":"","overlay-opacity":"","overlay-gradient":""}},"ast-content-background-meta":{"desktop":{"background-color":"var(--ast-global-color-5)","background-image":"","background-repeat":"repeat","background-position":"center center","background-size":"auto","background-attachment":"scroll","background-type":"","background-media":"","overlay-type":"","overlay-color":"","overlay-opacity":"","overlay-gradient":""},"tablet":{"background-color":"var(--ast-global-color-5)","background-image":"","background-repeat":"repeat","background-position":"center center","background-size":"auto","background-attachment":"scroll","background-type":"","background-media":"","overlay-type":"","overlay-color":"","overlay-opacity":"","overlay-gradient":""},"mobile":{"background-color":"var(--ast-global-color-5)","background-image":"","background-repeat":"repeat","background-position":"center center","background-size":"auto","background-attachment":"scroll","background-type":"","background-media":"","overlay-type":"","overlay-color":"","overlay-opacity":"","overlay-gradient":""}},"footnotes":""},"categories":[1,2,4,5,23,22],"tags":[147,90],"class_list":["post-5491","post","type-post","status-publish","format-standard","has-post-thumbnail","hentry","category-general","category-infantil","category-portada","category-primaria","category-projecte-tandem","category-projectes","tag-escola","tag-musica"],"post_mailing_queue_ids":[],"_links":{"self":[{"href":"https:\/\/agora.xtec.cat\/ceip-mcinto-verdaguer\/wp-json\/wp\/v2\/posts\/5491","targetHints":{"allow":["GET"]}}],"collection":[{"href":"https:\/\/agora.xtec.cat\/ceip-mcinto-verdaguer\/wp-json\/wp\/v2\/posts"}],"about":[{"href":"https:\/\/agora.xtec.cat\/ceip-mcinto-verdaguer\/wp-json\/wp\/v2\/types\/post"}],"author":[{"embeddable":true,"href":"https:\/\/agora.xtec.cat\/ceip-mcinto-verdaguer\/wp-json\/wp\/v2\/users\/11"}],"replies":[{"embeddable":true,"href":"https:\/\/agora.xtec.cat\/ceip-mcinto-verdaguer\/wp-json\/wp\/v2\/comments?post=5491"}],"version-history":[{"count":3,"href":"https:\/\/agora.xtec.cat\/ceip-mcinto-verdaguer\/wp-json\/wp\/v2\/posts\/5491\/revisions"}],"predecessor-version":[{"id":5521,"href":"https:\/\/agora.xtec.cat\/ceip-mcinto-verdaguer\/wp-json\/wp\/v2\/posts\/5491\/revisions\/5521"}],"wp:featuredmedia":[{"embeddable":true,"href":"https:\/\/agora.xtec.cat\/ceip-mcinto-verdaguer\/wp-json\/wp\/v2\/media\/5497"}],"wp:attachment":[{"href":"https:\/\/agora.xtec.cat\/ceip-mcinto-verdaguer\/wp-json\/wp\/v2\/media?parent=5491"}],"wp:term":[{"taxonomy":"category","embeddable":true,"href":"https:\/\/agora.xtec.cat\/ceip-mcinto-verdaguer\/wp-json\/wp\/v2\/categories?post=5491"},{"taxonomy":"post_tag","embeddable":true,"href":"https:\/\/agora.xtec.cat\/ceip-mcinto-verdaguer\/wp-json\/wp\/v2\/tags?post=5491"}],"curies":[{"name":"wp","href":"https:\/\/api.w.org\/{rel}","templated":true}]}}