{"id":499,"date":"2015-05-20T11:10:41","date_gmt":"2015-05-20T10:10:41","guid":{"rendered":"http:\/\/agora.xtec.cat\/ceip-mcinto-verdaguer\/?p=499"},"modified":"2015-05-21T10:53:19","modified_gmt":"2015-05-21T09:53:19","slug":"lhort-del-garden-bordas-de-gava","status":"publish","type":"post","link":"https:\/\/agora.xtec.cat\/ceip-mcinto-verdaguer\/portada\/lhort-del-garden-bordas-de-gava\/","title":{"rendered":"L&#8217;hort del Garden Bordas de Gav\u00e0"},"content":{"rendered":"<p>Els nens i nenes de tercer vam anar d&#8217;excursi\u00f3 al Garden Bordas de Gav\u00e0 el passat dijous 16 d&#8217;abril. All\u00e0 ens van explicar com transplantar\u00a0les plantes i vam poder\u00a0experimentar amb ellas. A m\u00e9s ens vam endur un bon regalet fet per nosaltres!<\/p>\n<p>Aqu\u00ed us deixem l&#8217;enlla\u00e7 per poder veure el que vam fer ja que hi havia la TV3 i el 24 de maig vam sortir per televisi\u00f3 al programa Espai Terra. Esperem que us agradi!<\/p>\n<p>Sortim al minut 10 i al minut 15.<\/p>\n<p><a href=\"http:\/\/www.ccma.cat\/tv3\/alacarta\/espai-terra\/espai-terra-divendres-24-dabril\/video\/5510652\/#\">http:\/\/www.ccma.cat\/tv3\/alacarta\/espai-terra\/espai-terra-divendres-24-dabril\/video\/5510652\/#<\/a><\/p>\n<p><a href=\"http:\/\/agora.xtec.cat\/ceip-mcinto-verdaguer\/wp-content\/uploads\/usu657\/2015\/05\/visita-f\u00e0brica-Cacaolat-140.jpg\"><img loading=\"lazy\" decoding=\"async\" class=\"alignnone size-medium wp-image-505\" src=\"http:\/\/agora.xtec.cat\/ceip-mcinto-verdaguer\/wp-content\/uploads\/usu657\/2015\/05\/visita-f\u00e0brica-Cacaolat-140-300x225.jpg\" alt=\"visita f\u00e0brica Cacaolat 140\" width=\"300\" height=\"225\" srcset=\"https:\/\/agora.xtec.cat\/ceip-mcinto-verdaguer\/wp-content\/uploads\/usu657\/2015\/05\/visita-f\u00e0brica-Cacaolat-140-300x225.jpg 300w, https:\/\/agora.xtec.cat\/ceip-mcinto-verdaguer\/wp-content\/uploads\/usu657\/2015\/05\/visita-f\u00e0brica-Cacaolat-140-1024x768.jpg 1024w, https:\/\/agora.xtec.cat\/ceip-mcinto-verdaguer\/wp-content\/uploads\/usu657\/2015\/05\/visita-f\u00e0brica-Cacaolat-140-200x150.jpg 200w\" sizes=\"auto, (max-width: 300px) 100vw, 300px\" \/><\/a> <a href=\"http:\/\/agora.xtec.cat\/ceip-mcinto-verdaguer\/wp-content\/uploads\/usu657\/2015\/05\/visita-f\u00e0brica-Cacaolat-139.jpg\"><img loading=\"lazy\" decoding=\"async\" class=\"alignnone size-medium wp-image-504\" src=\"http:\/\/agora.xtec.cat\/ceip-mcinto-verdaguer\/wp-content\/uploads\/usu657\/2015\/05\/visita-f\u00e0brica-Cacaolat-139-300x225.jpg\" alt=\"visita f\u00e0brica Cacaolat 139\" width=\"300\" height=\"225\" srcset=\"https:\/\/agora.xtec.cat\/ceip-mcinto-verdaguer\/wp-content\/uploads\/usu657\/2015\/05\/visita-f\u00e0brica-Cacaolat-139-300x225.jpg 300w, https:\/\/agora.xtec.cat\/ceip-mcinto-verdaguer\/wp-content\/uploads\/usu657\/2015\/05\/visita-f\u00e0brica-Cacaolat-139-1024x768.jpg 1024w, https:\/\/agora.xtec.cat\/ceip-mcinto-verdaguer\/wp-content\/uploads\/usu657\/2015\/05\/visita-f\u00e0brica-Cacaolat-139-200x150.jpg 200w\" sizes=\"auto, (max-width: 300px) 100vw, 300px\" \/><\/a> <a href=\"http:\/\/agora.xtec.cat\/ceip-mcinto-verdaguer\/wp-content\/uploads\/usu657\/2015\/05\/visita-f\u00e0brica-Cacaolat-148.jpg\"><img loading=\"lazy\" decoding=\"async\" class=\"alignnone size-medium wp-image-503\" src=\"http:\/\/agora.xtec.cat\/ceip-mcinto-verdaguer\/wp-content\/uploads\/usu657\/2015\/05\/visita-f\u00e0brica-Cacaolat-148-300x225.jpg\" alt=\"visita f\u00e0brica Cacaolat 148\" width=\"300\" height=\"225\" srcset=\"https:\/\/agora.xtec.cat\/ceip-mcinto-verdaguer\/wp-content\/uploads\/usu657\/2015\/05\/visita-f\u00e0brica-Cacaolat-148-300x225.jpg 300w, https:\/\/agora.xtec.cat\/ceip-mcinto-verdaguer\/wp-content\/uploads\/usu657\/2015\/05\/visita-f\u00e0brica-Cacaolat-148-1024x768.jpg 1024w, https:\/\/agora.xtec.cat\/ceip-mcinto-verdaguer\/wp-content\/uploads\/usu657\/2015\/05\/visita-f\u00e0brica-Cacaolat-148-200x150.jpg 200w\" sizes=\"auto, (max-width: 300px) 100vw, 300px\" \/><\/a><\/p>\n<p>&nbsp;<\/p>\n","protected":false},"excerpt":{"rendered":"<p>Els nens i nenes de tercer vam anar d&#8217;excursi\u00f3 al Garden Bordas de Gav\u00e0 el passat dijous 16 d&#8217;abril. All\u00e0 ens van explicar com transplantar\u00a0les plantes i vam poder\u00a0experimentar amb ellas. A m\u00e9s ens vam endur un bon regalet fet per nosaltres! Aqu\u00ed us deixem l&#8217;enlla\u00e7 per poder veure el que vam fer ja que [&hellip;]<\/p>\n","protected":false},"author":8,"featured_media":502,"comment_status":"open","ping_status":"open","sticky":false,"template":"","format":"standard","meta":{"_bbp_topic_count":0,"_bbp_reply_count":0,"_bbp_total_topic_count":0,"_bbp_total_reply_count":0,"_bbp_voice_count":0,"_bbp_anonymous_reply_count":0,"_bbp_topic_count_hidden":0,"_bbp_reply_count_hidden":0,"_bbp_forum_subforum_count":0,"site-sidebar-layout":"default","site-content-layout":"","ast-site-content-layout":"","site-content-style":"default","site-sidebar-style":"default","ast-global-header-display":"","ast-banner-title-visibility":"","ast-main-header-display":"","ast-hfb-above-header-display":"","ast-hfb-below-header-display":"","ast-hfb-mobile-header-display":"","site-post-title":"","ast-breadcrumbs-content":"","ast-featured-img":"","footer-sml-layout":"","theme-transparent-header-meta":"","adv-header-id-meta":"","stick-header-meta":"","header-above-stick-meta":"","header-main-stick-meta":"","header-below-stick-meta":"","astra-migrate-meta-layouts":"default","ast-page-background-enabled":"default","ast-page-background-meta":{"desktop":{"background-color":"var(--ast-global-color-4)","background-image":"","background-repeat":"repeat","background-position":"center center","background-size":"auto","background-attachment":"scroll","background-type":"","background-media":"","overlay-type":"","overlay-color":"","overlay-opacity":"","overlay-gradient":""},"tablet":{"background-color":"","background-image":"","background-repeat":"repeat","background-position":"center center","background-size":"auto","background-attachment":"scroll","background-type":"","background-media":"","overlay-type":"","overlay-color":"","overlay-opacity":"","overlay-gradient":""},"mobile":{"background-color":"","background-image":"","background-repeat":"repeat","background-position":"center center","background-size":"auto","background-attachment":"scroll","background-type":"","background-media":"","overlay-type":"","overlay-color":"","overlay-opacity":"","overlay-gradient":""}},"ast-content-background-meta":{"desktop":{"background-color":"var(--ast-global-color-5)","background-image":"","background-repeat":"repeat","background-position":"center center","background-size":"auto","background-attachment":"scroll","background-type":"","background-media":"","overlay-type":"","overlay-color":"","overlay-opacity":"","overlay-gradient":""},"tablet":{"background-color":"var(--ast-global-color-5)","background-image":"","background-repeat":"repeat","background-position":"center center","background-size":"auto","background-attachment":"scroll","background-type":"","background-media":"","overlay-type":"","overlay-color":"","overlay-opacity":"","overlay-gradient":""},"mobile":{"background-color":"var(--ast-global-color-5)","background-image":"","background-repeat":"repeat","background-position":"center center","background-size":"auto","background-attachment":"scroll","background-type":"","background-media":"","overlay-type":"","overlay-color":"","overlay-opacity":"","overlay-gradient":""}},"footnotes":""},"categories":[25,12,4],"tags":[],"class_list":["post-499","post","type-post","status-publish","format-standard","has-post-thumbnail","hentry","category-agenda-21","category-cicle_mitja","category-portada"],"post_mailing_queue_ids":[],"_links":{"self":[{"href":"https:\/\/agora.xtec.cat\/ceip-mcinto-verdaguer\/wp-json\/wp\/v2\/posts\/499","targetHints":{"allow":["GET"]}}],"collection":[{"href":"https:\/\/agora.xtec.cat\/ceip-mcinto-verdaguer\/wp-json\/wp\/v2\/posts"}],"about":[{"href":"https:\/\/agora.xtec.cat\/ceip-mcinto-verdaguer\/wp-json\/wp\/v2\/types\/post"}],"author":[{"embeddable":true,"href":"https:\/\/agora.xtec.cat\/ceip-mcinto-verdaguer\/wp-json\/wp\/v2\/users\/8"}],"replies":[{"embeddable":true,"href":"https:\/\/agora.xtec.cat\/ceip-mcinto-verdaguer\/wp-json\/wp\/v2\/comments?post=499"}],"version-history":[{"count":3,"href":"https:\/\/agora.xtec.cat\/ceip-mcinto-verdaguer\/wp-json\/wp\/v2\/posts\/499\/revisions"}],"predecessor-version":[{"id":508,"href":"https:\/\/agora.xtec.cat\/ceip-mcinto-verdaguer\/wp-json\/wp\/v2\/posts\/499\/revisions\/508"}],"wp:featuredmedia":[{"embeddable":true,"href":"https:\/\/agora.xtec.cat\/ceip-mcinto-verdaguer\/wp-json\/wp\/v2\/media\/502"}],"wp:attachment":[{"href":"https:\/\/agora.xtec.cat\/ceip-mcinto-verdaguer\/wp-json\/wp\/v2\/media?parent=499"}],"wp:term":[{"taxonomy":"category","embeddable":true,"href":"https:\/\/agora.xtec.cat\/ceip-mcinto-verdaguer\/wp-json\/wp\/v2\/categories?post=499"},{"taxonomy":"post_tag","embeddable":true,"href":"https:\/\/agora.xtec.cat\/ceip-mcinto-verdaguer\/wp-json\/wp\/v2\/tags?post=499"}],"curies":[{"name":"wp","href":"https:\/\/api.w.org\/{rel}","templated":true}]}}