{"id":4696,"date":"2018-06-06T18:08:55","date_gmt":"2018-06-06T16:08:55","guid":{"rendered":"http:\/\/agora.xtec.cat\/ceip-mcinto-verdaguer\/?p=4696"},"modified":"2018-12-28T12:18:19","modified_gmt":"2018-12-28T11:18:19","slug":"bibliomaletes-i-exposicions-a-lescola","status":"publish","type":"post","link":"https:\/\/agora.xtec.cat\/ceip-mcinto-verdaguer\/projectes\/biblioteca\/bibliomaletes-i-exposicions-a-lescola\/","title":{"rendered":"Bibliomaletes i exposicions a l&#8217;escola"},"content":{"rendered":"<p>Al llarg del curs tamb\u00e9 hem pogut gaudir dels llibres exposats a partir de les bibliomaletes de diferents tem\u00e0tiques que ens ha ofert el CRP de Sants-Montjuic. La de poesia ens va convidar a fer cal\u00b7ligrames, la de Bot\u00e0nica ens va portar llibres amb belles imatges i molta informaci\u00f3 i la de Gats, gossos, llops i ossos ens va fer passar molt bones estones amb contes i hist\u00f2ries dels nostres personatges preferits.<\/p>\n<p><a href=\"http:\/\/agora.xtec.cat\/ceip-mcinto-verdaguer\/wp-content\/uploads\/usu657\/2018\/06\/maleta-poesia.jpg\"><img loading=\"lazy\" decoding=\"async\" class=\"alignleft wp-image-4697 size-medium\" src=\"http:\/\/agora.xtec.cat\/ceip-mcinto-verdaguer\/wp-content\/uploads\/usu657\/2018\/06\/maleta-poesia-300x225.jpg\" alt=\"\" width=\"300\" height=\"225\" srcset=\"https:\/\/agora.xtec.cat\/ceip-mcinto-verdaguer\/wp-content\/uploads\/usu657\/2018\/06\/maleta-poesia-300x225.jpg 300w, https:\/\/agora.xtec.cat\/ceip-mcinto-verdaguer\/wp-content\/uploads\/usu657\/2018\/06\/maleta-poesia-200x150.jpg 200w, https:\/\/agora.xtec.cat\/ceip-mcinto-verdaguer\/wp-content\/uploads\/usu657\/2018\/06\/maleta-poesia.jpg 633w\" sizes=\"auto, (max-width: 300px) 100vw, 300px\" \/><\/a><a href=\"http:\/\/agora.xtec.cat\/ceip-mcinto-verdaguer\/wp-content\/uploads\/usu657\/2018\/06\/maleta-botanica.jpg\"><img loading=\"lazy\" decoding=\"async\" class=\"alignright wp-image-4699 size-medium\" src=\"http:\/\/agora.xtec.cat\/ceip-mcinto-verdaguer\/wp-content\/uploads\/usu657\/2018\/06\/maleta-botanica-300x225.jpg\" alt=\"\" width=\"300\" height=\"225\" srcset=\"https:\/\/agora.xtec.cat\/ceip-mcinto-verdaguer\/wp-content\/uploads\/usu657\/2018\/06\/maleta-botanica-300x225.jpg 300w, https:\/\/agora.xtec.cat\/ceip-mcinto-verdaguer\/wp-content\/uploads\/usu657\/2018\/06\/maleta-botanica-768x576.jpg 768w, https:\/\/agora.xtec.cat\/ceip-mcinto-verdaguer\/wp-content\/uploads\/usu657\/2018\/06\/maleta-botanica-200x150.jpg 200w, https:\/\/agora.xtec.cat\/ceip-mcinto-verdaguer\/wp-content\/uploads\/usu657\/2018\/06\/maleta-botanica.jpg 774w\" sizes=\"auto, (max-width: 300px) 100vw, 300px\" \/><\/a><\/p>\n<p><a href=\"http:\/\/agora.xtec.cat\/ceip-mcinto-verdaguer\/wp-content\/uploads\/usu657\/2018\/06\/maleta-llops.jpg\"><img loading=\"lazy\" decoding=\"async\" class=\"aligncenter wp-image-4698 size-medium\" src=\"http:\/\/agora.xtec.cat\/ceip-mcinto-verdaguer\/wp-content\/uploads\/usu657\/2018\/06\/maleta-llops-300x300.jpg\" alt=\"\" width=\"300\" height=\"300\" srcset=\"https:\/\/agora.xtec.cat\/ceip-mcinto-verdaguer\/wp-content\/uploads\/usu657\/2018\/06\/maleta-llops-300x300.jpg 300w, https:\/\/agora.xtec.cat\/ceip-mcinto-verdaguer\/wp-content\/uploads\/usu657\/2018\/06\/maleta-llops-150x150.jpg 150w, https:\/\/agora.xtec.cat\/ceip-mcinto-verdaguer\/wp-content\/uploads\/usu657\/2018\/06\/maleta-llops.jpg 545w\" sizes=\"auto, (max-width: 300px) 100vw, 300px\" \/><\/a><\/p>\n<p>&nbsp;<\/p>\n<p>Cal destacar per varies raons la bibliomaleta de l\u2019autor i il\u00b7lustrador Ungerer i Coetanis.<\/p>\n<p>En primer lloc, per l\u2019exquisida dinamitzaci\u00f3 que ens va fer l\u2019Olga Cerc\u00f2s a la Biblioteca Francesc Boix.<\/p>\n<p>&nbsp;<\/p>\n<p><a href=\"http:\/\/agora.xtec.cat\/ceip-mcinto-verdaguer\/wp-content\/uploads\/usu657\/2018\/06\/olga.jpg\"><img loading=\"lazy\" decoding=\"async\" class=\"alignleft wp-image-4701 \" src=\"http:\/\/agora.xtec.cat\/ceip-mcinto-verdaguer\/wp-content\/uploads\/usu657\/2018\/06\/olga-300x169.jpg\" alt=\"\" width=\"579\" height=\"326\" srcset=\"https:\/\/agora.xtec.cat\/ceip-mcinto-verdaguer\/wp-content\/uploads\/usu657\/2018\/06\/olga-300x169.jpg 300w, https:\/\/agora.xtec.cat\/ceip-mcinto-verdaguer\/wp-content\/uploads\/usu657\/2018\/06\/olga.jpg 657w\" sizes=\"auto, (max-width: 579px) 100vw, 579px\" \/><\/a><a href=\"http:\/\/agora.xtec.cat\/ceip-mcinto-verdaguer\/wp-content\/uploads\/usu657\/2018\/06\/expositor-ungerer.jpg\"><img loading=\"lazy\" decoding=\"async\" class=\"alignright wp-image-4702 \" src=\"http:\/\/agora.xtec.cat\/ceip-mcinto-verdaguer\/wp-content\/uploads\/usu657\/2018\/06\/expositor-ungerer-300x225.jpg\" alt=\"\" width=\"425\" height=\"319\" srcset=\"https:\/\/agora.xtec.cat\/ceip-mcinto-verdaguer\/wp-content\/uploads\/usu657\/2018\/06\/expositor-ungerer-300x225.jpg 300w, https:\/\/agora.xtec.cat\/ceip-mcinto-verdaguer\/wp-content\/uploads\/usu657\/2018\/06\/expositor-ungerer-200x150.jpg 200w, https:\/\/agora.xtec.cat\/ceip-mcinto-verdaguer\/wp-content\/uploads\/usu657\/2018\/06\/expositor-ungerer.jpg 502w\" sizes=\"auto, (max-width: 425px) 100vw, 425px\" \/><\/a><\/p>\n<p>&nbsp;<\/p>\n<p>&nbsp;<\/p>\n<p>&nbsp;<\/p>\n<p>&nbsp;<\/p>\n<p>&nbsp;<\/p>\n<p>&nbsp;<\/p>\n<p>&nbsp;<\/p>\n<p>&nbsp;<\/p>\n<p>En segon lloc per la pr\u00e0ctica que alumnes i Mestres de 5\u00e8 van portar a terme amb aquest material, ja que van treballar per tal de fer arribar\u00a0compartir aquests llibres a tots els alumnes d\u2019Infantil i Prim\u00e0ria. Cal felicitar-los perqu\u00e8 van tenir molt d&#8217;\u00e8xit!<\/p>\n<p><a href=\"http:\/\/agora.xtec.cat\/ceip-mcinto-verdaguer\/wp-content\/uploads\/usu657\/2018\/06\/ungerer-llegint.jpg\"><img loading=\"lazy\" decoding=\"async\" class=\"alignleft wp-image-4705 \" src=\"http:\/\/agora.xtec.cat\/ceip-mcinto-verdaguer\/wp-content\/uploads\/usu657\/2018\/06\/ungerer-llegint-300x225.jpg\" alt=\"\" width=\"431\" height=\"323\" srcset=\"https:\/\/agora.xtec.cat\/ceip-mcinto-verdaguer\/wp-content\/uploads\/usu657\/2018\/06\/ungerer-llegint-300x225.jpg 300w, https:\/\/agora.xtec.cat\/ceip-mcinto-verdaguer\/wp-content\/uploads\/usu657\/2018\/06\/ungerer-llegint-200x150.jpg 200w, https:\/\/agora.xtec.cat\/ceip-mcinto-verdaguer\/wp-content\/uploads\/usu657\/2018\/06\/ungerer-llegint.jpg 599w\" sizes=\"auto, (max-width: 431px) 100vw, 431px\" \/><\/a><a href=\"http:\/\/agora.xtec.cat\/ceip-mcinto-verdaguer\/wp-content\/uploads\/usu657\/2018\/06\/hugo-miriam.jpg\"><img loading=\"lazy\" decoding=\"async\" class=\"alignright wp-image-4706 \" src=\"http:\/\/agora.xtec.cat\/ceip-mcinto-verdaguer\/wp-content\/uploads\/usu657\/2018\/06\/hugo-miriam-300x204.jpg\" alt=\"\" width=\"467\" height=\"318\" srcset=\"https:\/\/agora.xtec.cat\/ceip-mcinto-verdaguer\/wp-content\/uploads\/usu657\/2018\/06\/hugo-miriam-300x204.jpg 300w, https:\/\/agora.xtec.cat\/ceip-mcinto-verdaguer\/wp-content\/uploads\/usu657\/2018\/06\/hugo-miriam.jpg 663w\" sizes=\"auto, (max-width: 467px) 100vw, 467px\" \/><\/a><a href=\"http:\/\/agora.xtec.cat\/ceip-mcinto-verdaguer\/wp-content\/uploads\/usu657\/2018\/06\/mural-ungerer.jpg\"><img loading=\"lazy\" decoding=\"async\" class=\"alignnone wp-image-4708 size-large\" src=\"http:\/\/agora.xtec.cat\/ceip-mcinto-verdaguer\/wp-content\/uploads\/usu657\/2018\/06\/mural-ungerer-1024x768.jpg\" alt=\"\" width=\"1024\" height=\"768\" srcset=\"https:\/\/agora.xtec.cat\/ceip-mcinto-verdaguer\/wp-content\/uploads\/usu657\/2018\/06\/mural-ungerer-1024x768.jpg 1024w, https:\/\/agora.xtec.cat\/ceip-mcinto-verdaguer\/wp-content\/uploads\/usu657\/2018\/06\/mural-ungerer-300x225.jpg 300w, https:\/\/agora.xtec.cat\/ceip-mcinto-verdaguer\/wp-content\/uploads\/usu657\/2018\/06\/mural-ungerer-768x576.jpg 768w, https:\/\/agora.xtec.cat\/ceip-mcinto-verdaguer\/wp-content\/uploads\/usu657\/2018\/06\/mural-ungerer-200x150.jpg 200w, https:\/\/agora.xtec.cat\/ceip-mcinto-verdaguer\/wp-content\/uploads\/usu657\/2018\/06\/mural-ungerer.jpg 1156w\" sizes=\"auto, (max-width: 1024px) 100vw, 1024px\" \/><\/a><\/p>\n<p>Per acabar aquesta feina tan ben feta, molts alumnes van representar escenes dels contes explicats i\/o escoltats. Felicitats a tots i totes!<\/p>\n","protected":false},"excerpt":{"rendered":"<p>Al llarg del curs tamb\u00e9 hem pogut gaudir dels llibres exposats a partir de les bibliomaletes de diferents tem\u00e0tiques que ens ha ofert el CRP de Sants-Montjuic. La de poesia ens va convidar a fer cal\u00b7ligrames, la de Bot\u00e0nica ens va portar llibres amb belles imatges i molta informaci\u00f3 i la de Gats, gossos, llops [&hellip;]<\/p>\n","protected":false},"author":14,"featured_media":4698,"comment_status":"open","ping_status":"closed","sticky":false,"template":"","format":"standard","meta":{"_bbp_topic_count":0,"_bbp_reply_count":0,"_bbp_total_topic_count":0,"_bbp_total_reply_count":0,"_bbp_voice_count":0,"_bbp_anonymous_reply_count":0,"_bbp_topic_count_hidden":0,"_bbp_reply_count_hidden":0,"_bbp_forum_subforum_count":0,"site-sidebar-layout":"default","site-content-layout":"","ast-site-content-layout":"","site-content-style":"default","site-sidebar-style":"default","ast-global-header-display":"","ast-banner-title-visibility":"","ast-main-header-display":"","ast-hfb-above-header-display":"","ast-hfb-below-header-display":"","ast-hfb-mobile-header-display":"","site-post-title":"","ast-breadcrumbs-content":"","ast-featured-img":"","footer-sml-layout":"","theme-transparent-header-meta":"","adv-header-id-meta":"","stick-header-meta":"","header-above-stick-meta":"","header-main-stick-meta":"","header-below-stick-meta":"","astra-migrate-meta-layouts":"default","ast-page-background-enabled":"default","ast-page-background-meta":{"desktop":{"background-color":"var(--ast-global-color-4)","background-image":"","background-repeat":"repeat","background-position":"center center","background-size":"auto","background-attachment":"scroll","background-type":"","background-media":"","overlay-type":"","overlay-color":"","overlay-opacity":"","overlay-gradient":""},"tablet":{"background-color":"","background-image":"","background-repeat":"repeat","background-position":"center center","background-size":"auto","background-attachment":"scroll","background-type":"","background-media":"","overlay-type":"","overlay-color":"","overlay-opacity":"","overlay-gradient":""},"mobile":{"background-color":"","background-image":"","background-repeat":"repeat","background-position":"center center","background-size":"auto","background-attachment":"scroll","background-type":"","background-media":"","overlay-type":"","overlay-color":"","overlay-opacity":"","overlay-gradient":""}},"ast-content-background-meta":{"desktop":{"background-color":"var(--ast-global-color-5)","background-image":"","background-repeat":"repeat","background-position":"center center","background-size":"auto","background-attachment":"scroll","background-type":"","background-media":"","overlay-type":"","overlay-color":"","overlay-opacity":"","overlay-gradient":""},"tablet":{"background-color":"var(--ast-global-color-5)","background-image":"","background-repeat":"repeat","background-position":"center center","background-size":"auto","background-attachment":"scroll","background-type":"","background-media":"","overlay-type":"","overlay-color":"","overlay-opacity":"","overlay-gradient":""},"mobile":{"background-color":"var(--ast-global-color-5)","background-image":"","background-repeat":"repeat","background-position":"center center","background-size":"auto","background-attachment":"scroll","background-type":"","background-media":"","overlay-type":"","overlay-color":"","overlay-opacity":"","overlay-gradient":""}},"footnotes":""},"categories":[24],"tags":[72],"class_list":["post-4696","post","type-post","status-publish","format-standard","has-post-thumbnail","hentry","category-biblioteca","tag-biblioteca"],"post_mailing_queue_ids":[],"_links":{"self":[{"href":"https:\/\/agora.xtec.cat\/ceip-mcinto-verdaguer\/wp-json\/wp\/v2\/posts\/4696","targetHints":{"allow":["GET"]}}],"collection":[{"href":"https:\/\/agora.xtec.cat\/ceip-mcinto-verdaguer\/wp-json\/wp\/v2\/posts"}],"about":[{"href":"https:\/\/agora.xtec.cat\/ceip-mcinto-verdaguer\/wp-json\/wp\/v2\/types\/post"}],"author":[{"embeddable":true,"href":"https:\/\/agora.xtec.cat\/ceip-mcinto-verdaguer\/wp-json\/wp\/v2\/users\/14"}],"replies":[{"embeddable":true,"href":"https:\/\/agora.xtec.cat\/ceip-mcinto-verdaguer\/wp-json\/wp\/v2\/comments?post=4696"}],"version-history":[{"count":3,"href":"https:\/\/agora.xtec.cat\/ceip-mcinto-verdaguer\/wp-json\/wp\/v2\/posts\/4696\/revisions"}],"predecessor-version":[{"id":4710,"href":"https:\/\/agora.xtec.cat\/ceip-mcinto-verdaguer\/wp-json\/wp\/v2\/posts\/4696\/revisions\/4710"}],"wp:featuredmedia":[{"embeddable":true,"href":"https:\/\/agora.xtec.cat\/ceip-mcinto-verdaguer\/wp-json\/wp\/v2\/media\/4698"}],"wp:attachment":[{"href":"https:\/\/agora.xtec.cat\/ceip-mcinto-verdaguer\/wp-json\/wp\/v2\/media?parent=4696"}],"wp:term":[{"taxonomy":"category","embeddable":true,"href":"https:\/\/agora.xtec.cat\/ceip-mcinto-verdaguer\/wp-json\/wp\/v2\/categories?post=4696"},{"taxonomy":"post_tag","embeddable":true,"href":"https:\/\/agora.xtec.cat\/ceip-mcinto-verdaguer\/wp-json\/wp\/v2\/tags?post=4696"}],"curies":[{"name":"wp","href":"https:\/\/api.w.org\/{rel}","templated":true}]}}