{"id":4674,"date":"2018-06-06T17:06:30","date_gmt":"2018-06-06T15:06:30","guid":{"rendered":"http:\/\/agora.xtec.cat\/ceip-mcinto-verdaguer\/?p=4674"},"modified":"2018-12-28T12:18:56","modified_gmt":"2018-12-28T11:18:56","slug":"activitats-de-biblioteca-a-diferents-entorns","status":"publish","type":"post","link":"https:\/\/agora.xtec.cat\/ceip-mcinto-verdaguer\/projectes\/biblioteca\/activitats-de-biblioteca-a-diferents-entorns\/","title":{"rendered":"Activitats de biblioteca a diferents entorns!"},"content":{"rendered":"<p>En diferents moments del curs, totes les classes de prim\u00e0ria hem visitat la Biblioteca del nostre barri,<\/p>\n<p>per fer activitats planificades d\u2019acord a l\u2019edat de cada grup.<a href=\"http:\/\/agora.xtec.cat\/ceip-mcinto-verdaguer\/wp-content\/uploads\/usu657\/2018\/06\/ni\u00f1os-leyendo-fb.jpg\"><img loading=\"lazy\" decoding=\"async\" class=\"alignright wp-image-4677 \" src=\"http:\/\/agora.xtec.cat\/ceip-mcinto-verdaguer\/wp-content\/uploads\/usu657\/2018\/06\/ni\u00f1os-leyendo-fb-300x180.jpg\" alt=\"\" width=\"421\" height=\"253\" srcset=\"https:\/\/agora.xtec.cat\/ceip-mcinto-verdaguer\/wp-content\/uploads\/usu657\/2018\/06\/ni\u00f1os-leyendo-fb-300x180.jpg 300w, https:\/\/agora.xtec.cat\/ceip-mcinto-verdaguer\/wp-content\/uploads\/usu657\/2018\/06\/ni\u00f1os-leyendo-fb-768x461.jpg 768w, https:\/\/agora.xtec.cat\/ceip-mcinto-verdaguer\/wp-content\/uploads\/usu657\/2018\/06\/ni\u00f1os-leyendo-fb.jpg 837w\" sizes=\"auto, (max-width: 421px) 100vw, 421px\" \/><\/a><\/p>\n<p>A la Francesc Boix ens han rebut molt b\u00e9 i han resultat sessions ben enriquidores!<\/p>\n<p>&nbsp;<\/p>\n<p>&nbsp;<\/p>\n<p>&nbsp;<\/p>\n<p>&nbsp;<\/p>\n<p><a href=\"http:\/\/agora.xtec.cat\/ceip-mcinto-verdaguer\/wp-content\/uploads\/usu657\/2018\/06\/reconstruccion.jpg\"><img loading=\"lazy\" decoding=\"async\" class=\"alignleft wp-image-4680 size-medium\" src=\"http:\/\/agora.xtec.cat\/ceip-mcinto-verdaguer\/wp-content\/uploads\/usu657\/2018\/06\/reconstruccion-300x225.jpg\" alt=\"\" width=\"300\" height=\"225\" srcset=\"https:\/\/agora.xtec.cat\/ceip-mcinto-verdaguer\/wp-content\/uploads\/usu657\/2018\/06\/reconstruccion-300x225.jpg 300w, https:\/\/agora.xtec.cat\/ceip-mcinto-verdaguer\/wp-content\/uploads\/usu657\/2018\/06\/reconstruccion-768x576.jpg 768w, https:\/\/agora.xtec.cat\/ceip-mcinto-verdaguer\/wp-content\/uploads\/usu657\/2018\/06\/reconstruccion-200x150.jpg 200w, https:\/\/agora.xtec.cat\/ceip-mcinto-verdaguer\/wp-content\/uploads\/usu657\/2018\/06\/reconstruccion.jpg 853w\" sizes=\"auto, (max-width: 300px) 100vw, 300px\" \/><\/a>Durant el primer trimestre, vam\u00a0 acostar a tots\/es\u00a0 el\/les alumnes de prim\u00e0ria a la poesia de la Gloria Fuertes, per tal de celebrar el seu centenari. Vam fer activitats de lectura, d\u2019interpretaci\u00f3 po\u00e8tica, de comprensi\u00f3\u00a0 lectora, de reconstruccions de poemes\u2026<\/p>\n<p>&nbsp;<\/p>\n<p>&nbsp;<\/p>\n<p>&nbsp;<\/p>\n<p>&nbsp;<\/p>\n<p>Caixa Forum, com cada curs, \u00a0va convidar a diverses classes a participar en fant\u00e0stiques activitats, com per exemple:<\/p>\n<p>Els nois i noies \u00a0de 3r van aprendre a interpretar amb l\u2019activitat \u201cActuar sense parar\u201d De ben segur que heu vist els v\u00eddeos a la nostra WEB.<\/p>\n<p><a href=\"http:\/\/agora.xtec.cat\/ceip-mcinto-verdaguer\/wp-content\/uploads\/usu657\/2018\/06\/actuar-sense-parar.jpg\"><img loading=\"lazy\" decoding=\"async\" class=\"wp-image-4681 size-medium aligncenter\" src=\"http:\/\/agora.xtec.cat\/ceip-mcinto-verdaguer\/wp-content\/uploads\/usu657\/2018\/06\/actuar-sense-parar-300x225.jpg\" alt=\"\" width=\"300\" height=\"225\" srcset=\"https:\/\/agora.xtec.cat\/ceip-mcinto-verdaguer\/wp-content\/uploads\/usu657\/2018\/06\/actuar-sense-parar-300x225.jpg 300w, https:\/\/agora.xtec.cat\/ceip-mcinto-verdaguer\/wp-content\/uploads\/usu657\/2018\/06\/actuar-sense-parar-200x150.jpg 200w, https:\/\/agora.xtec.cat\/ceip-mcinto-verdaguer\/wp-content\/uploads\/usu657\/2018\/06\/actuar-sense-parar.jpg 739w\" sizes=\"auto, (max-width: 300px) 100vw, 300px\" \/><\/a><\/p>\n<p>Els grups de 5\u00e8 van aprofitar molt\u00a0 la sessi\u00f3 de \u201cPoesia encantada\u201d, en pocs minuts van ser capa\u00e7os de convertir-se en fant\u00e0stics poetes!<\/p>\n<p><a href=\"http:\/\/agora.xtec.cat\/ceip-mcinto-verdaguer\/wp-content\/uploads\/usu657\/2018\/06\/poesia-encantada.jpg\"><img loading=\"lazy\" decoding=\"async\" class=\"aligncenter wp-image-4683 size-medium\" src=\"http:\/\/agora.xtec.cat\/ceip-mcinto-verdaguer\/wp-content\/uploads\/usu657\/2018\/06\/poesia-encantada-300x184.jpg\" alt=\"\" width=\"300\" height=\"184\" srcset=\"https:\/\/agora.xtec.cat\/ceip-mcinto-verdaguer\/wp-content\/uploads\/usu657\/2018\/06\/poesia-encantada-300x184.jpg 300w, https:\/\/agora.xtec.cat\/ceip-mcinto-verdaguer\/wp-content\/uploads\/usu657\/2018\/06\/poesia-encantada-768x471.jpg 768w, https:\/\/agora.xtec.cat\/ceip-mcinto-verdaguer\/wp-content\/uploads\/usu657\/2018\/06\/poesia-encantada.jpg 830w\" sizes=\"auto, (max-width: 300px) 100vw, 300px\" \/><\/a><\/p>\n<p>Durant \u00a0la sessi\u00f3 \u201cDe la imaginaci\u00f3 a la pantalla\u20261,2,3 acci\u00f3!\u201d, els grups de 6\u00e8 van\u00a0\u00a0\u00a0\u00a0\u00a0\u00a0\u00a0\u00a0\u00a0\u00a0\u00a0\u00a0\u00a0\u00a0\u00a0\u00a0\u00a0\u00a0\u00a0\u00a0\u00a0\u00a0\u00a0\u00a0\u00a0\u00a0\u00a0\u00a0 aprendre a fer petites pel\u00b7l\u00edcules utilitzant els trucs que es feien per rodar les primeres cintes de la hist\u00f2ria del cinema, Podeu gaudir amb els seus v\u00eddeos a la nostra WEB, dins de l\u2019espai del Cicle Superior.<\/p>\n","protected":false},"excerpt":{"rendered":"<p>En diferents moments del curs, totes les classes de prim\u00e0ria hem visitat la Biblioteca del nostre barri, per fer activitats planificades d\u2019acord a l\u2019edat de cada grup. A la Francesc Boix ens han rebut molt b\u00e9 i han resultat sessions ben enriquidores! &nbsp; &nbsp; &nbsp; &nbsp; Durant el primer trimestre, vam\u00a0 acostar a tots\/es\u00a0 el\/les [&hellip;]<\/p>\n","protected":false},"author":14,"featured_media":4677,"comment_status":"open","ping_status":"closed","sticky":false,"template":"","format":"standard","meta":{"_bbp_topic_count":0,"_bbp_reply_count":0,"_bbp_total_topic_count":0,"_bbp_total_reply_count":0,"_bbp_voice_count":0,"_bbp_anonymous_reply_count":0,"_bbp_topic_count_hidden":0,"_bbp_reply_count_hidden":0,"_bbp_forum_subforum_count":0,"site-sidebar-layout":"default","site-content-layout":"","ast-site-content-layout":"","site-content-style":"default","site-sidebar-style":"default","ast-global-header-display":"","ast-banner-title-visibility":"","ast-main-header-display":"","ast-hfb-above-header-display":"","ast-hfb-below-header-display":"","ast-hfb-mobile-header-display":"","site-post-title":"","ast-breadcrumbs-content":"","ast-featured-img":"","footer-sml-layout":"","theme-transparent-header-meta":"","adv-header-id-meta":"","stick-header-meta":"","header-above-stick-meta":"","header-main-stick-meta":"","header-below-stick-meta":"","astra-migrate-meta-layouts":"default","ast-page-background-enabled":"default","ast-page-background-meta":{"desktop":{"background-color":"var(--ast-global-color-4)","background-image":"","background-repeat":"repeat","background-position":"center center","background-size":"auto","background-attachment":"scroll","background-type":"","background-media":"","overlay-type":"","overlay-color":"","overlay-opacity":"","overlay-gradient":""},"tablet":{"background-color":"","background-image":"","background-repeat":"repeat","background-position":"center center","background-size":"auto","background-attachment":"scroll","background-type":"","background-media":"","overlay-type":"","overlay-color":"","overlay-opacity":"","overlay-gradient":""},"mobile":{"background-color":"","background-image":"","background-repeat":"repeat","background-position":"center center","background-size":"auto","background-attachment":"scroll","background-type":"","background-media":"","overlay-type":"","overlay-color":"","overlay-opacity":"","overlay-gradient":""}},"ast-content-background-meta":{"desktop":{"background-color":"var(--ast-global-color-5)","background-image":"","background-repeat":"repeat","background-position":"center center","background-size":"auto","background-attachment":"scroll","background-type":"","background-media":"","overlay-type":"","overlay-color":"","overlay-opacity":"","overlay-gradient":""},"tablet":{"background-color":"var(--ast-global-color-5)","background-image":"","background-repeat":"repeat","background-position":"center center","background-size":"auto","background-attachment":"scroll","background-type":"","background-media":"","overlay-type":"","overlay-color":"","overlay-opacity":"","overlay-gradient":""},"mobile":{"background-color":"var(--ast-global-color-5)","background-image":"","background-repeat":"repeat","background-position":"center center","background-size":"auto","background-attachment":"scroll","background-type":"","background-media":"","overlay-type":"","overlay-color":"","overlay-opacity":"","overlay-gradient":""}},"footnotes":""},"categories":[24],"tags":[72],"class_list":["post-4674","post","type-post","status-publish","format-standard","has-post-thumbnail","hentry","category-biblioteca","tag-biblioteca"],"post_mailing_queue_ids":[],"_links":{"self":[{"href":"https:\/\/agora.xtec.cat\/ceip-mcinto-verdaguer\/wp-json\/wp\/v2\/posts\/4674","targetHints":{"allow":["GET"]}}],"collection":[{"href":"https:\/\/agora.xtec.cat\/ceip-mcinto-verdaguer\/wp-json\/wp\/v2\/posts"}],"about":[{"href":"https:\/\/agora.xtec.cat\/ceip-mcinto-verdaguer\/wp-json\/wp\/v2\/types\/post"}],"author":[{"embeddable":true,"href":"https:\/\/agora.xtec.cat\/ceip-mcinto-verdaguer\/wp-json\/wp\/v2\/users\/14"}],"replies":[{"embeddable":true,"href":"https:\/\/agora.xtec.cat\/ceip-mcinto-verdaguer\/wp-json\/wp\/v2\/comments?post=4674"}],"version-history":[{"count":3,"href":"https:\/\/agora.xtec.cat\/ceip-mcinto-verdaguer\/wp-json\/wp\/v2\/posts\/4674\/revisions"}],"predecessor-version":[{"id":4686,"href":"https:\/\/agora.xtec.cat\/ceip-mcinto-verdaguer\/wp-json\/wp\/v2\/posts\/4674\/revisions\/4686"}],"wp:featuredmedia":[{"embeddable":true,"href":"https:\/\/agora.xtec.cat\/ceip-mcinto-verdaguer\/wp-json\/wp\/v2\/media\/4677"}],"wp:attachment":[{"href":"https:\/\/agora.xtec.cat\/ceip-mcinto-verdaguer\/wp-json\/wp\/v2\/media?parent=4674"}],"wp:term":[{"taxonomy":"category","embeddable":true,"href":"https:\/\/agora.xtec.cat\/ceip-mcinto-verdaguer\/wp-json\/wp\/v2\/categories?post=4674"},{"taxonomy":"post_tag","embeddable":true,"href":"https:\/\/agora.xtec.cat\/ceip-mcinto-verdaguer\/wp-json\/wp\/v2\/tags?post=4674"}],"curies":[{"name":"wp","href":"https:\/\/api.w.org\/{rel}","templated":true}]}}