{"id":418,"date":"2015-04-27T15:04:34","date_gmt":"2015-04-27T13:04:34","guid":{"rendered":"http:\/\/agora.xtec.cat\/ceip-mcinto-verdaguer\/?p=418"},"modified":"2019-11-26T20:02:39","modified_gmt":"2019-11-26T19:02:39","slug":"novetats-i-recomanacions-bibliografiques","status":"publish","type":"post","link":"https:\/\/agora.xtec.cat\/ceip-mcinto-verdaguer\/general\/novetats-i-recomanacions-bibliografiques\/","title":{"rendered":"NOVETATS I RECOMANACIONS BIBLIOGR\u00c0FIQUES"},"content":{"rendered":"<p><a title=\"El Garbell 4\" href=\"http:\/\/issuu.com\/rosasensat\/docs\/el_garbell_4\" target=\"_blank\" rel=\"noopener noreferrer\"><img loading=\"lazy\" decoding=\"async\" class=\"alignnone size-full wp-image-419\" src=\"http:\/\/agora.xtec.cat\/ceip-mcinto-verdaguer\/wp-content\/uploads\/usu657\/2015\/04\/el_garbell_4_pagina_01_0_388_2000_1500.jpg\" alt=\"el_garbell_4_pagina_01_0_388_2000_1500\" width=\"317\" height=\"176\" srcset=\"https:\/\/agora.xtec.cat\/ceip-mcinto-verdaguer\/wp-content\/uploads\/usu657\/2015\/04\/el_garbell_4_pagina_01_0_388_2000_1500.jpg 317w, https:\/\/agora.xtec.cat\/ceip-mcinto-verdaguer\/wp-content\/uploads\/usu657\/2015\/04\/el_garbell_4_pagina_01_0_388_2000_1500-300x166.jpg 300w\" sizes=\"auto, (max-width: 317px) 100vw, 317px\" \/><\/a><\/p>\n<p>Ja tenim <a title=\"El Garbell 4\" href=\"http:\/\/issuu.com\/rosasensat\/docs\/el_garbell_4\" target=\"_blank\" rel=\"noopener noreferrer\">El Garbell 4<\/a> per poder triar millor els llibres que formaran part de la biblioteca escolar, o b\u00e9 els que es convertiran en una bona orientaci\u00f3 per a les fam\u00edlies.<\/p>\n<p>Les recomanacions que hi ha al butllet\u00ed s\u00f3n orientatives, i estan realitzades pel <a href=\"http:\/\/www2.rosasensat.org\/pagina\/seminari-de-bibliografia-infantil-i-juvenil\">Seminari de Bibliografia Infantil i Juvenil<\/a> de Rosa Sensat.<\/p>\n<p>Podeu accedir-hi clicant <a title=\"Garbell 4\" href=\"http:\/\/issuu.com\/rosasensat\/docs\/el_garbell_4\" target=\"_blank\" rel=\"noopener noreferrer\">aqu\u00ed<\/a><\/p>\n<p>.<\/p>\n","protected":false},"excerpt":{"rendered":"<p>Ja tenim El Garbell 4 per poder triar millor els llibres que formaran part de la biblioteca escolar, o b\u00e9 els que es convertiran en una bona orientaci\u00f3 per a les fam\u00edlies. Les recomanacions que hi ha al butllet\u00ed s\u00f3n orientatives, i estan realitzades pel Seminari de Bibliografia Infantil i Juvenil de Rosa Sensat. Podeu [&hellip;]<\/p>\n","protected":false},"author":1,"featured_media":419,"comment_status":"open","ping_status":"open","sticky":false,"template":"","format":"standard","meta":{"_bbp_topic_count":0,"_bbp_reply_count":0,"_bbp_total_topic_count":0,"_bbp_total_reply_count":0,"_bbp_voice_count":0,"_bbp_anonymous_reply_count":0,"_bbp_topic_count_hidden":0,"_bbp_reply_count_hidden":0,"_bbp_forum_subforum_count":0,"site-sidebar-layout":"default","site-content-layout":"","ast-site-content-layout":"","site-content-style":"default","site-sidebar-style":"default","ast-global-header-display":"","ast-banner-title-visibility":"","ast-main-header-display":"","ast-hfb-above-header-display":"","ast-hfb-below-header-display":"","ast-hfb-mobile-header-display":"","site-post-title":"","ast-breadcrumbs-content":"","ast-featured-img":"","footer-sml-layout":"","theme-transparent-header-meta":"","adv-header-id-meta":"","stick-header-meta":"","header-above-stick-meta":"","header-main-stick-meta":"","header-below-stick-meta":"","astra-migrate-meta-layouts":"default","ast-page-background-enabled":"default","ast-page-background-meta":{"desktop":{"background-color":"var(--ast-global-color-4)","background-image":"","background-repeat":"repeat","background-position":"center center","background-size":"auto","background-attachment":"scroll","background-type":"","background-media":"","overlay-type":"","overlay-color":"","overlay-opacity":"","overlay-gradient":""},"tablet":{"background-color":"","background-image":"","background-repeat":"repeat","background-position":"center center","background-size":"auto","background-attachment":"scroll","background-type":"","background-media":"","overlay-type":"","overlay-color":"","overlay-opacity":"","overlay-gradient":""},"mobile":{"background-color":"","background-image":"","background-repeat":"repeat","background-position":"center center","background-size":"auto","background-attachment":"scroll","background-type":"","background-media":"","overlay-type":"","overlay-color":"","overlay-opacity":"","overlay-gradient":""}},"ast-content-background-meta":{"desktop":{"background-color":"var(--ast-global-color-5)","background-image":"","background-repeat":"repeat","background-position":"center center","background-size":"auto","background-attachment":"scroll","background-type":"","background-media":"","overlay-type":"","overlay-color":"","overlay-opacity":"","overlay-gradient":""},"tablet":{"background-color":"var(--ast-global-color-5)","background-image":"","background-repeat":"repeat","background-position":"center center","background-size":"auto","background-attachment":"scroll","background-type":"","background-media":"","overlay-type":"","overlay-color":"","overlay-opacity":"","overlay-gradient":""},"mobile":{"background-color":"var(--ast-global-color-5)","background-image":"","background-repeat":"repeat","background-position":"center center","background-size":"auto","background-attachment":"scroll","background-type":"","background-media":"","overlay-type":"","overlay-color":"","overlay-opacity":"","overlay-gradient":""}},"footnotes":""},"categories":[24,1,4],"tags":[72],"class_list":["post-418","post","type-post","status-publish","format-standard","has-post-thumbnail","hentry","category-biblioteca","category-general","category-portada","tag-biblioteca"],"post_mailing_queue_ids":[],"_links":{"self":[{"href":"https:\/\/agora.xtec.cat\/ceip-mcinto-verdaguer\/wp-json\/wp\/v2\/posts\/418","targetHints":{"allow":["GET"]}}],"collection":[{"href":"https:\/\/agora.xtec.cat\/ceip-mcinto-verdaguer\/wp-json\/wp\/v2\/posts"}],"about":[{"href":"https:\/\/agora.xtec.cat\/ceip-mcinto-verdaguer\/wp-json\/wp\/v2\/types\/post"}],"author":[{"embeddable":true,"href":"https:\/\/agora.xtec.cat\/ceip-mcinto-verdaguer\/wp-json\/wp\/v2\/users\/1"}],"replies":[{"embeddable":true,"href":"https:\/\/agora.xtec.cat\/ceip-mcinto-verdaguer\/wp-json\/wp\/v2\/comments?post=418"}],"version-history":[{"count":3,"href":"https:\/\/agora.xtec.cat\/ceip-mcinto-verdaguer\/wp-json\/wp\/v2\/posts\/418\/revisions"}],"predecessor-version":[{"id":5947,"href":"https:\/\/agora.xtec.cat\/ceip-mcinto-verdaguer\/wp-json\/wp\/v2\/posts\/418\/revisions\/5947"}],"wp:featuredmedia":[{"embeddable":true,"href":"https:\/\/agora.xtec.cat\/ceip-mcinto-verdaguer\/wp-json\/wp\/v2\/media\/419"}],"wp:attachment":[{"href":"https:\/\/agora.xtec.cat\/ceip-mcinto-verdaguer\/wp-json\/wp\/v2\/media?parent=418"}],"wp:term":[{"taxonomy":"category","embeddable":true,"href":"https:\/\/agora.xtec.cat\/ceip-mcinto-verdaguer\/wp-json\/wp\/v2\/categories?post=418"},{"taxonomy":"post_tag","embeddable":true,"href":"https:\/\/agora.xtec.cat\/ceip-mcinto-verdaguer\/wp-json\/wp\/v2\/tags?post=418"}],"curies":[{"name":"wp","href":"https:\/\/api.w.org\/{rel}","templated":true}]}}