{"id":3562,"date":"2017-05-03T22:15:49","date_gmt":"2017-05-03T20:15:49","guid":{"rendered":"http:\/\/agora.xtec.cat\/ceip-mcinto-verdaguer\/?p=3562"},"modified":"2017-05-05T09:20:10","modified_gmt":"2017-05-05T07:20:10","slug":"ens-visita-lescola-colaso-i-gil","status":"publish","type":"post","link":"https:\/\/agora.xtec.cat\/ceip-mcinto-verdaguer\/portada\/ens-visita-lescola-colaso-i-gil\/","title":{"rendered":"Ens visita l&#8217;escola Collaso i Gil"},"content":{"rendered":"\r\n\t<div class=\"slideshow_container slideshow_container_style-light\" style=\"height: 300px; \" data-slideshow-id=\"3573\" data-style-name=\"style-light\" data-style-version=\"2.3.1\" >\r\n\r\n\t\t\t\t\t<div class=\"slideshow_loading_icon\"><\/div>\r\n\t\t\r\n\t\t<div class=\"slideshow_content\" style=\"display: none;\">\r\n\r\n\t\t\t<div class=\"slideshow_view\">\r\n\t\t\t\t<div class=\"slideshow_slide slideshow_slide_image\">\r\n\t\t\t\t\t\t\t\t\t\t\t<img src=\"https:\/\/agora.xtec.cat\/ceip-mcinto-verdaguer\/wp-content\/uploads\/usu657\/2017\/05\/FullSizeRender-13.jpg\" alt=\"FullSizeRender-13\" width=\"582\" height=\"581\" \/>\r\n\t\t\t\t\t\t\t\t\t\t<div class=\"slideshow_description_box slideshow_transparent\">\r\n\t\t\t\t\t\t\t\t\t\t\t\t\t\t\t\t\t<\/div>\r\n\t\t\t\t<\/div>\r\n\r\n\t\t\t\t\t\t<div style=\"clear: both;\"><\/div><\/div><div class=\"slideshow_view\">\r\n\t\t\t\t<div class=\"slideshow_slide slideshow_slide_image\">\r\n\t\t\t\t\t\t\t\t\t\t\t<img src=\"https:\/\/agora.xtec.cat\/ceip-mcinto-verdaguer\/wp-content\/uploads\/usu657\/2017\/05\/FullSizeRender-12.jpg\" alt=\"FullSizeRender-12\" width=\"582\" height=\"581\" \/>\r\n\t\t\t\t\t\t\t\t\t\t<div class=\"slideshow_description_box slideshow_transparent\">\r\n\t\t\t\t\t\t\t\t\t\t\t\t\t\t\t\t\t<\/div>\r\n\t\t\t\t<\/div>\r\n\r\n\t\t\t\t\t\t<div style=\"clear: both;\"><\/div><\/div><div class=\"slideshow_view\">\r\n\t\t\t\t<div class=\"slideshow_slide slideshow_slide_image\">\r\n\t\t\t\t\t\t\t\t\t\t\t<img src=\"https:\/\/agora.xtec.cat\/ceip-mcinto-verdaguer\/wp-content\/uploads\/usu657\/2017\/05\/FullSizeRender-11.jpg\" alt=\"FullSizeRender-11\" width=\"640\" height=\"480\" \/>\r\n\t\t\t\t\t\t\t\t\t\t<div class=\"slideshow_description_box slideshow_transparent\">\r\n\t\t\t\t\t\t\t\t\t\t\t\t\t\t\t\t\t<\/div>\r\n\t\t\t\t<\/div>\r\n\r\n\t\t\t\t\t\t<div style=\"clear: both;\"><\/div><\/div><div class=\"slideshow_view\">\r\n\t\t\t\t<div class=\"slideshow_slide slideshow_slide_image\">\r\n\t\t\t\t\t\t\t\t\t\t\t<img src=\"https:\/\/agora.xtec.cat\/ceip-mcinto-verdaguer\/wp-content\/uploads\/usu657\/2017\/05\/FullSizeRender-10.jpg\" alt=\"FullSizeRender-10\" width=\"640\" height=\"480\" \/>\r\n\t\t\t\t\t\t\t\t\t\t<div class=\"slideshow_description_box slideshow_transparent\">\r\n\t\t\t\t\t\t\t\t\t\t\t\t\t\t\t\t\t<\/div>\r\n\t\t\t\t<\/div>\r\n\r\n\t\t\t\t\t\t<div style=\"clear: both;\"><\/div><\/div><div class=\"slideshow_view\">\r\n\t\t\t\t<div class=\"slideshow_slide slideshow_slide_image\">\r\n\t\t\t\t\t\t\t\t\t\t\t<img src=\"https:\/\/agora.xtec.cat\/ceip-mcinto-verdaguer\/wp-content\/uploads\/usu657\/2017\/05\/FullSizeRender-9.jpg\" alt=\"FullSizeRender-9\" width=\"480\" height=\"640\" \/>\r\n\t\t\t\t\t\t\t\t\t\t<div class=\"slideshow_description_box slideshow_transparent\">\r\n\t\t\t\t\t\t\t\t\t\t\t\t\t\t\t\t\t<\/div>\r\n\t\t\t\t<\/div>\r\n\r\n\t\t\t\t\t\t<div style=\"clear: both;\"><\/div><\/div><div class=\"slideshow_view\">\r\n\t\t\t\t<div class=\"slideshow_slide slideshow_slide_image\">\r\n\t\t\t\t\t\t\t\t\t\t\t<img src=\"https:\/\/agora.xtec.cat\/ceip-mcinto-verdaguer\/wp-content\/uploads\/usu657\/2017\/05\/FullSizeRender-8.jpg\" alt=\"FullSizeRender-8\" width=\"640\" height=\"480\" \/>\r\n\t\t\t\t\t\t\t\t\t\t<div class=\"slideshow_description_box slideshow_transparent\">\r\n\t\t\t\t\t\t\t\t\t\t\t\t\t\t\t\t\t<\/div>\r\n\t\t\t\t<\/div>\r\n\r\n\t\t\t\t\t\t<div style=\"clear: both;\"><\/div><\/div>\r\n\t\t<\/div>\r\n\r\n\t\t<div class=\"slideshow_controlPanel slideshow_transparent\" style=\"display: none;\"><ul><li class=\"slideshow_togglePlay\" data-play-text=\"Visualitza\" data-pause-text=\"Pausa\"><\/li><\/ul><\/div>\r\n\r\n\t\t<div class=\"slideshow_button slideshow_previous slideshow_transparent\" role=\"button\" data-previous-text=\"Anterior\" style=\"display: none;\"><\/div>\r\n\t\t<div class=\"slideshow_button slideshow_next slideshow_transparent\" role=\"button\" data-next-text=\"Seg\u00fcent\" style=\"display: none;\"><\/div>\r\n\r\n\t\t<div class=\"slideshow_pagination\" style=\"display: none;\" data-go-to-text=\"V\u00e9s a la diapositiva\"><div class=\"slideshow_pagination_center\"><\/div><\/div>\r\n\r\n\t\t<!-- WordPress Slideshow Version 2.3.1 -->\r\n\r\n\t\t\t<\/div>\r\n\r\n\n<p>El divendres 28 d&#8217;abril ens va visitar l&#8217;Escola <span class=\"hiddenSpellError\">Collaso<\/span> i Gil. Vam explicar la hist\u00f2ria de la nostra escola i vam assistir a una representaci\u00f3 de teatre que ens van oferir els alumnes de l&#8217;Institut Llu\u00eds Vives.<\/p>\n<p>Ens vam repartir en petits grups i vam fer de guies de\u00a0la nostra escola. Amb l&#8217;ajuda de fotografies antigues vam mostrar com ha canviat la nostra escola i el seu entorn amb el pas dels anys. Tamb\u00e9 vam mostrar algunes de les llibretes que es conserven dels antics alumnes. Algunes d&#8217;aquestes llibretes tenen m\u00e9s de 60 anys, per aix\u00f2 les tractem amb molta precauci\u00f3 i ens posem guants per tocar-les. Vam visitar llocs de l&#8217;escola que mai hav\u00edem visitat i que ten\u00edem moltes ganes de veure.<\/p>\n<p>Despr\u00e9s del pati, tots plegats \u00a0vam gaudir de la representaci\u00f3 de teatre que ens van oferir els alumnes de l&#8217;Institut. Per finalitzar, ens vam fer una foto les dues escoles juntes a les escales del vest\u00edbul de l&#8217;escola.<\/p>\n","protected":false},"excerpt":{"rendered":"<p>El divendres 28 d&#8217;abril ens va visitar l&#8217;Escola Collaso i Gil. Vam explicar la hist\u00f2ria de la nostra escola i vam assistir a una representaci\u00f3 de teatre que ens van oferir els alumnes de l&#8217;Institut Llu\u00eds Vives. Ens vam repartir en petits grups i vam fer de guies de\u00a0la nostra escola. Amb l&#8217;ajuda de fotografies [&hellip;]<\/p>\n","protected":false},"author":9,"featured_media":3570,"comment_status":"open","ping_status":"open","sticky":false,"template":"","format":"standard","meta":{"_bbp_topic_count":0,"_bbp_reply_count":0,"_bbp_total_topic_count":0,"_bbp_total_reply_count":0,"_bbp_voice_count":0,"_bbp_anonymous_reply_count":0,"_bbp_topic_count_hidden":0,"_bbp_reply_count_hidden":0,"_bbp_forum_subforum_count":0,"site-sidebar-layout":"default","site-content-layout":"","ast-site-content-layout":"","site-content-style":"default","site-sidebar-style":"default","ast-global-header-display":"","ast-banner-title-visibility":"","ast-main-header-display":"","ast-hfb-above-header-display":"","ast-hfb-below-header-display":"","ast-hfb-mobile-header-display":"","site-post-title":"","ast-breadcrumbs-content":"","ast-featured-img":"","footer-sml-layout":"","theme-transparent-header-meta":"","adv-header-id-meta":"","stick-header-meta":"","header-above-stick-meta":"","header-main-stick-meta":"","header-below-stick-meta":"","astra-migrate-meta-layouts":"default","ast-page-background-enabled":"default","ast-page-background-meta":{"desktop":{"background-color":"var(--ast-global-color-4)","background-image":"","background-repeat":"repeat","background-position":"center center","background-size":"auto","background-attachment":"scroll","background-type":"","background-media":"","overlay-type":"","overlay-color":"","overlay-opacity":"","overlay-gradient":""},"tablet":{"background-color":"","background-image":"","background-repeat":"repeat","background-position":"center center","background-size":"auto","background-attachment":"scroll","background-type":"","background-media":"","overlay-type":"","overlay-color":"","overlay-opacity":"","overlay-gradient":""},"mobile":{"background-color":"","background-image":"","background-repeat":"repeat","background-position":"center center","background-size":"auto","background-attachment":"scroll","background-type":"","background-media":"","overlay-type":"","overlay-color":"","overlay-opacity":"","overlay-gradient":""}},"ast-content-background-meta":{"desktop":{"background-color":"var(--ast-global-color-5)","background-image":"","background-repeat":"repeat","background-position":"center center","background-size":"auto","background-attachment":"scroll","background-type":"","background-media":"","overlay-type":"","overlay-color":"","overlay-opacity":"","overlay-gradient":""},"tablet":{"background-color":"var(--ast-global-color-5)","background-image":"","background-repeat":"repeat","background-position":"center center","background-size":"auto","background-attachment":"scroll","background-type":"","background-media":"","overlay-type":"","overlay-color":"","overlay-opacity":"","overlay-gradient":""},"mobile":{"background-color":"var(--ast-global-color-5)","background-image":"","background-repeat":"repeat","background-position":"center center","background-size":"auto","background-attachment":"scroll","background-type":"","background-media":"","overlay-type":"","overlay-color":"","overlay-opacity":"","overlay-gradient":""}},"footnotes":""},"categories":[14,27,4,5],"tags":[32,106],"class_list":["post-3562","post","type-post","status-publish","format-standard","has-post-thumbnail","hentry","category-cicle_superior","category-xarxa-descoles-historiques-de-barcelona-xehb","category-portada","category-primaria","tag-barri","tag-poble-sec"],"post_mailing_queue_ids":[],"_links":{"self":[{"href":"https:\/\/agora.xtec.cat\/ceip-mcinto-verdaguer\/wp-json\/wp\/v2\/posts\/3562","targetHints":{"allow":["GET"]}}],"collection":[{"href":"https:\/\/agora.xtec.cat\/ceip-mcinto-verdaguer\/wp-json\/wp\/v2\/posts"}],"about":[{"href":"https:\/\/agora.xtec.cat\/ceip-mcinto-verdaguer\/wp-json\/wp\/v2\/types\/post"}],"author":[{"embeddable":true,"href":"https:\/\/agora.xtec.cat\/ceip-mcinto-verdaguer\/wp-json\/wp\/v2\/users\/9"}],"replies":[{"embeddable":true,"href":"https:\/\/agora.xtec.cat\/ceip-mcinto-verdaguer\/wp-json\/wp\/v2\/comments?post=3562"}],"version-history":[{"count":3,"href":"https:\/\/agora.xtec.cat\/ceip-mcinto-verdaguer\/wp-json\/wp\/v2\/posts\/3562\/revisions"}],"predecessor-version":[{"id":3577,"href":"https:\/\/agora.xtec.cat\/ceip-mcinto-verdaguer\/wp-json\/wp\/v2\/posts\/3562\/revisions\/3577"}],"wp:featuredmedia":[{"embeddable":true,"href":"https:\/\/agora.xtec.cat\/ceip-mcinto-verdaguer\/wp-json\/wp\/v2\/media\/3570"}],"wp:attachment":[{"href":"https:\/\/agora.xtec.cat\/ceip-mcinto-verdaguer\/wp-json\/wp\/v2\/media?parent=3562"}],"wp:term":[{"taxonomy":"category","embeddable":true,"href":"https:\/\/agora.xtec.cat\/ceip-mcinto-verdaguer\/wp-json\/wp\/v2\/categories?post=3562"},{"taxonomy":"post_tag","embeddable":true,"href":"https:\/\/agora.xtec.cat\/ceip-mcinto-verdaguer\/wp-json\/wp\/v2\/tags?post=3562"}],"curies":[{"name":"wp","href":"https:\/\/api.w.org\/{rel}","templated":true}]}}