{"id":3036,"date":"2017-03-03T19:14:28","date_gmt":"2017-03-03T18:14:28","guid":{"rendered":"http:\/\/agora.xtec.cat\/ceip-mcinto-verdaguer\/?p=3036"},"modified":"2017-03-03T19:14:28","modified_gmt":"2017-03-03T18:14:28","slug":"trobada-veinal-per-lhabitatge-a-poble-sec-el-dissabte-4-marc-11h","status":"publish","type":"post","link":"https:\/\/agora.xtec.cat\/ceip-mcinto-verdaguer\/afa\/trobada-veinal-per-lhabitatge-a-poble-sec-el-dissabte-4-marc-11h\/","title":{"rendered":"Trobada ve\u00efnal per l\u2019habitatge a Poble Sec el Dissabte 4 mar\u00e7 \u2013 11h"},"content":{"rendered":"<p><a href=\"http:\/\/agora.xtec.cat\/ceip-mcinto-verdaguer\/wp-content\/uploads\/usu657\/2017\/03\/5punts_gloria-853x1024.png\"><img loading=\"lazy\" decoding=\"async\" class=\"alignnone wp-image-3037\" src=\"http:\/\/agora.xtec.cat\/ceip-mcinto-verdaguer\/wp-content\/uploads\/usu657\/2017\/03\/5punts_gloria-853x1024-250x300.png\" alt=\"5punts_gloria-853x1024\" width=\"417\" height=\"500\" srcset=\"https:\/\/agora.xtec.cat\/ceip-mcinto-verdaguer\/wp-content\/uploads\/usu657\/2017\/03\/5punts_gloria-853x1024-250x300.png 250w, https:\/\/agora.xtec.cat\/ceip-mcinto-verdaguer\/wp-content\/uploads\/usu657\/2017\/03\/5punts_gloria-853x1024-768x922.png 768w, https:\/\/agora.xtec.cat\/ceip-mcinto-verdaguer\/wp-content\/uploads\/usu657\/2017\/03\/5punts_gloria-853x1024.png 853w\" sizes=\"auto, (max-width: 417px) 100vw, 417px\" \/><\/a><\/p>\n<p><strong>Dissabte, 4 de mar\u00e7<\/strong>, diversos col\u00b7lectius i entitats del barri convidem a totes les ve\u00efnes i ve\u00efns del Poble Sec a:\ufffc<br \/>\n<strong>11 h \u2013 Acte i cerca-vila a la pla\u00e7a del Setge de 1714 (c\/Conc\u00f2rdia amb Radas)<\/strong><br \/>\n<strong>14 h \u2013 Dinar i micro obert: vine a explicar el teu cas. Pla\u00e7a del Sortidor.<\/strong><\/p>\n<blockquote><p>\u2026per trobar solucions a aquesta situaci\u00f3 i per compartir les nostres experi\u00e8ncies et demanem que el dissabte dia 4 de mar\u00e7 vinguis a la Trobada Ve\u00efnal per l\u2019Habitatge al Poble-sec. T\u2019hi esperem!<\/p><\/blockquote>\n<p>&nbsp;<\/p>\n<p><strong>S\u00e1bado, 4 de marzo<\/strong>, diversos colectivos y entidades del barrio invitamos a todas las vecinas y vecinos del Poble Sec a:<br \/>\n<strong>11 h \u2013 Acto y pasa calles en la plaza del Setge de 1714 (c\/Conc\u00f2rdia amb Radas)<\/strong><br \/>\n<strong>14 h \u2013 Comida y micro abierto: ven a explicar tu caso. Plaza del Sortidor.<\/strong><\/p>\n<blockquote><p>\u2026para encontrar soluciones a esta situaci\u00f3n y para compartir nuestras experiencias te pedimos que el S\u00e1bado d\u00eda 4 de Marzo vengas a la \u201cTrobada Ve\u00efnal per l\u2019Habitatge al Poble-sec\u201d. Te esperamos!<\/p><\/blockquote>\n<p><strong>Per qu\u00e8? Perqu\u00e8 ens fan fora del barri\u2026<\/strong><br \/>\nAl Poble-sec els lloguers no paren de pujar de preu (m\u00e9s d\u2019un 10% en els darrers anys). Els contractes es renoven amb preus abusius que ens porten a haver de marxar del barri. Pel que fa a la compra de pisos, prop del 60% estan sent adquirits per fons d\u2019inversi\u00f3, bancs i immobili\u00e0ries, \u00e9s a dir, no s\u00f3n noves ve\u00efnes que vindran a compartir els nostres carrers sin\u00f3 especuladors que juguen amb el nostre dret a viure al barri. Per nosaltres \u00e9s la vida, per elles \u00e9s un negoci.<\/p>\n<p>Ara ens diuen que es faran reformes als carrers Conc\u00f2rdia i Radas, com abans es van fer al carrer Blai i a l\u2019avinguda Paral\u00b7lel\u2026 per\u00f2 s\u2019han previst mesures per aturar la pujada de lloguers que comporten aquestes remodelacions?? NO.<\/p>\n","protected":false},"excerpt":{"rendered":"<p>Dissabte, 4 de mar\u00e7, diversos col\u00b7lectius i entitats del barri convidem a totes les ve\u00efnes i ve\u00efns del Poble Sec a:\ufffc 11 h \u2013 Acte i cerca-vila a la pla\u00e7a del Setge de 1714 (c\/Conc\u00f2rdia amb Radas) 14 h \u2013 Dinar i micro obert: vine a explicar el teu cas. Pla\u00e7a del Sortidor. \u2026per trobar [&hellip;]<\/p>\n","protected":false},"author":10,"featured_media":3037,"comment_status":"open","ping_status":"open","sticky":false,"template":"","format":"standard","meta":{"_bbp_topic_count":0,"_bbp_reply_count":0,"_bbp_total_topic_count":0,"_bbp_total_reply_count":0,"_bbp_voice_count":0,"_bbp_anonymous_reply_count":0,"_bbp_topic_count_hidden":0,"_bbp_reply_count_hidden":0,"_bbp_forum_subforum_count":0,"site-sidebar-layout":"default","site-content-layout":"","ast-site-content-layout":"","site-content-style":"default","site-sidebar-style":"default","ast-global-header-display":"","ast-banner-title-visibility":"","ast-main-header-display":"","ast-hfb-above-header-display":"","ast-hfb-below-header-display":"","ast-hfb-mobile-header-display":"","site-post-title":"","ast-breadcrumbs-content":"","ast-featured-img":"","footer-sml-layout":"","theme-transparent-header-meta":"","adv-header-id-meta":"","stick-header-meta":"","header-above-stick-meta":"","header-main-stick-meta":"","header-below-stick-meta":"","astra-migrate-meta-layouts":"default","ast-page-background-enabled":"default","ast-page-background-meta":{"desktop":{"background-color":"var(--ast-global-color-4)","background-image":"","background-repeat":"repeat","background-position":"center center","background-size":"auto","background-attachment":"scroll","background-type":"","background-media":"","overlay-type":"","overlay-color":"","overlay-opacity":"","overlay-gradient":""},"tablet":{"background-color":"","background-image":"","background-repeat":"repeat","background-position":"center center","background-size":"auto","background-attachment":"scroll","background-type":"","background-media":"","overlay-type":"","overlay-color":"","overlay-opacity":"","overlay-gradient":""},"mobile":{"background-color":"","background-image":"","background-repeat":"repeat","background-position":"center center","background-size":"auto","background-attachment":"scroll","background-type":"","background-media":"","overlay-type":"","overlay-color":"","overlay-opacity":"","overlay-gradient":""}},"ast-content-background-meta":{"desktop":{"background-color":"var(--ast-global-color-5)","background-image":"","background-repeat":"repeat","background-position":"center center","background-size":"auto","background-attachment":"scroll","background-type":"","background-media":"","overlay-type":"","overlay-color":"","overlay-opacity":"","overlay-gradient":""},"tablet":{"background-color":"var(--ast-global-color-5)","background-image":"","background-repeat":"repeat","background-position":"center center","background-size":"auto","background-attachment":"scroll","background-type":"","background-media":"","overlay-type":"","overlay-color":"","overlay-opacity":"","overlay-gradient":""},"mobile":{"background-color":"var(--ast-global-color-5)","background-image":"","background-repeat":"repeat","background-position":"center center","background-size":"auto","background-attachment":"scroll","background-type":"","background-media":"","overlay-type":"","overlay-color":"","overlay-opacity":"","overlay-gradient":""}},"footnotes":""},"categories":[7],"tags":[98,32,106],"class_list":["post-3036","post","type-post","status-publish","format-standard","has-post-thumbnail","hentry","category-afa","tag-ampa","tag-barri","tag-poble-sec"],"post_mailing_queue_ids":[],"_links":{"self":[{"href":"https:\/\/agora.xtec.cat\/ceip-mcinto-verdaguer\/wp-json\/wp\/v2\/posts\/3036","targetHints":{"allow":["GET"]}}],"collection":[{"href":"https:\/\/agora.xtec.cat\/ceip-mcinto-verdaguer\/wp-json\/wp\/v2\/posts"}],"about":[{"href":"https:\/\/agora.xtec.cat\/ceip-mcinto-verdaguer\/wp-json\/wp\/v2\/types\/post"}],"author":[{"embeddable":true,"href":"https:\/\/agora.xtec.cat\/ceip-mcinto-verdaguer\/wp-json\/wp\/v2\/users\/10"}],"replies":[{"embeddable":true,"href":"https:\/\/agora.xtec.cat\/ceip-mcinto-verdaguer\/wp-json\/wp\/v2\/comments?post=3036"}],"version-history":[{"count":3,"href":"https:\/\/agora.xtec.cat\/ceip-mcinto-verdaguer\/wp-json\/wp\/v2\/posts\/3036\/revisions"}],"predecessor-version":[{"id":3042,"href":"https:\/\/agora.xtec.cat\/ceip-mcinto-verdaguer\/wp-json\/wp\/v2\/posts\/3036\/revisions\/3042"}],"wp:featuredmedia":[{"embeddable":true,"href":"https:\/\/agora.xtec.cat\/ceip-mcinto-verdaguer\/wp-json\/wp\/v2\/media\/3037"}],"wp:attachment":[{"href":"https:\/\/agora.xtec.cat\/ceip-mcinto-verdaguer\/wp-json\/wp\/v2\/media?parent=3036"}],"wp:term":[{"taxonomy":"category","embeddable":true,"href":"https:\/\/agora.xtec.cat\/ceip-mcinto-verdaguer\/wp-json\/wp\/v2\/categories?post=3036"},{"taxonomy":"post_tag","embeddable":true,"href":"https:\/\/agora.xtec.cat\/ceip-mcinto-verdaguer\/wp-json\/wp\/v2\/tags?post=3036"}],"curies":[{"name":"wp","href":"https:\/\/api.w.org\/{rel}","templated":true}]}}