{"id":2307,"date":"2016-06-15T07:59:31","date_gmt":"2016-06-15T05:59:31","guid":{"rendered":"http:\/\/agora.xtec.cat\/ceip-mcinto-verdaguer\/?p=2307"},"modified":"2019-11-26T19:09:13","modified_gmt":"2019-11-26T18:09:13","slug":"ja-tenim-de-nou-la-mostra-dels-projectes-tandem","status":"publish","type":"post","link":"https:\/\/agora.xtec.cat\/ceip-mcinto-verdaguer\/general\/ja-tenim-de-nou-la-mostra-dels-projectes-tandem\/","title":{"rendered":"Ja tenim de nou la mostra dels Projectes T\u00c0NDEM!"},"content":{"rendered":"<p>&nbsp;<\/p>\n<p><a href=\"http:\/\/agora.xtec.cat\/ceip-mcinto-verdaguer\/wp-content\/uploads\/usu657\/2016\/06\/Programa-imatge-1.png\" rel=\"attachment wp-att-2325\"><img loading=\"lazy\" decoding=\"async\" class=\"aligncenter size-medium wp-image-2325\" src=\"http:\/\/agora.xtec.cat\/ceip-mcinto-verdaguer\/wp-content\/uploads\/usu657\/2016\/06\/Programa-imatge-1-300x214.png\" alt=\"Programa imatge 1\" width=\"300\" height=\"214\" srcset=\"https:\/\/agora.xtec.cat\/ceip-mcinto-verdaguer\/wp-content\/uploads\/usu657\/2016\/06\/Programa-imatge-1-300x214.png 300w, https:\/\/agora.xtec.cat\/ceip-mcinto-verdaguer\/wp-content\/uploads\/usu657\/2016\/06\/Programa-imatge-1-768x547.png 768w, https:\/\/agora.xtec.cat\/ceip-mcinto-verdaguer\/wp-content\/uploads\/usu657\/2016\/06\/Programa-imatge-1.png 982w\" sizes=\"auto, (max-width: 300px) 100vw, 300px\" \/><\/a> <a href=\"http:\/\/agora.xtec.cat\/ceip-mcinto-verdaguer\/wp-content\/uploads\/usu657\/2016\/06\/Programa-imatge.png\" rel=\"attachment wp-att-2326\"><img loading=\"lazy\" decoding=\"async\" class=\"aligncenter size-medium wp-image-2326\" src=\"http:\/\/agora.xtec.cat\/ceip-mcinto-verdaguer\/wp-content\/uploads\/usu657\/2016\/06\/Programa-imatge-300x212.png\" alt=\"Programa imatge\" width=\"300\" height=\"212\" srcset=\"https:\/\/agora.xtec.cat\/ceip-mcinto-verdaguer\/wp-content\/uploads\/usu657\/2016\/06\/Programa-imatge-300x212.png 300w, https:\/\/agora.xtec.cat\/ceip-mcinto-verdaguer\/wp-content\/uploads\/usu657\/2016\/06\/Programa-imatge-768x543.png 768w, https:\/\/agora.xtec.cat\/ceip-mcinto-verdaguer\/wp-content\/uploads\/usu657\/2016\/06\/Programa-imatge.png 976w\" sizes=\"auto, (max-width: 300px) 100vw, 300px\" \/><\/a>Un any m\u00e9s, donem cloenda a les activitats escolars amb la mostra d&#8217;un dels projectes treballats a l&#8217;aula. Els projectes d&#8217;aula prenen sentit quan els continguts de les \u00e0rees s&#8217;interrelacionen facilitant l&#8217;aprenentatge de les compet\u00e8ncies b\u00e0siques. Llengua, medi, matem\u00e0tiques, m\u00fasica&#8230;&#8230; hi s\u00f3n presents.<\/p>\n<p>Avui, dimecres 15 de juny Ed. Infantil i C. Inicial mostraran el seu projecte a la resta de companys de l&#8217;escola.<\/p>\n<p>Dem\u00e0, dijous 16 de juny ser\u00e0 C. Mitj\u00e0 i Superior qui el mostrar\u00e0.<\/p>\n<p>Les fam\u00edlies podreu veure la totalitat dels projectes segons s&#8217;indica en el programa adjunt, el divendres 17 de juny.<\/p>\n<p>Ens agradar\u00e0 molt compartir amb vosaltres tot el que hem apr\u00e8s!<\/p>\n","protected":false},"excerpt":{"rendered":"<p>&nbsp; Un any m\u00e9s, donem cloenda a les activitats escolars amb la mostra d&#8217;un dels projectes treballats a l&#8217;aula. Els projectes d&#8217;aula prenen sentit quan els continguts de les \u00e0rees s&#8217;interrelacionen facilitant l&#8217;aprenentatge de les compet\u00e8ncies b\u00e0siques. Llengua, medi, matem\u00e0tiques, m\u00fasica&#8230;&#8230; hi s\u00f3n presents. Avui, dimecres 15 de juny Ed. Infantil i C. Inicial mostraran [&hellip;]<\/p>\n","protected":false},"author":11,"featured_media":2326,"comment_status":"open","ping_status":"open","sticky":false,"template":"","format":"standard","meta":{"_bbp_topic_count":0,"_bbp_reply_count":0,"_bbp_total_topic_count":0,"_bbp_total_reply_count":0,"_bbp_voice_count":0,"_bbp_anonymous_reply_count":0,"_bbp_topic_count_hidden":0,"_bbp_reply_count_hidden":0,"_bbp_forum_subforum_count":0,"site-sidebar-layout":"default","site-content-layout":"","ast-site-content-layout":"","site-content-style":"default","site-sidebar-style":"default","ast-global-header-display":"","ast-banner-title-visibility":"","ast-main-header-display":"","ast-hfb-above-header-display":"","ast-hfb-below-header-display":"","ast-hfb-mobile-header-display":"","site-post-title":"","ast-breadcrumbs-content":"","ast-featured-img":"","footer-sml-layout":"","theme-transparent-header-meta":"","adv-header-id-meta":"","stick-header-meta":"","header-above-stick-meta":"","header-main-stick-meta":"","header-below-stick-meta":"","astra-migrate-meta-layouts":"default","ast-page-background-enabled":"default","ast-page-background-meta":{"desktop":{"background-color":"var(--ast-global-color-4)","background-image":"","background-repeat":"repeat","background-position":"center center","background-size":"auto","background-attachment":"scroll","background-type":"","background-media":"","overlay-type":"","overlay-color":"","overlay-opacity":"","overlay-gradient":""},"tablet":{"background-color":"","background-image":"","background-repeat":"repeat","background-position":"center center","background-size":"auto","background-attachment":"scroll","background-type":"","background-media":"","overlay-type":"","overlay-color":"","overlay-opacity":"","overlay-gradient":""},"mobile":{"background-color":"","background-image":"","background-repeat":"repeat","background-position":"center center","background-size":"auto","background-attachment":"scroll","background-type":"","background-media":"","overlay-type":"","overlay-color":"","overlay-opacity":"","overlay-gradient":""}},"ast-content-background-meta":{"desktop":{"background-color":"var(--ast-global-color-5)","background-image":"","background-repeat":"repeat","background-position":"center center","background-size":"auto","background-attachment":"scroll","background-type":"","background-media":"","overlay-type":"","overlay-color":"","overlay-opacity":"","overlay-gradient":""},"tablet":{"background-color":"var(--ast-global-color-5)","background-image":"","background-repeat":"repeat","background-position":"center center","background-size":"auto","background-attachment":"scroll","background-type":"","background-media":"","overlay-type":"","overlay-color":"","overlay-opacity":"","overlay-gradient":""},"mobile":{"background-color":"var(--ast-global-color-5)","background-image":"","background-repeat":"repeat","background-position":"center center","background-size":"auto","background-attachment":"scroll","background-type":"","background-media":"","overlay-type":"","overlay-color":"","overlay-opacity":"","overlay-gradient":""}},"footnotes":""},"categories":[1,4,23,22],"tags":[90,171],"class_list":["post-2307","post","type-post","status-publish","format-standard","has-post-thumbnail","hentry","category-general","category-portada","category-projecte-tandem","category-projectes","tag-musica","tag-tandem"],"post_mailing_queue_ids":[],"_links":{"self":[{"href":"https:\/\/agora.xtec.cat\/ceip-mcinto-verdaguer\/wp-json\/wp\/v2\/posts\/2307","targetHints":{"allow":["GET"]}}],"collection":[{"href":"https:\/\/agora.xtec.cat\/ceip-mcinto-verdaguer\/wp-json\/wp\/v2\/posts"}],"about":[{"href":"https:\/\/agora.xtec.cat\/ceip-mcinto-verdaguer\/wp-json\/wp\/v2\/types\/post"}],"author":[{"embeddable":true,"href":"https:\/\/agora.xtec.cat\/ceip-mcinto-verdaguer\/wp-json\/wp\/v2\/users\/11"}],"replies":[{"embeddable":true,"href":"https:\/\/agora.xtec.cat\/ceip-mcinto-verdaguer\/wp-json\/wp\/v2\/comments?post=2307"}],"version-history":[{"count":3,"href":"https:\/\/agora.xtec.cat\/ceip-mcinto-verdaguer\/wp-json\/wp\/v2\/posts\/2307\/revisions"}],"predecessor-version":[{"id":2328,"href":"https:\/\/agora.xtec.cat\/ceip-mcinto-verdaguer\/wp-json\/wp\/v2\/posts\/2307\/revisions\/2328"}],"wp:featuredmedia":[{"embeddable":true,"href":"https:\/\/agora.xtec.cat\/ceip-mcinto-verdaguer\/wp-json\/wp\/v2\/media\/2326"}],"wp:attachment":[{"href":"https:\/\/agora.xtec.cat\/ceip-mcinto-verdaguer\/wp-json\/wp\/v2\/media?parent=2307"}],"wp:term":[{"taxonomy":"category","embeddable":true,"href":"https:\/\/agora.xtec.cat\/ceip-mcinto-verdaguer\/wp-json\/wp\/v2\/categories?post=2307"},{"taxonomy":"post_tag","embeddable":true,"href":"https:\/\/agora.xtec.cat\/ceip-mcinto-verdaguer\/wp-json\/wp\/v2\/tags?post=2307"}],"curies":[{"name":"wp","href":"https:\/\/api.w.org\/{rel}","templated":true}]}}