{"id":1652,"date":"2014-09-15T08:21:01","date_gmt":"2014-09-15T06:21:01","guid":{"rendered":"http:\/\/agora.xtec.cat\/ceip-mcinto-verdaguer\/general\/benvinguts-i-benvingudes-al-nou-curs-escolar-2014-15\/"},"modified":"2019-11-26T19:57:37","modified_gmt":"2019-11-26T18:57:37","slug":"benvinguts-i-benvingudes-al-nou-curs-escolar-2014-15","status":"publish","type":"post","link":"https:\/\/agora.xtec.cat\/ceip-mcinto-verdaguer\/general\/benvinguts-i-benvingudes-al-nou-curs-escolar-2014-15\/","title":{"rendered":"Benvinguts i benvingudes al nou curs escolar 2014-15"},"content":{"rendered":"<p align=\"center\"><img loading=\"lazy\" decoding=\"async\" src=\"http:\/\/agora.xtec.cat\/ceip-mcinto-verdaguer\/wp-content\/uploads\/usu657\/2016\/04\/obres.jpg\" alt=\"\" width=\"380\" height=\"214\" \/><\/p>\n<p>Iniciem el curs amb una molt bona not\u00edcia.<\/p>\n<p>La Fira ha cedit una part dels seus terrenys a l&#8217;escola Mn. Cinto!<\/p>\n<p>Durant l&#8217;estiu les m\u00e0quines han enderrocat el mur de separaci\u00f3 de la Fira amb l&#8217;escola i n&#8217;han constru\u00eft un de nou uns metres m\u00e9s enll\u00e0. De moment tenim una colla de metres m\u00e9s de pati a l&#8217;espera de la construcci\u00f3 del nou edifici, en vies de licitaci\u00f3, que resoldr\u00e0 les mancances d&#8217;espai i adequar\u00e0 l&#8217;escola a les necessitats actuals.<\/p>\n<p>Amb aquesta bona not\u00edcia els mestres i les mestres de l&#8217;escola us donem la benvinguda al nou curs 2014-15 tot treballant per una escola catalana, plural, arrelada al barri on els nens i nenes siguin capa\u00e7os d&#8217;adquirir l&#8217;autonomia de treball necessari per assolir les compet\u00e8ncies b\u00e0siques.<\/p>\n","protected":false},"excerpt":{"rendered":"<p>Iniciem el curs amb una molt bona not\u00edcia. La Fira ha cedit una part dels seus terrenys a l&#8217;escola Mn. Cinto! Durant l&#8217;estiu les m\u00e0quines han enderrocat el mur de separaci\u00f3 de la Fira amb l&#8217;escola i n&#8217;han constru\u00eft un de nou uns metres m\u00e9s enll\u00e0. De moment tenim una colla de metres m\u00e9s de [&hellip;]<\/p>\n","protected":false},"author":1,"featured_media":1651,"comment_status":"open","ping_status":"open","sticky":false,"template":"","format":"standard","meta":{"_bbp_topic_count":0,"_bbp_reply_count":0,"_bbp_total_topic_count":0,"_bbp_total_reply_count":0,"_bbp_voice_count":0,"_bbp_anonymous_reply_count":0,"_bbp_topic_count_hidden":0,"_bbp_reply_count_hidden":0,"_bbp_forum_subforum_count":0,"site-sidebar-layout":"default","site-content-layout":"","ast-site-content-layout":"","site-content-style":"default","site-sidebar-style":"default","ast-global-header-display":"","ast-banner-title-visibility":"","ast-main-header-display":"","ast-hfb-above-header-display":"","ast-hfb-below-header-display":"","ast-hfb-mobile-header-display":"","site-post-title":"","ast-breadcrumbs-content":"","ast-featured-img":"","footer-sml-layout":"","theme-transparent-header-meta":"","adv-header-id-meta":"","stick-header-meta":"","header-above-stick-meta":"","header-main-stick-meta":"","header-below-stick-meta":"","astra-migrate-meta-layouts":"default","ast-page-background-enabled":"default","ast-page-background-meta":{"desktop":{"background-color":"var(--ast-global-color-4)","background-image":"","background-repeat":"repeat","background-position":"center center","background-size":"auto","background-attachment":"scroll","background-type":"","background-media":"","overlay-type":"","overlay-color":"","overlay-opacity":"","overlay-gradient":""},"tablet":{"background-color":"","background-image":"","background-repeat":"repeat","background-position":"center center","background-size":"auto","background-attachment":"scroll","background-type":"","background-media":"","overlay-type":"","overlay-color":"","overlay-opacity":"","overlay-gradient":""},"mobile":{"background-color":"","background-image":"","background-repeat":"repeat","background-position":"center center","background-size":"auto","background-attachment":"scroll","background-type":"","background-media":"","overlay-type":"","overlay-color":"","overlay-opacity":"","overlay-gradient":""}},"ast-content-background-meta":{"desktop":{"background-color":"var(--ast-global-color-5)","background-image":"","background-repeat":"repeat","background-position":"center center","background-size":"auto","background-attachment":"scroll","background-type":"","background-media":"","overlay-type":"","overlay-color":"","overlay-opacity":"","overlay-gradient":""},"tablet":{"background-color":"var(--ast-global-color-5)","background-image":"","background-repeat":"repeat","background-position":"center center","background-size":"auto","background-attachment":"scroll","background-type":"","background-media":"","overlay-type":"","overlay-color":"","overlay-opacity":"","overlay-gradient":""},"mobile":{"background-color":"var(--ast-global-color-5)","background-image":"","background-repeat":"repeat","background-position":"center center","background-size":"auto","background-attachment":"scroll","background-type":"","background-media":"","overlay-type":"","overlay-color":"","overlay-opacity":"","overlay-gradient":""}},"footnotes":""},"categories":[1,4,67],"tags":[147],"class_list":["post-1652","post","type-post","status-publish","format-standard","has-post-thumbnail","hentry","category-general","category-portada","category-web-antiga","tag-escola"],"post_mailing_queue_ids":[],"_links":{"self":[{"href":"https:\/\/agora.xtec.cat\/ceip-mcinto-verdaguer\/wp-json\/wp\/v2\/posts\/1652","targetHints":{"allow":["GET"]}}],"collection":[{"href":"https:\/\/agora.xtec.cat\/ceip-mcinto-verdaguer\/wp-json\/wp\/v2\/posts"}],"about":[{"href":"https:\/\/agora.xtec.cat\/ceip-mcinto-verdaguer\/wp-json\/wp\/v2\/types\/post"}],"author":[{"embeddable":true,"href":"https:\/\/agora.xtec.cat\/ceip-mcinto-verdaguer\/wp-json\/wp\/v2\/users\/1"}],"replies":[{"embeddable":true,"href":"https:\/\/agora.xtec.cat\/ceip-mcinto-verdaguer\/wp-json\/wp\/v2\/comments?post=1652"}],"version-history":[{"count":1,"href":"https:\/\/agora.xtec.cat\/ceip-mcinto-verdaguer\/wp-json\/wp\/v2\/posts\/1652\/revisions"}],"predecessor-version":[{"id":1922,"href":"https:\/\/agora.xtec.cat\/ceip-mcinto-verdaguer\/wp-json\/wp\/v2\/posts\/1652\/revisions\/1922"}],"wp:featuredmedia":[{"embeddable":true,"href":"https:\/\/agora.xtec.cat\/ceip-mcinto-verdaguer\/wp-json\/wp\/v2\/media\/1651"}],"wp:attachment":[{"href":"https:\/\/agora.xtec.cat\/ceip-mcinto-verdaguer\/wp-json\/wp\/v2\/media?parent=1652"}],"wp:term":[{"taxonomy":"category","embeddable":true,"href":"https:\/\/agora.xtec.cat\/ceip-mcinto-verdaguer\/wp-json\/wp\/v2\/categories?post=1652"},{"taxonomy":"post_tag","embeddable":true,"href":"https:\/\/agora.xtec.cat\/ceip-mcinto-verdaguer\/wp-json\/wp\/v2\/tags?post=1652"}],"curies":[{"name":"wp","href":"https:\/\/api.w.org\/{rel}","templated":true}]}}