{"id":12829,"date":"2026-04-26T17:52:50","date_gmt":"2026-04-26T15:52:50","guid":{"rendered":"https:\/\/agora.xtec.cat\/ceip-masiperera\/?p=12829"},"modified":"2026-04-26T17:52:50","modified_gmt":"2026-04-26T15:52:50","slug":"%f0%9f%8c%b9-sant-jordi-al-mas-i-perera-participacio-creativitat-i-comunitat-%f0%9f%93%9a%f0%9f%8e%ad","status":"publish","type":"post","link":"https:\/\/agora.xtec.cat\/ceip-masiperera\/ampa\/%f0%9f%8c%b9-sant-jordi-al-mas-i-perera-participacio-creativitat-i-comunitat-%f0%9f%93%9a%f0%9f%8e%ad\/","title":{"rendered":"\ud83c\udf39 Sant Jordi al Mas i Perera: participaci\u00f3, creativitat i comunitat \ud83d\udcda\ud83c\udfad"},"content":{"rendered":"<p data-start=\"79\" data-end=\"208\">Un any m\u00e9s, a l\u2019AFA del Mas i Perera hem tornat a viure una diada de Sant Jordi plena de vida, implicaci\u00f3 i molta creativitat. \ud83d\udc9b<\/p>\n<p data-start=\"210\" data-end=\"527\">El <strong data-start=\"213\" data-end=\"238\">concurs de capgrossos<\/strong> ha tornat a ser tot un \u00e8xit de participaci\u00f3, amb <strong data-start=\"288\" data-end=\"304\">21 creacions<\/strong> elaborades pels infants de l\u2019escola. \ud83d\udc67\ud83d\udc66 Aquestes obres, repartides per cicles, han omplert l\u2019espai d\u2019imaginaci\u00f3, color i hist\u00f2ries pr\u00f2pies, demostrant \u2014un cop m\u00e9s\u2014 el talent i les ganes de crear dels nostres infants. \ud83c\udfa8\u2728<\/p>\n<p data-start=\"210\" data-end=\"527\">\ud83d\udcf8 <em data-start=\"532\" data-end=\"613\">Us deixem aqu\u00ed una imatge dels capgrossos participants, que parlen per si sols!<\/em><\/p>\n<p data-start=\"210\" data-end=\"527\"><a href=\"https:\/\/agora.xtec.cat\/ceip-masiperera\/wp-content\/uploads\/usu690\/2026\/04\/Capgrossos-2026-210-x-297-mm.png\"><img loading=\"lazy\" decoding=\"async\" class=\"wp-image-12830 aligncenter\" src=\"https:\/\/agora.xtec.cat\/ceip-masiperera\/wp-content\/uploads\/usu690\/2026\/04\/Capgrossos-2026-210-x-297-mm.png\" alt=\"\" width=\"841\" height=\"422\" srcset=\"https:\/\/agora.xtec.cat\/ceip-masiperera\/wp-content\/uploads\/usu690\/2026\/04\/Capgrossos-2026-210-x-297-mm.png 1138w, https:\/\/agora.xtec.cat\/ceip-masiperera\/wp-content\/uploads\/usu690\/2026\/04\/Capgrossos-2026-210-x-297-mm-300x151.png 300w, https:\/\/agora.xtec.cat\/ceip-masiperera\/wp-content\/uploads\/usu690\/2026\/04\/Capgrossos-2026-210-x-297-mm-1024x514.png 1024w, https:\/\/agora.xtec.cat\/ceip-masiperera\/wp-content\/uploads\/usu690\/2026\/04\/Capgrossos-2026-210-x-297-mm-768x385.png 768w\" sizes=\"auto, (max-width: 841px) 100vw, 841px\" \/><\/a>Aquest any tamb\u00e9 hem introdu\u00eft alguns <strong data-start=\"655\" data-end=\"690\">canvis en el format de la diada<\/strong>, amb la voluntat de fer-la m\u00e9s oberta i participativa per a tothom. Durant tot el dia vam instal\u00b7lar una <strong data-start=\"796\" data-end=\"825\">parada davant de l\u2019escola<\/strong>, que es va convertir en un punt de trobada de fam\u00edlies i comunitat. \ud83c\udf3f\u00a0Hi vam poder trobar: \ud83c\udf39 Roses a preus populars \ud83d\udcd6 Llibres i diaris de lectura \ud83e\udde2 Gorres solid\u00e0ries del projecte <strong data-start=\"1016\" data-end=\"1035\">Posa\u2019t la gorra<\/strong> de l\u2019<a href=\"https:\/\/afanoc.org\/\">AFANOC<\/a>!\u00a0Aquesta parada no nom\u00e9s va permetre apropar Sant Jordi a tothom, sin\u00f3 tamb\u00e9 <strong data-start=\"1121\" data-end=\"1160\">col\u00b7laborar amb projectes solidaris<\/strong> i fomentar valors com la lectura, la cultura i el comprom\u00eds social. \u2764\ufe0f<\/p>\n<p data-start=\"1233\" data-end=\"1552\">A la tarda, l\u2019<strong data-start=\"1247\" data-end=\"1276\">exposici\u00f3 dels capgrossos<\/strong> va esdevenir un dels moments m\u00e9s especials de la jornada. A partir de les 16.30 h, fam\u00edlies i infants van poder gaudir de les creacions i participar en la <strong data-start=\"1432\" data-end=\"1451\">votaci\u00f3 popular<\/strong>, combinant el vot digital amb els vots en paper que els mateixos alumnes havien fet a les aules. \ud83d\uddf3\ufe0f<\/p>\n<p data-start=\"1554\" data-end=\"1701\">Aquesta suma de mirades \u2014fam\u00edlies i infants\u2014 dona encara m\u00e9s valor al concurs, posant al centre la participaci\u00f3 i el reconeixement entre iguals. \ud83e\udd1d\u00a0Des de l\u2019AFA continuem treballant amb il\u00b7lusi\u00f3 per <strong data-start=\"1754\" data-end=\"1771\">fer comunitat<\/strong>, generar espais de trobada i impulsar propostes que connectin escola, fam\u00edlies i entorn. \ud83d\udcab<\/p>\n<p data-start=\"1865\" data-end=\"1974\" data-is-last-node=\"\" data-is-only-node=\"\"><strong>Gr\u00e0cies a totes les fam\u00edlies, infants i persones volunt\u00e0ries que ho han fet possible un any m\u00e9s. Seguim! \ud83c\udf39\ud83d\udcda<\/strong><\/p>\n","protected":false},"excerpt":{"rendered":"<p>Un any m\u00e9s, a l\u2019AFA del Mas i Perera hem tornat a viure una diada de Sant Jordi plena de vida, implicaci\u00f3 i molta creativitat. \ud83d\udc9b<br \/>\nEl concurs de capgrossos ha tornat a ser tot un \u00e8xit de participaci\u00f3, amb 21 creacions elaborades pels infants de&hellip;  <a href=\"https:\/\/agora.xtec.cat\/ceip-masiperera\/ampa\/%f0%9f%8c%b9-sant-jordi-al-mas-i-perera-participacio-creativitat-i-comunitat-%f0%9f%93%9a%f0%9f%8e%ad\/\" title=\"Read \ud83c\udf39 Sant Jordi al Mas i Perera: participaci\u00f3, creativitat i comunitat \ud83d\udcda\ud83c\udfad\">Llegeix m\u00e9s\u00bb<\/a><\/p>\n","protected":false},"author":49,"featured_media":12830,"comment_status":"open","ping_status":"open","sticky":false,"template":"","format":"standard","meta":{"_bbp_topic_count":0,"_bbp_reply_count":0,"_bbp_total_topic_count":0,"_bbp_total_reply_count":0,"_bbp_voice_count":0,"_bbp_anonymous_reply_count":0,"_bbp_topic_count_hidden":0,"_bbp_reply_count_hidden":0,"_bbp_forum_subforum_count":0,"footnotes":""},"categories":[7],"tags":[],"class_list":["post-12829","post","type-post","status-publish","format-standard","has-post-thumbnail","hentry","category-ampa"],"post_mailing_queue_ids":[],"_links":{"self":[{"href":"https:\/\/agora.xtec.cat\/ceip-masiperera\/wp-json\/wp\/v2\/posts\/12829","targetHints":{"allow":["GET"]}}],"collection":[{"href":"https:\/\/agora.xtec.cat\/ceip-masiperera\/wp-json\/wp\/v2\/posts"}],"about":[{"href":"https:\/\/agora.xtec.cat\/ceip-masiperera\/wp-json\/wp\/v2\/types\/post"}],"author":[{"embeddable":true,"href":"https:\/\/agora.xtec.cat\/ceip-masiperera\/wp-json\/wp\/v2\/users\/49"}],"replies":[{"embeddable":true,"href":"https:\/\/agora.xtec.cat\/ceip-masiperera\/wp-json\/wp\/v2\/comments?post=12829"}],"version-history":[{"count":3,"href":"https:\/\/agora.xtec.cat\/ceip-masiperera\/wp-json\/wp\/v2\/posts\/12829\/revisions"}],"predecessor-version":[{"id":12833,"href":"https:\/\/agora.xtec.cat\/ceip-masiperera\/wp-json\/wp\/v2\/posts\/12829\/revisions\/12833"}],"wp:featuredmedia":[{"embeddable":true,"href":"https:\/\/agora.xtec.cat\/ceip-masiperera\/wp-json\/wp\/v2\/media\/12830"}],"wp:attachment":[{"href":"https:\/\/agora.xtec.cat\/ceip-masiperera\/wp-json\/wp\/v2\/media?parent=12829"}],"wp:term":[{"taxonomy":"category","embeddable":true,"href":"https:\/\/agora.xtec.cat\/ceip-masiperera\/wp-json\/wp\/v2\/categories?post=12829"},{"taxonomy":"post_tag","embeddable":true,"href":"https:\/\/agora.xtec.cat\/ceip-masiperera\/wp-json\/wp\/v2\/tags?post=12829"}],"curies":[{"name":"wp","href":"https:\/\/api.w.org\/{rel}","templated":true}]}}