{"id":11200,"date":"2023-11-06T08:18:28","date_gmt":"2023-11-06T07:18:28","guid":{"rendered":"https:\/\/agora.xtec.cat\/ceip-masiperera\/?p=11200"},"modified":"2023-11-24T08:19:20","modified_gmt":"2023-11-24T07:19:20","slug":"a-lescola-vam-celebrar-la-castanyada","status":"publish","type":"post","link":"https:\/\/agora.xtec.cat\/ceip-masiperera\/infantil\/a-lescola-vam-celebrar-la-castanyada\/","title":{"rendered":"A l\u2019escola vam celebrar la Castanyada"},"content":{"rendered":"<p>La Castanyada \u00e9s la primera de les festes i tradicions que celebrem al llarg del curs a l\u2019escola. La celebraci\u00f3 d\u2019aquestes festes ens permet descobrir-les, parlar-ne i treballar-les amb l\u2019alumnat.<\/p>\n<p>Aix\u00ed doncs, el passat 31 d&#8217;octubre vam celebrar la Castanyada a la nostra escola. I vam gaudir d\u2019un dia ben diferent i festiu en qu\u00e8 l\u2019escola es va omplir dels colors de tardor, de castanyers i castanyeres (grans i petits).<\/p>\n<p>Durant el mat\u00ed, la Castanyera va visitar els nens i nenes d&#8217;Infantil i de Cicle Inicial. L&#8217;alumnat de Cicle mitj\u00e0 i Cicle superior van anar a explicar rondalles als altres cursos, i tamb\u00e9 vam fer unes activitats pl\u00e0stiques relacionades amb la tardor.<\/p>\n<p>Vam acabar esmorzant conjuntament al pati i tastant uns xips de moniato exquisits!<\/p>\n<p>A la tarda, vam sortir totes i tots al pati a fer jocs tradicionals.<\/p>\n<p><a href=\"https:\/\/agora.xtec.cat\/ceip-masiperera\/wp-content\/uploads\/usu690\/2023\/11\/Castanaya-23.png\"><img loading=\"lazy\" decoding=\"async\" class=\"size-large wp-image-11207 aligncenter\" src=\"https:\/\/agora.xtec.cat\/ceip-masiperera\/wp-content\/uploads\/usu690\/2023\/11\/Castanaya-23-683x1024.png\" alt=\"\" width=\"683\" height=\"1024\" srcset=\"https:\/\/agora.xtec.cat\/ceip-masiperera\/wp-content\/uploads\/usu690\/2023\/11\/Castanaya-23-683x1024.png 683w, https:\/\/agora.xtec.cat\/ceip-masiperera\/wp-content\/uploads\/usu690\/2023\/11\/Castanaya-23-200x300.png 200w, https:\/\/agora.xtec.cat\/ceip-masiperera\/wp-content\/uploads\/usu690\/2023\/11\/Castanaya-23-768x1152.png 768w, https:\/\/agora.xtec.cat\/ceip-masiperera\/wp-content\/uploads\/usu690\/2023\/11\/Castanaya-23.png 800w\" sizes=\"auto, (max-width: 683px) 100vw, 683px\" \/><\/a><\/p>\n<p>&nbsp;<\/p>\n","protected":false},"excerpt":{"rendered":"<p>La Castanyada \u00e9s la primera de les festes i tradicions que celebrem al llarg del curs a l\u2019escola. La celebraci\u00f3 d\u2019aquestes festes ens permet descobrir-les, parlar-ne i treballar-les amb l\u2019alumnat. Aix\u00ed doncs, el passat 31 d&#8217;octubre vam celebrar la Castanyada a la nostra escola. I vam gaudir d\u2019un dia ben diferent i festiu en qu\u00e8 [&hellip;]<\/p>\n","protected":false},"author":41,"featured_media":0,"comment_status":"closed","ping_status":"closed","sticky":false,"template":"","format":"standard","meta":{"_bbp_topic_count":0,"_bbp_reply_count":0,"_bbp_total_topic_count":0,"_bbp_total_reply_count":0,"_bbp_voice_count":0,"_bbp_anonymous_reply_count":0,"_bbp_topic_count_hidden":0,"_bbp_reply_count_hidden":0,"_bbp_forum_subforum_count":0,"site-sidebar-layout":"default","site-content-layout":"","ast-site-content-layout":"","site-content-style":"default","site-sidebar-style":"default","ast-global-header-display":"","ast-banner-title-visibility":"","ast-main-header-display":"","ast-hfb-above-header-display":"","ast-hfb-below-header-display":"","ast-hfb-mobile-header-display":"","site-post-title":"","ast-breadcrumbs-content":"","ast-featured-img":"","footer-sml-layout":"","theme-transparent-header-meta":"","adv-header-id-meta":"","stick-header-meta":"","header-above-stick-meta":"","header-main-stick-meta":"","header-below-stick-meta":"","astra-migrate-meta-layouts":"default","ast-page-background-enabled":"default","ast-page-background-meta":{"desktop":{"background-color":"var(--ast-global-color-5)","background-image":"","background-repeat":"repeat","background-position":"center center","background-size":"auto","background-attachment":"scroll","background-type":"","background-media":"","overlay-type":"","overlay-color":"","overlay-opacity":"","overlay-gradient":""},"tablet":{"background-color":"","background-image":"","background-repeat":"repeat","background-position":"center center","background-size":"auto","background-attachment":"scroll","background-type":"","background-media":"","overlay-type":"","overlay-color":"","overlay-opacity":"","overlay-gradient":""},"mobile":{"background-color":"","background-image":"","background-repeat":"repeat","background-position":"center center","background-size":"auto","background-attachment":"scroll","background-type":"","background-media":"","overlay-type":"","overlay-color":"","overlay-opacity":"","overlay-gradient":""}},"ast-content-background-meta":{"desktop":{"background-color":"var(--ast-global-color-4)","background-image":"","background-repeat":"repeat","background-position":"center center","background-size":"auto","background-attachment":"scroll","background-type":"","background-media":"","overlay-type":"","overlay-color":"","overlay-opacity":"","overlay-gradient":""},"tablet":{"background-color":"var(--ast-global-color-4)","background-image":"","background-repeat":"repeat","background-position":"center center","background-size":"auto","background-attachment":"scroll","background-type":"","background-media":"","overlay-type":"","overlay-color":"","overlay-opacity":"","overlay-gradient":""},"mobile":{"background-color":"var(--ast-global-color-4)","background-image":"","background-repeat":"repeat","background-position":"center center","background-size":"auto","background-attachment":"scroll","background-type":"","background-media":"","overlay-type":"","overlay-color":"","overlay-opacity":"","overlay-gradient":""}},"footnotes":""},"categories":[29,30,23,457,2],"tags":[136,761],"class_list":["post-11200","post","type-post","status-publish","format-standard","hentry","category-ci","category-cm","category-cs","category-dies-especials","category-infantil","tag-castanyada","tag-curs-22-23"],"post_mailing_queue_ids":[],"_links":{"self":[{"href":"https:\/\/agora.xtec.cat\/ceip-masiperera\/wp-json\/wp\/v2\/posts\/11200","targetHints":{"allow":["GET"]}}],"collection":[{"href":"https:\/\/agora.xtec.cat\/ceip-masiperera\/wp-json\/wp\/v2\/posts"}],"about":[{"href":"https:\/\/agora.xtec.cat\/ceip-masiperera\/wp-json\/wp\/v2\/types\/post"}],"author":[{"embeddable":true,"href":"https:\/\/agora.xtec.cat\/ceip-masiperera\/wp-json\/wp\/v2\/users\/41"}],"replies":[{"embeddable":true,"href":"https:\/\/agora.xtec.cat\/ceip-masiperera\/wp-json\/wp\/v2\/comments?post=11200"}],"version-history":[{"count":3,"href":"https:\/\/agora.xtec.cat\/ceip-masiperera\/wp-json\/wp\/v2\/posts\/11200\/revisions"}],"predecessor-version":[{"id":11235,"href":"https:\/\/agora.xtec.cat\/ceip-masiperera\/wp-json\/wp\/v2\/posts\/11200\/revisions\/11235"}],"wp:attachment":[{"href":"https:\/\/agora.xtec.cat\/ceip-masiperera\/wp-json\/wp\/v2\/media?parent=11200"}],"wp:term":[{"taxonomy":"category","embeddable":true,"href":"https:\/\/agora.xtec.cat\/ceip-masiperera\/wp-json\/wp\/v2\/categories?post=11200"},{"taxonomy":"post_tag","embeddable":true,"href":"https:\/\/agora.xtec.cat\/ceip-masiperera\/wp-json\/wp\/v2\/tags?post=11200"}],"curies":[{"name":"wp","href":"https:\/\/api.w.org\/{rel}","templated":true}]}}