{"id":10853,"date":"2023-05-26T18:30:03","date_gmt":"2023-05-26T16:30:03","guid":{"rendered":"https:\/\/agora.xtec.cat\/ceip-masiperera\/?p=10853"},"modified":"2023-05-26T13:12:36","modified_gmt":"2023-05-26T11:12:36","slug":"hem-celebrat-la-setmana-de-la-ciencia","status":"publish","type":"post","link":"https:\/\/agora.xtec.cat\/ceip-masiperera\/ciencia\/hem-celebrat-la-setmana-de-la-ciencia\/","title":{"rendered":"Hem celebrat la setmana de la ci\u00e8ncia!"},"content":{"rendered":"<p style=\"text-align: center;\"><span style=\"font-weight: 400;\">Durant la setmana passa els nens i nenes de l\u2019escola van <\/span><b>experimentar amb l\u2019aigua<\/b><span style=\"font-weight: 400;\"> comprovant<\/span><b> algunes de les seves propietats.\u00a0<\/b><\/p>\n<p style=\"text-align: center;\"><span style=\"font-weight: 400;\">Els m\u00e9s petits, l\u2019alumnat d\u2019Educaci\u00f3 Infantil, van trobar dinosaures tot aprenent que l\u2019aigua la poden trobar en tres<\/span><b> estats<\/b><span style=\"font-weight: 400;\"> diferents: <\/span><b>s\u00f2lid, l\u00edquid i gas<\/b><span style=\"font-weight: 400;\">.\u00a0<\/span><\/p>\n<p><a href=\"https:\/\/agora.xtec.cat\/ceip-masiperera\/wp-content\/uploads\/usu690\/2023\/05\/1685091155355.jpg\"><img loading=\"lazy\" decoding=\"async\" class=\"wp-image-10863 aligncenter\" src=\"https:\/\/agora.xtec.cat\/ceip-masiperera\/wp-content\/uploads\/usu690\/2023\/05\/1685091155355-771x1024.jpg\" alt=\"\" width=\"170\" height=\"226\" srcset=\"https:\/\/agora.xtec.cat\/ceip-masiperera\/wp-content\/uploads\/usu690\/2023\/05\/1685091155355-771x1024.jpg 771w, https:\/\/agora.xtec.cat\/ceip-masiperera\/wp-content\/uploads\/usu690\/2023\/05\/1685091155355-226x300.jpg 226w, https:\/\/agora.xtec.cat\/ceip-masiperera\/wp-content\/uploads\/usu690\/2023\/05\/1685091155355-768x1020.jpg 768w, https:\/\/agora.xtec.cat\/ceip-masiperera\/wp-content\/uploads\/usu690\/2023\/05\/1685091155355-1157x1536.jpg 1157w, https:\/\/agora.xtec.cat\/ceip-masiperera\/wp-content\/uploads\/usu690\/2023\/05\/1685091155355.jpg 1205w\" sizes=\"auto, (max-width: 170px) 100vw, 170px\" \/><\/a><\/p>\n<p style=\"text-align: left;\"><span style=\"font-weight: 400;\">A Cicle Inicial vam experimentar amb els estats de l&#8217;aigua juntament amb l\u2019oli del cos i tints alimentaris. A trav\u00e9s de l&#8217;experimentaci\u00f3 amb les pr\u00f2pies mans, vam descobrir que <\/span><b>l\u2019aigua i l&#8217;oli no es poden barrejar<\/b><span style=\"font-weight: 400;\">!<\/span><\/p>\n<p><a href=\"https:\/\/agora.xtec.cat\/ceip-masiperera\/wp-content\/uploads\/usu690\/2023\/05\/IMG-20230519-WA0026.jpg\"><img loading=\"lazy\" decoding=\"async\" class=\"wp-image-10855 aligncenter\" src=\"https:\/\/agora.xtec.cat\/ceip-masiperera\/wp-content\/uploads\/usu690\/2023\/05\/IMG-20230519-WA0026-1024x461.jpg\" alt=\"\" width=\"334\" height=\"150\" srcset=\"https:\/\/agora.xtec.cat\/ceip-masiperera\/wp-content\/uploads\/usu690\/2023\/05\/IMG-20230519-WA0026-1024x461.jpg 1024w, https:\/\/agora.xtec.cat\/ceip-masiperera\/wp-content\/uploads\/usu690\/2023\/05\/IMG-20230519-WA0026-300x135.jpg 300w, https:\/\/agora.xtec.cat\/ceip-masiperera\/wp-content\/uploads\/usu690\/2023\/05\/IMG-20230519-WA0026-768x346.jpg 768w, https:\/\/agora.xtec.cat\/ceip-masiperera\/wp-content\/uploads\/usu690\/2023\/05\/IMG-20230519-WA0026-1536x691.jpg 1536w, https:\/\/agora.xtec.cat\/ceip-masiperera\/wp-content\/uploads\/usu690\/2023\/05\/IMG-20230519-WA0026.jpg 2000w\" sizes=\"auto, (max-width: 334px) 100vw, 334px\" \/><\/a><a href=\"https:\/\/agora.xtec.cat\/ceip-masiperera\/wp-content\/uploads\/usu690\/2023\/05\/IMG-20230519-WA0017.jpg\"><img loading=\"lazy\" decoding=\"async\" class=\"wp-image-10854 aligncenter\" src=\"https:\/\/agora.xtec.cat\/ceip-masiperera\/wp-content\/uploads\/usu690\/2023\/05\/IMG-20230519-WA0017-1024x461.jpg\" alt=\"\" width=\"334\" height=\"150\" srcset=\"https:\/\/agora.xtec.cat\/ceip-masiperera\/wp-content\/uploads\/usu690\/2023\/05\/IMG-20230519-WA0017-1024x461.jpg 1024w, https:\/\/agora.xtec.cat\/ceip-masiperera\/wp-content\/uploads\/usu690\/2023\/05\/IMG-20230519-WA0017-300x135.jpg 300w, https:\/\/agora.xtec.cat\/ceip-masiperera\/wp-content\/uploads\/usu690\/2023\/05\/IMG-20230519-WA0017-768x346.jpg 768w, https:\/\/agora.xtec.cat\/ceip-masiperera\/wp-content\/uploads\/usu690\/2023\/05\/IMG-20230519-WA0017-1536x691.jpg 1536w, https:\/\/agora.xtec.cat\/ceip-masiperera\/wp-content\/uploads\/usu690\/2023\/05\/IMG-20230519-WA0017.jpg 2000w\" sizes=\"auto, (max-width: 334px) 100vw, 334px\" \/><\/a><\/p>\n<p style=\"text-align: center;\"><span style=\"font-weight: 400;\">L\u2019alumnat de 3r i 4t, van treballar, entre altres propietats, la <\/span><b>capacitat <\/b><span style=\"font-weight: 400;\">que t\u00e9 l\u2019aigua <\/span><b>per ascendir<\/b><span style=\"font-weight: 400;\"> portant l\u2019aigua de les arrels a les fulles d\u2019una planta. Va ser tot un descobriment!\u00a0<\/span><\/p>\n<p style=\"text-align: center;\"><a href=\"https:\/\/agora.xtec.cat\/ceip-masiperera\/wp-content\/uploads\/usu690\/2023\/05\/Sin-titulo-scaled-e1685098541997.jpg\"><img loading=\"lazy\" decoding=\"async\" class=\"wp-image-10856  aligncenter\" src=\"https:\/\/agora.xtec.cat\/ceip-masiperera\/wp-content\/uploads\/usu690\/2023\/05\/Sin-titulo-scaled-e1685098541997-930x1024.jpg\" alt=\"\" width=\"260\" height=\"286\" srcset=\"https:\/\/agora.xtec.cat\/ceip-masiperera\/wp-content\/uploads\/usu690\/2023\/05\/Sin-titulo-scaled-e1685098541997-930x1024.jpg 930w, https:\/\/agora.xtec.cat\/ceip-masiperera\/wp-content\/uploads\/usu690\/2023\/05\/Sin-titulo-scaled-e1685098541997-272x300.jpg 272w, https:\/\/agora.xtec.cat\/ceip-masiperera\/wp-content\/uploads\/usu690\/2023\/05\/Sin-titulo-scaled-e1685098541997-768x846.jpg 768w, https:\/\/agora.xtec.cat\/ceip-masiperera\/wp-content\/uploads\/usu690\/2023\/05\/Sin-titulo-scaled-e1685098541997.jpg 1260w\" sizes=\"auto, (max-width: 260px) 100vw, 260px\" \/><\/a><\/p>\n<p><span style=\"font-weight: 400;\">Els grans de l\u2019escola, els nens i nenes de Cicle Superior, van treballar la <\/span><b>densitat de l&#8217;aigua<\/b><span style=\"font-weight: 400;\">. Van experimentar i observar com reaccionen els cossos amb aigua salada i dol\u00e7a, provant d\u2019enfonsar ous de grand\u00e0ries similars.<\/span><\/p>\n<p><a href=\"https:\/\/agora.xtec.cat\/ceip-masiperera\/wp-content\/uploads\/usu690\/2023\/05\/cs.jpg\"><img loading=\"lazy\" decoding=\"async\" class=\"wp-image-10859 aligncenter\" src=\"https:\/\/agora.xtec.cat\/ceip-masiperera\/wp-content\/uploads\/usu690\/2023\/05\/cs-1024x577.jpg\" alt=\"\" width=\"323\" height=\"182\" srcset=\"https:\/\/agora.xtec.cat\/ceip-masiperera\/wp-content\/uploads\/usu690\/2023\/05\/cs-1024x577.jpg 1024w, https:\/\/agora.xtec.cat\/ceip-masiperera\/wp-content\/uploads\/usu690\/2023\/05\/cs-300x169.jpg 300w, https:\/\/agora.xtec.cat\/ceip-masiperera\/wp-content\/uploads\/usu690\/2023\/05\/cs-768x432.jpg 768w, https:\/\/agora.xtec.cat\/ceip-masiperera\/wp-content\/uploads\/usu690\/2023\/05\/cs-1536x865.jpg 1536w, https:\/\/agora.xtec.cat\/ceip-masiperera\/wp-content\/uploads\/usu690\/2023\/05\/cs.jpg 2000w\" sizes=\"auto, (max-width: 323px) 100vw, 323px\" \/><\/a><a href=\"https:\/\/agora.xtec.cat\/ceip-masiperera\/wp-content\/uploads\/usu690\/2023\/05\/Sin-titulocs.jpg\"><img loading=\"lazy\" decoding=\"async\" class=\"wp-image-10860 aligncenter\" src=\"https:\/\/agora.xtec.cat\/ceip-masiperera\/wp-content\/uploads\/usu690\/2023\/05\/Sin-titulocs-802x1024.jpg\" alt=\"\" width=\"204\" height=\"260\" srcset=\"https:\/\/agora.xtec.cat\/ceip-masiperera\/wp-content\/uploads\/usu690\/2023\/05\/Sin-titulocs-802x1024.jpg 802w, https:\/\/agora.xtec.cat\/ceip-masiperera\/wp-content\/uploads\/usu690\/2023\/05\/Sin-titulocs-235x300.jpg 235w, https:\/\/agora.xtec.cat\/ceip-masiperera\/wp-content\/uploads\/usu690\/2023\/05\/Sin-titulocs-768x981.jpg 768w, https:\/\/agora.xtec.cat\/ceip-masiperera\/wp-content\/uploads\/usu690\/2023\/05\/Sin-titulocs.jpg 1065w\" sizes=\"auto, (max-width: 204px) 100vw, 204px\" \/><\/a><\/p>\n<p><span style=\"font-family: inherit; font-size: 1em;\">Ha estat una setmana plena de coneixements que ens han fet valorar i prendre consci\u00e8ncia de la import\u00e0ncia que t\u00e9 aquesta subst\u00e0ncia en el dia a dia del nostre planeta a trav\u00e9s d\u2019experiments divertits. Us animeu a fer-los a casa vostra?<\/span><\/p>\n","protected":false},"excerpt":{"rendered":"<p>Durant la setmana passa els nens i nenes de l\u2019escola van experimentar amb l\u2019aigua comprovant algunes de les seves propietats.\u00a0 Els m\u00e9s petits, l\u2019alumnat d\u2019Educaci\u00f3 Infantil, van trobar dinosaures tot aprenent que l\u2019aigua la poden trobar en tres estats diferents: s\u00f2lid, l\u00edquid i gas.\u00a0 A Cicle Inicial vam experimentar amb els estats de l&#8217;aigua juntament [&hellip;]<\/p>\n","protected":false},"author":1,"featured_media":0,"comment_status":"open","ping_status":"closed","sticky":false,"template":"","format":"standard","meta":{"_bbp_topic_count":0,"_bbp_reply_count":0,"_bbp_total_topic_count":0,"_bbp_total_reply_count":0,"_bbp_voice_count":0,"_bbp_anonymous_reply_count":0,"_bbp_topic_count_hidden":0,"_bbp_reply_count_hidden":0,"_bbp_forum_subforum_count":0,"site-sidebar-layout":"default","site-content-layout":"","ast-site-content-layout":"","site-content-style":"default","site-sidebar-style":"default","ast-global-header-display":"","ast-banner-title-visibility":"","ast-main-header-display":"","ast-hfb-above-header-display":"","ast-hfb-below-header-display":"","ast-hfb-mobile-header-display":"","site-post-title":"","ast-breadcrumbs-content":"","ast-featured-img":"","footer-sml-layout":"","theme-transparent-header-meta":"","adv-header-id-meta":"","stick-header-meta":"","header-above-stick-meta":"","header-main-stick-meta":"","header-below-stick-meta":"","astra-migrate-meta-layouts":"default","ast-page-background-enabled":"default","ast-page-background-meta":{"desktop":{"background-color":"var(--ast-global-color-5)","background-image":"","background-repeat":"repeat","background-position":"center center","background-size":"auto","background-attachment":"scroll","background-type":"","background-media":"","overlay-type":"","overlay-color":"","overlay-opacity":"","overlay-gradient":""},"tablet":{"background-color":"","background-image":"","background-repeat":"repeat","background-position":"center center","background-size":"auto","background-attachment":"scroll","background-type":"","background-media":"","overlay-type":"","overlay-color":"","overlay-opacity":"","overlay-gradient":""},"mobile":{"background-color":"","background-image":"","background-repeat":"repeat","background-position":"center center","background-size":"auto","background-attachment":"scroll","background-type":"","background-media":"","overlay-type":"","overlay-color":"","overlay-opacity":"","overlay-gradient":""}},"ast-content-background-meta":{"desktop":{"background-color":"var(--ast-global-color-4)","background-image":"","background-repeat":"repeat","background-position":"center center","background-size":"auto","background-attachment":"scroll","background-type":"","background-media":"","overlay-type":"","overlay-color":"","overlay-opacity":"","overlay-gradient":""},"tablet":{"background-color":"var(--ast-global-color-4)","background-image":"","background-repeat":"repeat","background-position":"center center","background-size":"auto","background-attachment":"scroll","background-type":"","background-media":"","overlay-type":"","overlay-color":"","overlay-opacity":"","overlay-gradient":""},"mobile":{"background-color":"var(--ast-global-color-4)","background-image":"","background-repeat":"repeat","background-position":"center center","background-size":"auto","background-attachment":"scroll","background-type":"","background-media":"","overlay-type":"","overlay-color":"","overlay-opacity":"","overlay-gradient":""}},"footnotes":""},"categories":[394],"tags":[],"class_list":["post-10853","post","type-post","status-publish","format-standard","hentry","category-ciencia"],"post_mailing_queue_ids":[],"_links":{"self":[{"href":"https:\/\/agora.xtec.cat\/ceip-masiperera\/wp-json\/wp\/v2\/posts\/10853","targetHints":{"allow":["GET"]}}],"collection":[{"href":"https:\/\/agora.xtec.cat\/ceip-masiperera\/wp-json\/wp\/v2\/posts"}],"about":[{"href":"https:\/\/agora.xtec.cat\/ceip-masiperera\/wp-json\/wp\/v2\/types\/post"}],"author":[{"embeddable":true,"href":"https:\/\/agora.xtec.cat\/ceip-masiperera\/wp-json\/wp\/v2\/users\/1"}],"replies":[{"embeddable":true,"href":"https:\/\/agora.xtec.cat\/ceip-masiperera\/wp-json\/wp\/v2\/comments?post=10853"}],"version-history":[{"count":3,"href":"https:\/\/agora.xtec.cat\/ceip-masiperera\/wp-json\/wp\/v2\/posts\/10853\/revisions"}],"predecessor-version":[{"id":10868,"href":"https:\/\/agora.xtec.cat\/ceip-masiperera\/wp-json\/wp\/v2\/posts\/10853\/revisions\/10868"}],"wp:attachment":[{"href":"https:\/\/agora.xtec.cat\/ceip-masiperera\/wp-json\/wp\/v2\/media?parent=10853"}],"wp:term":[{"taxonomy":"category","embeddable":true,"href":"https:\/\/agora.xtec.cat\/ceip-masiperera\/wp-json\/wp\/v2\/categories?post=10853"},{"taxonomy":"post_tag","embeddable":true,"href":"https:\/\/agora.xtec.cat\/ceip-masiperera\/wp-json\/wp\/v2\/tags?post=10853"}],"curies":[{"name":"wp","href":"https:\/\/api.w.org\/{rel}","templated":true}]}}