{"id":444,"count":8,"description":"<h3>El rac\u00f3 digital<\/h3>\r\nBenvinguts i benvingudes al nostre <strong>rac\u00f3 digital<\/strong>! \ud83d\udcbb\u2728\r\n\r\nAqu\u00ed trobareu una selecci\u00f3 de recursos, activitats i propostes digitals pensades perqu\u00e8 els infants puguin <strong>aprendre, practicar, descobrir i divertir-se<\/strong> d\u2019una manera interactiva.\r\n\r\nUn espai per continuar aprenent m\u00e9s enll\u00e0 de l\u2019aula, al ritme de cadasc\u00fa i explorant les possibilitats que ens ofereix el m\u00f3n digital.","link":"https:\/\/agora.xtec.cat\/ceip-masiperera\/categoria\/primaria\/pati\/","name":"El rac\u00f3 digital","slug":"pati","taxonomy":"category","parent":5,"meta":[],"_links":{"self":[{"href":"https:\/\/agora.xtec.cat\/ceip-masiperera\/wp-json\/wp\/v2\/categories\/444","targetHints":{"allow":["GET"]}}],"collection":[{"href":"https:\/\/agora.xtec.cat\/ceip-masiperera\/wp-json\/wp\/v2\/categories"}],"about":[{"href":"https:\/\/agora.xtec.cat\/ceip-masiperera\/wp-json\/wp\/v2\/taxonomies\/category"}],"up":[{"embeddable":true,"href":"https:\/\/agora.xtec.cat\/ceip-masiperera\/wp-json\/wp\/v2\/categories\/5"}],"wp:post_type":[{"href":"https:\/\/agora.xtec.cat\/ceip-masiperera\/wp-json\/wp\/v2\/posts?categories=444"}],"curies":[{"name":"wp","href":"https:\/\/api.w.org\/{rel}","templated":true}]}}