{"id":9124,"date":"2026-03-09T15:25:11","date_gmt":"2026-03-09T14:25:11","guid":{"rendered":"https:\/\/agora.xtec.cat\/ceip-marti-poch\/?p=9124"},"modified":"2026-03-09T21:10:39","modified_gmt":"2026-03-09T20:10:39","slug":"tothom-diferent-tothom-important-lentrevista-amb-el-javi-vendrell","status":"publish","type":"post","link":"https:\/\/agora.xtec.cat\/ceip-marti-poch\/general\/tothom-diferent-tothom-important-lentrevista-amb-el-javi-vendrell\/","title":{"rendered":"Tothom diferent, tothom IMPORTANT! L&#8217;entrevista amb el Javi Vendrell"},"content":{"rendered":"<p style=\"text-align: justify;\">Tothom diferent, tothom IMPORTANT! \ud83c\udfc0\u267f<\/p>\n<p style=\"text-align: justify;\">Hem tingut la gran sort d\u2019entrevistar Javi Vendrell Mercado, jugador professional de b\u00e0squet en cadira de rodes, exalumne de la nostra escola, dins del nostre projecte TOTHOM DIFERENT \u2022 TOTHOM IMPORTANT sobre la diversitat funcional.<\/p>\n<p style=\"text-align: justify;\">Actualment juga a la Lliga Nacional UNES FC Barcelona i a la Lliga Catalana amb el <em>Club Costa Daurada<\/em> i tamb\u00e9 \u00e9s monitor de <em>La Lliga<\/em>, apropant l\u2019esport adaptat a molts nens i nenes.<\/p>\n<p style=\"text-align: justify;\">L\u2019entrevista ha anat a c\u00e0rrec de l\u2019alumnat de 4t i s\u2019ha realitzat als estudis de r\u00e0dio de l\u2019escola, on els infants han pogut fer preguntes i conduir la conversa com a aut\u00e8ntics periodistes.<\/p>\n<p style=\"text-align: justify;\">Durant la trobada ens ha parlat de la seva vida, de la seva experi\u00e8ncia amb la cadira de rodes, de la seva traject\u00f2ria esportiva i de les dificultats i suports que ha trobat al llarg del cam\u00ed. Ha estat una oportunitat per escoltar en primera persona una hist\u00f2ria de superaci\u00f3, esfor\u00e7 i passi\u00f3 per l\u2019esport.<\/p>\n<p style=\"text-align: justify;\">Hem reflexionat que la diversitat funcional no defineix una persona. Quan la societat adapta els espais, ofereix suports i actua amb respecte, tothom pot participar i sentir-se important \ud83d\udc9b<\/p>\n<p style=\"text-align: justify;\">\u2665\ufe0f GR\u00c0CIES Javi per compartir la teva experi\u00e8ncia amb nosaltres!<\/p>\n<p style=\"text-align: justify;\">Us deixem l&#8217;entrevista, esperem que la gaudiu molt! <a href=\"https:\/\/drive.google.com\/file\/d\/1tLr_qYrTMA5IN97FsOeLN2xI4jixYsCt\/view?usp=sharing\">Enlla\u00e7<\/a><\/p>\n<p>La part t\u00e8cnica i el muntatge de l\u2019entrevista l\u2019ha fet la Carla Manero, la mestra de m\u00fasica. \ud83c\udfb6\ud83c\udfa4<\/p>\n<p><img loading=\"lazy\" decoding=\"async\" class=\"aligncenter size-medium wp-image-9125\" src=\"https:\/\/agora.xtec.cat\/ceip-marti-poch\/wp-content\/uploads\/usu1040\/2026\/03\/WhatsApp-Image-2026-03-05-at-16.38.10-2-225x300.jpeg\" alt=\"\" width=\"225\" height=\"300\" srcset=\"https:\/\/agora.xtec.cat\/ceip-marti-poch\/wp-content\/uploads\/usu1040\/2026\/03\/WhatsApp-Image-2026-03-05-at-16.38.10-2-225x300.jpeg 225w, https:\/\/agora.xtec.cat\/ceip-marti-poch\/wp-content\/uploads\/usu1040\/2026\/03\/WhatsApp-Image-2026-03-05-at-16.38.10-2-769x1024.jpeg 769w, https:\/\/agora.xtec.cat\/ceip-marti-poch\/wp-content\/uploads\/usu1040\/2026\/03\/WhatsApp-Image-2026-03-05-at-16.38.10-2-768x1023.jpeg 768w, https:\/\/agora.xtec.cat\/ceip-marti-poch\/wp-content\/uploads\/usu1040\/2026\/03\/WhatsApp-Image-2026-03-05-at-16.38.10-2-1153x1536.jpeg 1153w, https:\/\/agora.xtec.cat\/ceip-marti-poch\/wp-content\/uploads\/usu1040\/2026\/03\/WhatsApp-Image-2026-03-05-at-16.38.10-2.jpeg 1201w\" sizes=\"auto, (max-width: 225px) 100vw, 225px\" \/><\/p>\n<p><img loading=\"lazy\" decoding=\"async\" class=\"aligncenter size-medium wp-image-9126\" src=\"https:\/\/agora.xtec.cat\/ceip-marti-poch\/wp-content\/uploads\/usu1040\/2026\/03\/WhatsApp-Image-2026-03-05-at-16.38.10-1-225x300.jpeg\" alt=\"\" width=\"225\" height=\"300\" srcset=\"https:\/\/agora.xtec.cat\/ceip-marti-poch\/wp-content\/uploads\/usu1040\/2026\/03\/WhatsApp-Image-2026-03-05-at-16.38.10-1-225x300.jpeg 225w, https:\/\/agora.xtec.cat\/ceip-marti-poch\/wp-content\/uploads\/usu1040\/2026\/03\/WhatsApp-Image-2026-03-05-at-16.38.10-1-769x1024.jpeg 769w, https:\/\/agora.xtec.cat\/ceip-marti-poch\/wp-content\/uploads\/usu1040\/2026\/03\/WhatsApp-Image-2026-03-05-at-16.38.10-1-768x1023.jpeg 768w, https:\/\/agora.xtec.cat\/ceip-marti-poch\/wp-content\/uploads\/usu1040\/2026\/03\/WhatsApp-Image-2026-03-05-at-16.38.10-1-1153x1536.jpeg 1153w, https:\/\/agora.xtec.cat\/ceip-marti-poch\/wp-content\/uploads\/usu1040\/2026\/03\/WhatsApp-Image-2026-03-05-at-16.38.10-1.jpeg 1201w\" sizes=\"auto, (max-width: 225px) 100vw, 225px\" \/><\/p>\n<p><img loading=\"lazy\" decoding=\"async\" class=\"aligncenter size-medium wp-image-9127\" src=\"https:\/\/agora.xtec.cat\/ceip-marti-poch\/wp-content\/uploads\/usu1040\/2026\/03\/WhatsApp-Image-2026-03-05-at-16.38.10-225x300.jpeg\" alt=\"\" width=\"225\" height=\"300\" srcset=\"https:\/\/agora.xtec.cat\/ceip-marti-poch\/wp-content\/uploads\/usu1040\/2026\/03\/WhatsApp-Image-2026-03-05-at-16.38.10-225x300.jpeg 225w, https:\/\/agora.xtec.cat\/ceip-marti-poch\/wp-content\/uploads\/usu1040\/2026\/03\/WhatsApp-Image-2026-03-05-at-16.38.10-769x1024.jpeg 769w, https:\/\/agora.xtec.cat\/ceip-marti-poch\/wp-content\/uploads\/usu1040\/2026\/03\/WhatsApp-Image-2026-03-05-at-16.38.10-768x1023.jpeg 768w, https:\/\/agora.xtec.cat\/ceip-marti-poch\/wp-content\/uploads\/usu1040\/2026\/03\/WhatsApp-Image-2026-03-05-at-16.38.10-1153x1536.jpeg 1153w, https:\/\/agora.xtec.cat\/ceip-marti-poch\/wp-content\/uploads\/usu1040\/2026\/03\/WhatsApp-Image-2026-03-05-at-16.38.10.jpeg 1201w\" sizes=\"auto, (max-width: 225px) 100vw, 225px\" \/><\/p>\n<p><img loading=\"lazy\" decoding=\"async\" class=\"aligncenter size-medium wp-image-9128\" src=\"https:\/\/agora.xtec.cat\/ceip-marti-poch\/wp-content\/uploads\/usu1040\/2026\/03\/WhatsApp-Image-2026-03-05-at-16.37.44-1-225x300.jpeg\" alt=\"\" width=\"225\" height=\"300\" srcset=\"https:\/\/agora.xtec.cat\/ceip-marti-poch\/wp-content\/uploads\/usu1040\/2026\/03\/WhatsApp-Image-2026-03-05-at-16.37.44-1-225x300.jpeg 225w, https:\/\/agora.xtec.cat\/ceip-marti-poch\/wp-content\/uploads\/usu1040\/2026\/03\/WhatsApp-Image-2026-03-05-at-16.37.44-1-769x1024.jpeg 769w, https:\/\/agora.xtec.cat\/ceip-marti-poch\/wp-content\/uploads\/usu1040\/2026\/03\/WhatsApp-Image-2026-03-05-at-16.37.44-1-768x1023.jpeg 768w, https:\/\/agora.xtec.cat\/ceip-marti-poch\/wp-content\/uploads\/usu1040\/2026\/03\/WhatsApp-Image-2026-03-05-at-16.37.44-1-1153x1536.jpeg 1153w, https:\/\/agora.xtec.cat\/ceip-marti-poch\/wp-content\/uploads\/usu1040\/2026\/03\/WhatsApp-Image-2026-03-05-at-16.37.44-1.jpeg 1201w\" sizes=\"auto, (max-width: 225px) 100vw, 225px\" \/><\/p>\n<p><img loading=\"lazy\" decoding=\"async\" class=\"aligncenter size-medium wp-image-9129\" src=\"https:\/\/agora.xtec.cat\/ceip-marti-poch\/wp-content\/uploads\/usu1040\/2026\/03\/WhatsApp-Image-2026-03-05-at-16.37.44-225x300.jpeg\" alt=\"\" width=\"225\" height=\"300\" srcset=\"https:\/\/agora.xtec.cat\/ceip-marti-poch\/wp-content\/uploads\/usu1040\/2026\/03\/WhatsApp-Image-2026-03-05-at-16.37.44-225x300.jpeg 225w, https:\/\/agora.xtec.cat\/ceip-marti-poch\/wp-content\/uploads\/usu1040\/2026\/03\/WhatsApp-Image-2026-03-05-at-16.37.44-769x1024.jpeg 769w, https:\/\/agora.xtec.cat\/ceip-marti-poch\/wp-content\/uploads\/usu1040\/2026\/03\/WhatsApp-Image-2026-03-05-at-16.37.44-768x1023.jpeg 768w, https:\/\/agora.xtec.cat\/ceip-marti-poch\/wp-content\/uploads\/usu1040\/2026\/03\/WhatsApp-Image-2026-03-05-at-16.37.44-1153x1536.jpeg 1153w, https:\/\/agora.xtec.cat\/ceip-marti-poch\/wp-content\/uploads\/usu1040\/2026\/03\/WhatsApp-Image-2026-03-05-at-16.37.44.jpeg 1201w\" sizes=\"auto, (max-width: 225px) 100vw, 225px\" \/><\/p>\n<p><img loading=\"lazy\" decoding=\"async\" class=\"aligncenter size-medium wp-image-9130\" src=\"https:\/\/agora.xtec.cat\/ceip-marti-poch\/wp-content\/uploads\/usu1040\/2026\/03\/WhatsApp-Image-2026-03-05-at-16.37.43-2-225x300.jpeg\" alt=\"\" width=\"225\" height=\"300\" srcset=\"https:\/\/agora.xtec.cat\/ceip-marti-poch\/wp-content\/uploads\/usu1040\/2026\/03\/WhatsApp-Image-2026-03-05-at-16.37.43-2-225x300.jpeg 225w, https:\/\/agora.xtec.cat\/ceip-marti-poch\/wp-content\/uploads\/usu1040\/2026\/03\/WhatsApp-Image-2026-03-05-at-16.37.43-2-769x1024.jpeg 769w, https:\/\/agora.xtec.cat\/ceip-marti-poch\/wp-content\/uploads\/usu1040\/2026\/03\/WhatsApp-Image-2026-03-05-at-16.37.43-2-768x1023.jpeg 768w, https:\/\/agora.xtec.cat\/ceip-marti-poch\/wp-content\/uploads\/usu1040\/2026\/03\/WhatsApp-Image-2026-03-05-at-16.37.43-2-1153x1536.jpeg 1153w, https:\/\/agora.xtec.cat\/ceip-marti-poch\/wp-content\/uploads\/usu1040\/2026\/03\/WhatsApp-Image-2026-03-05-at-16.37.43-2.jpeg 1201w\" sizes=\"auto, (max-width: 225px) 100vw, 225px\" \/><\/p>\n<p><img loading=\"lazy\" decoding=\"async\" class=\"aligncenter size-medium wp-image-9131\" src=\"https:\/\/agora.xtec.cat\/ceip-marti-poch\/wp-content\/uploads\/usu1040\/2026\/03\/WhatsApp-Image-2026-03-05-at-16.37.43-1-225x300.jpeg\" alt=\"\" width=\"225\" height=\"300\" srcset=\"https:\/\/agora.xtec.cat\/ceip-marti-poch\/wp-content\/uploads\/usu1040\/2026\/03\/WhatsApp-Image-2026-03-05-at-16.37.43-1-225x300.jpeg 225w, https:\/\/agora.xtec.cat\/ceip-marti-poch\/wp-content\/uploads\/usu1040\/2026\/03\/WhatsApp-Image-2026-03-05-at-16.37.43-1-769x1024.jpeg 769w, https:\/\/agora.xtec.cat\/ceip-marti-poch\/wp-content\/uploads\/usu1040\/2026\/03\/WhatsApp-Image-2026-03-05-at-16.37.43-1-768x1023.jpeg 768w, https:\/\/agora.xtec.cat\/ceip-marti-poch\/wp-content\/uploads\/usu1040\/2026\/03\/WhatsApp-Image-2026-03-05-at-16.37.43-1-1153x1536.jpeg 1153w, https:\/\/agora.xtec.cat\/ceip-marti-poch\/wp-content\/uploads\/usu1040\/2026\/03\/WhatsApp-Image-2026-03-05-at-16.37.43-1.jpeg 1201w\" sizes=\"auto, (max-width: 225px) 100vw, 225px\" \/><\/p>\n<p><img loading=\"lazy\" decoding=\"async\" class=\"aligncenter size-medium wp-image-9132\" src=\"https:\/\/agora.xtec.cat\/ceip-marti-poch\/wp-content\/uploads\/usu1040\/2026\/03\/WhatsApp-Image-2026-03-05-at-16.37.43-225x300.jpeg\" alt=\"\" width=\"225\" height=\"300\" srcset=\"https:\/\/agora.xtec.cat\/ceip-marti-poch\/wp-content\/uploads\/usu1040\/2026\/03\/WhatsApp-Image-2026-03-05-at-16.37.43-225x300.jpeg 225w, https:\/\/agora.xtec.cat\/ceip-marti-poch\/wp-content\/uploads\/usu1040\/2026\/03\/WhatsApp-Image-2026-03-05-at-16.37.43-769x1024.jpeg 769w, https:\/\/agora.xtec.cat\/ceip-marti-poch\/wp-content\/uploads\/usu1040\/2026\/03\/WhatsApp-Image-2026-03-05-at-16.37.43-768x1023.jpeg 768w, https:\/\/agora.xtec.cat\/ceip-marti-poch\/wp-content\/uploads\/usu1040\/2026\/03\/WhatsApp-Image-2026-03-05-at-16.37.43-1153x1536.jpeg 1153w, https:\/\/agora.xtec.cat\/ceip-marti-poch\/wp-content\/uploads\/usu1040\/2026\/03\/WhatsApp-Image-2026-03-05-at-16.37.43.jpeg 1201w\" sizes=\"auto, (max-width: 225px) 100vw, 225px\" \/><\/p>\n","protected":false},"excerpt":{"rendered":"<p>Tothom diferent, tothom IMPORTANT! \ud83c\udfc0\u267f<br \/>\nHem tingut la gran sort d\u2019entrevistar Javi Vendrell Mercado, jugador professional de b\u00e0squet en cadira de rodes, exalumne de la nostra escola, dins del nostre projecte TOTHOM DIFERENT \u2022 TOTHOM IMPORTANT sobre la diversitat funcional.<br \/>\nActualment juga a la Lliga Nacional UNES&hellip;  <a href=\"https:\/\/agora.xtec.cat\/ceip-marti-poch\/general\/tothom-diferent-tothom-important-lentrevista-amb-el-javi-vendrell\/\" title=\"Read Tothom diferent, tothom IMPORTANT! L&#8217;entrevista amb el Javi Vendrell\">Llegeix m\u00e9s\u00bb<\/a><\/p>\n","protected":false},"author":1,"featured_media":9126,"comment_status":"open","ping_status":"open","sticky":false,"template":"","format":"standard","meta":{"_bbp_topic_count":0,"_bbp_reply_count":0,"_bbp_total_topic_count":0,"_bbp_total_reply_count":0,"_bbp_voice_count":0,"_bbp_anonymous_reply_count":0,"_bbp_topic_count_hidden":0,"_bbp_reply_count_hidden":0,"_bbp_forum_subforum_count":0,"footnotes":""},"categories":[13,1,4,5,340,94],"tags":[],"class_list":["post-9124","post","type-post","status-publish","format-standard","has-post-thumbnail","hentry","category-4t","category-general","category-portada","category-primaria","category-projecte-globalitzat","category-radio"],"post_mailing_queue_ids":[],"_links":{"self":[{"href":"https:\/\/agora.xtec.cat\/ceip-marti-poch\/wp-json\/wp\/v2\/posts\/9124","targetHints":{"allow":["GET"]}}],"collection":[{"href":"https:\/\/agora.xtec.cat\/ceip-marti-poch\/wp-json\/wp\/v2\/posts"}],"about":[{"href":"https:\/\/agora.xtec.cat\/ceip-marti-poch\/wp-json\/wp\/v2\/types\/post"}],"author":[{"embeddable":true,"href":"https:\/\/agora.xtec.cat\/ceip-marti-poch\/wp-json\/wp\/v2\/users\/1"}],"replies":[{"embeddable":true,"href":"https:\/\/agora.xtec.cat\/ceip-marti-poch\/wp-json\/wp\/v2\/comments?post=9124"}],"version-history":[{"count":3,"href":"https:\/\/agora.xtec.cat\/ceip-marti-poch\/wp-json\/wp\/v2\/posts\/9124\/revisions"}],"predecessor-version":[{"id":9135,"href":"https:\/\/agora.xtec.cat\/ceip-marti-poch\/wp-json\/wp\/v2\/posts\/9124\/revisions\/9135"}],"wp:featuredmedia":[{"embeddable":true,"href":"https:\/\/agora.xtec.cat\/ceip-marti-poch\/wp-json\/wp\/v2\/media\/9126"}],"wp:attachment":[{"href":"https:\/\/agora.xtec.cat\/ceip-marti-poch\/wp-json\/wp\/v2\/media?parent=9124"}],"wp:term":[{"taxonomy":"category","embeddable":true,"href":"https:\/\/agora.xtec.cat\/ceip-marti-poch\/wp-json\/wp\/v2\/categories?post=9124"},{"taxonomy":"post_tag","embeddable":true,"href":"https:\/\/agora.xtec.cat\/ceip-marti-poch\/wp-json\/wp\/v2\/tags?post=9124"}],"curies":[{"name":"wp","href":"https:\/\/api.w.org\/{rel}","templated":true}]}}