{"id":8354,"date":"2024-05-05T19:51:35","date_gmt":"2024-05-05T17:51:35","guid":{"rendered":"https:\/\/agora.xtec.cat\/ceip-marti-poch\/?p=8354"},"modified":"2024-05-05T19:55:52","modified_gmt":"2024-05-05T17:55:52","slug":"avis-i-avies-relacions-intergeneracionals-visita-especial-a-la-residencia-jaume-i","status":"publish","type":"post","link":"https:\/\/agora.xtec.cat\/ceip-marti-poch\/general\/avis-i-avies-relacions-intergeneracionals-visita-especial-a-la-residencia-jaume-i\/","title":{"rendered":"Avis i \u00e0vies. Relacions intergeneracionals. Visita especial a la Resid\u00e8ncia Jaume I."},"content":{"rendered":"<p style=\"text-align: justify;\"><span style=\"font-weight: 400;\">En un m\u00f3n cada vegada m\u00e9s accelerat i tecnol\u00f2gic, on les interaccions\u00a0<\/span><span style=\"font-weight: 400;\">humanes sovint es limiten a trav\u00e9s d\u2019una pantalla, \u00e9s refrescant veure com les\u00a0<\/span><span style=\"font-weight: 400;\">generacions es troben compartint experi\u00e8ncies i aprenentatges. A l\u2019escola cada curs ha realitzat un projecte amb impacte social relacionat amb el l\u2019\u00e0lbum il.lustrat \u201cQu\u00e8 en fas d\u2019un problema\u201d. D\u2019aqu\u00ed ve que els nens i nenes d\u2019infantil 5 anys han estat treballant el projecte <\/span><b>Avis i \u00e0vies <\/b><span style=\"font-weight: 400;\">encetant temes com: qui se n\u2019ocupa de la nostra gent gran? Com els podem fer\u00a0<\/span><span style=\"font-weight: 400;\">sentir millor en la seva \u00faltima etapa de la vida? Aix\u00ed que entre tots i totes es va\u00a0<\/span><span style=\"font-weight: 400;\">decidir visitar la Resid\u00e8ncia Jaume I i els farien passar una mat\u00ed diferent.<\/span><\/p>\n<p style=\"text-align: justify;\"><img loading=\"lazy\" decoding=\"async\" class=\"aligncenter size-medium wp-image-8356\" src=\"https:\/\/agora.xtec.cat\/ceip-marti-poch\/wp-content\/uploads\/usu1040\/2024\/05\/WhatsApp-Image-2024-05-05-at-19.42.08-225x300.jpeg\" alt=\"\" width=\"225\" height=\"300\" srcset=\"https:\/\/agora.xtec.cat\/ceip-marti-poch\/wp-content\/uploads\/usu1040\/2024\/05\/WhatsApp-Image-2024-05-05-at-19.42.08-225x300.jpeg 225w, https:\/\/agora.xtec.cat\/ceip-marti-poch\/wp-content\/uploads\/usu1040\/2024\/05\/WhatsApp-Image-2024-05-05-at-19.42.08-768x1024.jpeg 768w, https:\/\/agora.xtec.cat\/ceip-marti-poch\/wp-content\/uploads\/usu1040\/2024\/05\/WhatsApp-Image-2024-05-05-at-19.42.08-1152x1536.jpeg 1152w, https:\/\/agora.xtec.cat\/ceip-marti-poch\/wp-content\/uploads\/usu1040\/2024\/05\/WhatsApp-Image-2024-05-05-at-19.42.08.jpeg 1200w\" sizes=\"auto, (max-width: 225px) 100vw, 225px\" \/><\/p>\n<p style=\"text-align: justify;\"><img loading=\"lazy\" decoding=\"async\" class=\"aligncenter size-medium wp-image-8357\" src=\"https:\/\/agora.xtec.cat\/ceip-marti-poch\/wp-content\/uploads\/usu1040\/2024\/05\/WhatsApp-Image-2024-05-05-at-19.42.09-225x300.jpeg\" alt=\"\" width=\"225\" height=\"300\" srcset=\"https:\/\/agora.xtec.cat\/ceip-marti-poch\/wp-content\/uploads\/usu1040\/2024\/05\/WhatsApp-Image-2024-05-05-at-19.42.09-225x300.jpeg 225w, https:\/\/agora.xtec.cat\/ceip-marti-poch\/wp-content\/uploads\/usu1040\/2024\/05\/WhatsApp-Image-2024-05-05-at-19.42.09-768x1024.jpeg 768w, https:\/\/agora.xtec.cat\/ceip-marti-poch\/wp-content\/uploads\/usu1040\/2024\/05\/WhatsApp-Image-2024-05-05-at-19.42.09-1152x1536.jpeg 1152w, https:\/\/agora.xtec.cat\/ceip-marti-poch\/wp-content\/uploads\/usu1040\/2024\/05\/WhatsApp-Image-2024-05-05-at-19.42.09.jpeg 1200w\" sizes=\"auto, (max-width: 225px) 100vw, 225px\" \/><\/p>\n<p style=\"text-align: justify;\"><img loading=\"lazy\" decoding=\"async\" class=\"aligncenter size-medium wp-image-8358\" src=\"https:\/\/agora.xtec.cat\/ceip-marti-poch\/wp-content\/uploads\/usu1040\/2024\/05\/WhatsApp-Image-2024-05-05-at-19.42.10-1-225x300.jpeg\" alt=\"\" width=\"225\" height=\"300\" srcset=\"https:\/\/agora.xtec.cat\/ceip-marti-poch\/wp-content\/uploads\/usu1040\/2024\/05\/WhatsApp-Image-2024-05-05-at-19.42.10-1-225x300.jpeg 225w, https:\/\/agora.xtec.cat\/ceip-marti-poch\/wp-content\/uploads\/usu1040\/2024\/05\/WhatsApp-Image-2024-05-05-at-19.42.10-1-768x1024.jpeg 768w, https:\/\/agora.xtec.cat\/ceip-marti-poch\/wp-content\/uploads\/usu1040\/2024\/05\/WhatsApp-Image-2024-05-05-at-19.42.10-1-1152x1536.jpeg 1152w, https:\/\/agora.xtec.cat\/ceip-marti-poch\/wp-content\/uploads\/usu1040\/2024\/05\/WhatsApp-Image-2024-05-05-at-19.42.10-1.jpeg 1200w\" sizes=\"auto, (max-width: 225px) 100vw, 225px\" \/><\/p>\n<p style=\"text-align: justify;\"><span style=\"font-weight: 400;\">Va ser el passat 17 d\u2019abril quan els alumnes d\u2019I5 de l\u2019Escola Mart\u00ed Poch van\u00a0<\/span><span style=\"font-weight: 400;\">visitar i acompanyar durant el mat\u00ed els avis i \u00e0vies de la Resid\u00e8ncia.\u00a0<\/span><span style=\"font-weight: 400;\">Els resultats van ser m\u00e9s enriquidors del que es podia esperar, tant per als\u00a0<\/span><span style=\"font-weight: 400;\">nens\/es com per als residents.<\/span><\/p>\n<p style=\"text-align: justify;\"><img loading=\"lazy\" decoding=\"async\" class=\"aligncenter size-medium wp-image-8370\" src=\"https:\/\/agora.xtec.cat\/ceip-marti-poch\/wp-content\/uploads\/usu1040\/2024\/05\/1-225x300.jpeg\" alt=\"\" width=\"225\" height=\"300\" srcset=\"https:\/\/agora.xtec.cat\/ceip-marti-poch\/wp-content\/uploads\/usu1040\/2024\/05\/1-225x300.jpeg 225w, https:\/\/agora.xtec.cat\/ceip-marti-poch\/wp-content\/uploads\/usu1040\/2024\/05\/1-768x1024.jpeg 768w, https:\/\/agora.xtec.cat\/ceip-marti-poch\/wp-content\/uploads\/usu1040\/2024\/05\/1-1152x1536.jpeg 1152w, https:\/\/agora.xtec.cat\/ceip-marti-poch\/wp-content\/uploads\/usu1040\/2024\/05\/1.jpeg 1200w\" sizes=\"auto, (max-width: 225px) 100vw, 225px\" \/><\/p>\n<p style=\"text-align: justify;\"><img loading=\"lazy\" decoding=\"async\" class=\"aligncenter size-medium wp-image-8371\" src=\"https:\/\/agora.xtec.cat\/ceip-marti-poch\/wp-content\/uploads\/usu1040\/2024\/05\/2-274x300.jpeg\" alt=\"\" width=\"274\" height=\"300\" srcset=\"https:\/\/agora.xtec.cat\/ceip-marti-poch\/wp-content\/uploads\/usu1040\/2024\/05\/2-274x300.jpeg 274w, https:\/\/agora.xtec.cat\/ceip-marti-poch\/wp-content\/uploads\/usu1040\/2024\/05\/2-935x1024.jpeg 935w, https:\/\/agora.xtec.cat\/ceip-marti-poch\/wp-content\/uploads\/usu1040\/2024\/05\/2-768x842.jpeg 768w, https:\/\/agora.xtec.cat\/ceip-marti-poch\/wp-content\/uploads\/usu1040\/2024\/05\/2.jpeg 1170w\" sizes=\"auto, (max-width: 274px) 100vw, 274px\" \/><\/p>\n<p style=\"text-align: justify;\"><img loading=\"lazy\" decoding=\"async\" class=\"aligncenter size-medium wp-image-8372\" src=\"https:\/\/agora.xtec.cat\/ceip-marti-poch\/wp-content\/uploads\/usu1040\/2024\/05\/3-225x300.jpeg\" alt=\"\" width=\"225\" height=\"300\" srcset=\"https:\/\/agora.xtec.cat\/ceip-marti-poch\/wp-content\/uploads\/usu1040\/2024\/05\/3-225x300.jpeg 225w, https:\/\/agora.xtec.cat\/ceip-marti-poch\/wp-content\/uploads\/usu1040\/2024\/05\/3-768x1023.jpeg 768w, https:\/\/agora.xtec.cat\/ceip-marti-poch\/wp-content\/uploads\/usu1040\/2024\/05\/3-1153x1536.jpeg 1153w, https:\/\/agora.xtec.cat\/ceip-marti-poch\/wp-content\/uploads\/usu1040\/2024\/05\/3.jpeg 1170w\" sizes=\"auto, (max-width: 225px) 100vw, 225px\" \/><\/p>\n<p style=\"text-align: justify;\"><img loading=\"lazy\" decoding=\"async\" class=\"aligncenter size-medium wp-image-8360\" src=\"https:\/\/agora.xtec.cat\/ceip-marti-poch\/wp-content\/uploads\/usu1040\/2024\/05\/WhatsApp-Image-2024-05-05-at-19.42.12-1-225x300.jpeg\" alt=\"\" width=\"225\" height=\"300\" srcset=\"https:\/\/agora.xtec.cat\/ceip-marti-poch\/wp-content\/uploads\/usu1040\/2024\/05\/WhatsApp-Image-2024-05-05-at-19.42.12-1-225x300.jpeg 225w, https:\/\/agora.xtec.cat\/ceip-marti-poch\/wp-content\/uploads\/usu1040\/2024\/05\/WhatsApp-Image-2024-05-05-at-19.42.12-1-768x1024.jpeg 768w, https:\/\/agora.xtec.cat\/ceip-marti-poch\/wp-content\/uploads\/usu1040\/2024\/05\/WhatsApp-Image-2024-05-05-at-19.42.12-1-1152x1536.jpeg 1152w, https:\/\/agora.xtec.cat\/ceip-marti-poch\/wp-content\/uploads\/usu1040\/2024\/05\/WhatsApp-Image-2024-05-05-at-19.42.12-1.jpeg 1200w\" sizes=\"auto, (max-width: 225px) 100vw, 225px\" \/><\/p>\n<p style=\"text-align: justify;\"><img loading=\"lazy\" decoding=\"async\" class=\"aligncenter size-medium wp-image-8361\" src=\"https:\/\/agora.xtec.cat\/ceip-marti-poch\/wp-content\/uploads\/usu1040\/2024\/05\/WhatsApp-Image-2024-05-05-at-19.42.12-225x300.jpeg\" alt=\"\" width=\"225\" height=\"300\" srcset=\"https:\/\/agora.xtec.cat\/ceip-marti-poch\/wp-content\/uploads\/usu1040\/2024\/05\/WhatsApp-Image-2024-05-05-at-19.42.12-225x300.jpeg 225w, https:\/\/agora.xtec.cat\/ceip-marti-poch\/wp-content\/uploads\/usu1040\/2024\/05\/WhatsApp-Image-2024-05-05-at-19.42.12-768x1024.jpeg 768w, https:\/\/agora.xtec.cat\/ceip-marti-poch\/wp-content\/uploads\/usu1040\/2024\/05\/WhatsApp-Image-2024-05-05-at-19.42.12-1152x1536.jpeg 1152w, https:\/\/agora.xtec.cat\/ceip-marti-poch\/wp-content\/uploads\/usu1040\/2024\/05\/WhatsApp-Image-2024-05-05-at-19.42.12.jpeg 1200w\" sizes=\"auto, (max-width: 225px) 100vw, 225px\" \/><\/p>\n<p style=\"text-align: justify;\"><span style=\"font-weight: 400;\">La idea de la visita va sorgir com una iniciativa per connectar dues generacions\u00a0<\/span><span style=\"font-weight: 400;\">separades per d\u00e8cades d\u2019experi\u00e8ncia, per\u00f2 unides per la seva humanitat\u00a0<\/span><span style=\"font-weight: 400;\">compartida.<\/span><\/p>\n<p style=\"text-align: justify;\"><span style=\"font-weight: 400;\">Els infants, innocentment curiosos i plens d\u2019energia, van arribar a la resid\u00e8ncia\u00a0<\/span><span style=\"font-weight: 400;\">amb ulls plens d\u2019expectaci\u00f3. D\u2019altra banda, els avis i \u00e0vies, amb anys d\u2019experi\u00e8ncia i hist\u00f2ries per compartir, els van rebre amb somriures c\u00e0lids i bra\u00e7os oberts. Des del moment en qu\u00e8 es van trobar, es va establir una connexi\u00f3 m\u00e0gica.<\/span><\/p>\n<p style=\"text-align: justify;\"><img loading=\"lazy\" decoding=\"async\" class=\"aligncenter size-medium wp-image-8362\" src=\"https:\/\/agora.xtec.cat\/ceip-marti-poch\/wp-content\/uploads\/usu1040\/2024\/05\/WhatsApp-Image-2024-05-05-at-19.42.11-4-225x300.jpeg\" alt=\"\" width=\"225\" height=\"300\" srcset=\"https:\/\/agora.xtec.cat\/ceip-marti-poch\/wp-content\/uploads\/usu1040\/2024\/05\/WhatsApp-Image-2024-05-05-at-19.42.11-4-225x300.jpeg 225w, https:\/\/agora.xtec.cat\/ceip-marti-poch\/wp-content\/uploads\/usu1040\/2024\/05\/WhatsApp-Image-2024-05-05-at-19.42.11-4-768x1024.jpeg 768w, https:\/\/agora.xtec.cat\/ceip-marti-poch\/wp-content\/uploads\/usu1040\/2024\/05\/WhatsApp-Image-2024-05-05-at-19.42.11-4-1152x1536.jpeg 1152w, https:\/\/agora.xtec.cat\/ceip-marti-poch\/wp-content\/uploads\/usu1040\/2024\/05\/WhatsApp-Image-2024-05-05-at-19.42.11-4.jpeg 1200w\" sizes=\"auto, (max-width: 225px) 100vw, 225px\" \/><\/p>\n<p style=\"text-align: justify;\"><img loading=\"lazy\" decoding=\"async\" class=\"aligncenter size-medium wp-image-8363\" src=\"https:\/\/agora.xtec.cat\/ceip-marti-poch\/wp-content\/uploads\/usu1040\/2024\/05\/WhatsApp-Image-2024-05-05-at-19.42.11-5-225x300.jpeg\" alt=\"\" width=\"225\" height=\"300\" srcset=\"https:\/\/agora.xtec.cat\/ceip-marti-poch\/wp-content\/uploads\/usu1040\/2024\/05\/WhatsApp-Image-2024-05-05-at-19.42.11-5-225x300.jpeg 225w, https:\/\/agora.xtec.cat\/ceip-marti-poch\/wp-content\/uploads\/usu1040\/2024\/05\/WhatsApp-Image-2024-05-05-at-19.42.11-5-768x1024.jpeg 768w, https:\/\/agora.xtec.cat\/ceip-marti-poch\/wp-content\/uploads\/usu1040\/2024\/05\/WhatsApp-Image-2024-05-05-at-19.42.11-5-1152x1536.jpeg 1152w, https:\/\/agora.xtec.cat\/ceip-marti-poch\/wp-content\/uploads\/usu1040\/2024\/05\/WhatsApp-Image-2024-05-05-at-19.42.11-5.jpeg 1200w\" sizes=\"auto, (max-width: 225px) 100vw, 225px\" \/><\/p>\n<p style=\"text-align: justify;\"><img loading=\"lazy\" decoding=\"async\" class=\"aligncenter size-medium wp-image-8364\" src=\"https:\/\/agora.xtec.cat\/ceip-marti-poch\/wp-content\/uploads\/usu1040\/2024\/05\/WhatsApp-Image-2024-05-05-at-19.42.11-6-225x300.jpeg\" alt=\"\" width=\"225\" height=\"300\" srcset=\"https:\/\/agora.xtec.cat\/ceip-marti-poch\/wp-content\/uploads\/usu1040\/2024\/05\/WhatsApp-Image-2024-05-05-at-19.42.11-6-225x300.jpeg 225w, https:\/\/agora.xtec.cat\/ceip-marti-poch\/wp-content\/uploads\/usu1040\/2024\/05\/WhatsApp-Image-2024-05-05-at-19.42.11-6-768x1024.jpeg 768w, https:\/\/agora.xtec.cat\/ceip-marti-poch\/wp-content\/uploads\/usu1040\/2024\/05\/WhatsApp-Image-2024-05-05-at-19.42.11-6-1152x1536.jpeg 1152w, https:\/\/agora.xtec.cat\/ceip-marti-poch\/wp-content\/uploads\/usu1040\/2024\/05\/WhatsApp-Image-2024-05-05-at-19.42.11-6.jpeg 1200w\" sizes=\"auto, (max-width: 225px) 100vw, 225px\" \/><\/p>\n<p style=\"text-align: justify;\"><span style=\"font-weight: 400;\">Infants i residents van unir les seves habilitats art\u00edstiques per pintar un quadre\u00a0<\/span><span style=\"font-weight: 400;\">junts. Amb pinzells en mans petites i tremoloses, van crear un paisatge de\u00a0<\/span><span style=\"font-weight: 400;\">colors vibrants que reflectia la seva uni\u00f3 i creativitat compartida. Pintaven\u00a0<\/span><span style=\"font-weight: 400;\">mentre compartien hist\u00f2ries i consells sobre t\u00e8cniques de pintura. El resultat\u00a0<\/span><span style=\"font-weight: 400;\">final no nom\u00e9s va ser un quadre bell, sin\u00f3 tamb\u00e9 un aprenentatge emocional\u00a0<\/span><span style=\"font-weight: 400;\">bidireccional.<\/span><\/p>\n<p style=\"text-align: justify;\"><img loading=\"lazy\" decoding=\"async\" class=\"aligncenter size-medium wp-image-8365\" src=\"https:\/\/agora.xtec.cat\/ceip-marti-poch\/wp-content\/uploads\/usu1040\/2024\/05\/WhatsApp-Image-2024-05-05-at-19.42.10-2-225x300.jpeg\" alt=\"\" width=\"225\" height=\"300\" srcset=\"https:\/\/agora.xtec.cat\/ceip-marti-poch\/wp-content\/uploads\/usu1040\/2024\/05\/WhatsApp-Image-2024-05-05-at-19.42.10-2-225x300.jpeg 225w, https:\/\/agora.xtec.cat\/ceip-marti-poch\/wp-content\/uploads\/usu1040\/2024\/05\/WhatsApp-Image-2024-05-05-at-19.42.10-2-768x1024.jpeg 768w, https:\/\/agora.xtec.cat\/ceip-marti-poch\/wp-content\/uploads\/usu1040\/2024\/05\/WhatsApp-Image-2024-05-05-at-19.42.10-2-1152x1536.jpeg 1152w, https:\/\/agora.xtec.cat\/ceip-marti-poch\/wp-content\/uploads\/usu1040\/2024\/05\/WhatsApp-Image-2024-05-05-at-19.42.10-2.jpeg 1200w\" sizes=\"auto, (max-width: 225px) 100vw, 225px\" \/><\/p>\n<p style=\"text-align: justify;\"><img loading=\"lazy\" decoding=\"async\" class=\"aligncenter size-medium wp-image-8366\" src=\"https:\/\/agora.xtec.cat\/ceip-marti-poch\/wp-content\/uploads\/usu1040\/2024\/05\/WhatsApp-Image-2024-05-05-at-19.42.10-225x300.jpeg\" alt=\"\" width=\"225\" height=\"300\" srcset=\"https:\/\/agora.xtec.cat\/ceip-marti-poch\/wp-content\/uploads\/usu1040\/2024\/05\/WhatsApp-Image-2024-05-05-at-19.42.10-225x300.jpeg 225w, https:\/\/agora.xtec.cat\/ceip-marti-poch\/wp-content\/uploads\/usu1040\/2024\/05\/WhatsApp-Image-2024-05-05-at-19.42.10-768x1024.jpeg 768w, https:\/\/agora.xtec.cat\/ceip-marti-poch\/wp-content\/uploads\/usu1040\/2024\/05\/WhatsApp-Image-2024-05-05-at-19.42.10-1152x1536.jpeg 1152w, https:\/\/agora.xtec.cat\/ceip-marti-poch\/wp-content\/uploads\/usu1040\/2024\/05\/WhatsApp-Image-2024-05-05-at-19.42.10.jpeg 1200w\" sizes=\"auto, (max-width: 225px) 100vw, 225px\" \/><\/p>\n<p style=\"text-align: justify;\"><img loading=\"lazy\" decoding=\"async\" class=\"aligncenter size-medium wp-image-8367\" src=\"https:\/\/agora.xtec.cat\/ceip-marti-poch\/wp-content\/uploads\/usu1040\/2024\/05\/WhatsApp-Image-2024-05-05-at-19.42.11-1-225x300.jpeg\" alt=\"\" width=\"225\" height=\"300\" srcset=\"https:\/\/agora.xtec.cat\/ceip-marti-poch\/wp-content\/uploads\/usu1040\/2024\/05\/WhatsApp-Image-2024-05-05-at-19.42.11-1-225x300.jpeg 225w, https:\/\/agora.xtec.cat\/ceip-marti-poch\/wp-content\/uploads\/usu1040\/2024\/05\/WhatsApp-Image-2024-05-05-at-19.42.11-1-768x1024.jpeg 768w, https:\/\/agora.xtec.cat\/ceip-marti-poch\/wp-content\/uploads\/usu1040\/2024\/05\/WhatsApp-Image-2024-05-05-at-19.42.11-1-1152x1536.jpeg 1152w, https:\/\/agora.xtec.cat\/ceip-marti-poch\/wp-content\/uploads\/usu1040\/2024\/05\/WhatsApp-Image-2024-05-05-at-19.42.11-1.jpeg 1200w\" sizes=\"auto, (max-width: 225px) 100vw, 225px\" \/><\/p>\n<p style=\"text-align: justify;\"><img loading=\"lazy\" decoding=\"async\" class=\"aligncenter size-medium wp-image-8368\" src=\"https:\/\/agora.xtec.cat\/ceip-marti-poch\/wp-content\/uploads\/usu1040\/2024\/05\/WhatsApp-Image-2024-05-05-at-19.42.11-2-169x300.jpeg\" alt=\"\" width=\"169\" height=\"300\" srcset=\"https:\/\/agora.xtec.cat\/ceip-marti-poch\/wp-content\/uploads\/usu1040\/2024\/05\/WhatsApp-Image-2024-05-05-at-19.42.11-2-169x300.jpeg 169w, https:\/\/agora.xtec.cat\/ceip-marti-poch\/wp-content\/uploads\/usu1040\/2024\/05\/WhatsApp-Image-2024-05-05-at-19.42.11-2-576x1024.jpeg 576w, https:\/\/agora.xtec.cat\/ceip-marti-poch\/wp-content\/uploads\/usu1040\/2024\/05\/WhatsApp-Image-2024-05-05-at-19.42.11-2-768x1365.jpeg 768w, https:\/\/agora.xtec.cat\/ceip-marti-poch\/wp-content\/uploads\/usu1040\/2024\/05\/WhatsApp-Image-2024-05-05-at-19.42.11-2-864x1536.jpeg 864w, https:\/\/agora.xtec.cat\/ceip-marti-poch\/wp-content\/uploads\/usu1040\/2024\/05\/WhatsApp-Image-2024-05-05-at-19.42.11-2.jpeg 900w\" sizes=\"auto, (max-width: 169px) 100vw, 169px\" \/><\/p>\n<p style=\"text-align: justify;\"><img loading=\"lazy\" decoding=\"async\" class=\"aligncenter size-medium wp-image-8369\" src=\"https:\/\/agora.xtec.cat\/ceip-marti-poch\/wp-content\/uploads\/usu1040\/2024\/05\/WhatsApp-Image-2024-05-05-at-19.42.11-3-225x300.jpeg\" alt=\"\" width=\"225\" height=\"300\" srcset=\"https:\/\/agora.xtec.cat\/ceip-marti-poch\/wp-content\/uploads\/usu1040\/2024\/05\/WhatsApp-Image-2024-05-05-at-19.42.11-3-225x300.jpeg 225w, https:\/\/agora.xtec.cat\/ceip-marti-poch\/wp-content\/uploads\/usu1040\/2024\/05\/WhatsApp-Image-2024-05-05-at-19.42.11-3-768x1024.jpeg 768w, https:\/\/agora.xtec.cat\/ceip-marti-poch\/wp-content\/uploads\/usu1040\/2024\/05\/WhatsApp-Image-2024-05-05-at-19.42.11-3-1152x1536.jpeg 1152w, https:\/\/agora.xtec.cat\/ceip-marti-poch\/wp-content\/uploads\/usu1040\/2024\/05\/WhatsApp-Image-2024-05-05-at-19.42.11-3.jpeg 1200w\" sizes=\"auto, (max-width: 225px) 100vw, 225px\" \/><\/p>\n<p style=\"text-align: justify;\"><span style=\"font-weight: 400;\">La visita va ser molt m\u00e9s que un simple esdeveniment; va ser un recordatori de\u00a0<\/span><span style=\"font-weight: 400;\">la import\u00e0ncia de les relacions intergeneracionals i de la riquesa que aporten a\u00a0<\/span><span style=\"font-weight: 400;\">les nostres vides.<\/span><\/p>\n<p>&nbsp;<\/p>\n<p style=\"text-align: justify;\">\n","protected":false},"excerpt":{"rendered":"<p>En un m\u00f3n cada vegada m\u00e9s accelerat i tecnol\u00f2gic, on les interaccions\u00a0humanes sovint es limiten a trav\u00e9s d\u2019una pantalla, \u00e9s refrescant veure com les\u00a0generacions es troben compartint experi\u00e8ncies i aprenentatges. A l\u2019escola cada curs ha realitzat un projecte amb impacte social relacionat amb el l\u2019\u00e0lbum&hellip;  <a href=\"https:\/\/agora.xtec.cat\/ceip-marti-poch\/general\/avis-i-avies-relacions-intergeneracionals-visita-especial-a-la-residencia-jaume-i\/\" title=\"Read Avis i \u00e0vies. Relacions intergeneracionals. Visita especial a la Resid\u00e8ncia Jaume I.\">Llegeix m\u00e9s\u00bb<\/a><\/p>\n","protected":false},"author":1,"featured_media":8367,"comment_status":"open","ping_status":"closed","sticky":false,"template":"","format":"standard","meta":{"_bbp_topic_count":0,"_bbp_reply_count":0,"_bbp_total_topic_count":0,"_bbp_total_reply_count":0,"_bbp_voice_count":0,"_bbp_anonymous_reply_count":0,"_bbp_topic_count_hidden":0,"_bbp_reply_count_hidden":0,"_bbp_forum_subforum_count":0,"footnotes":""},"categories":[1,9,2,4,340,74,91],"tags":[],"class_list":["post-8354","post","type-post","status-publish","format-standard","has-post-thumbnail","hentry","category-general","category-i5","category-infantil","category-portada","category-projecte-globalitzat","category-projectes","category-sortides"],"post_mailing_queue_ids":[],"_links":{"self":[{"href":"https:\/\/agora.xtec.cat\/ceip-marti-poch\/wp-json\/wp\/v2\/posts\/8354","targetHints":{"allow":["GET"]}}],"collection":[{"href":"https:\/\/agora.xtec.cat\/ceip-marti-poch\/wp-json\/wp\/v2\/posts"}],"about":[{"href":"https:\/\/agora.xtec.cat\/ceip-marti-poch\/wp-json\/wp\/v2\/types\/post"}],"author":[{"embeddable":true,"href":"https:\/\/agora.xtec.cat\/ceip-marti-poch\/wp-json\/wp\/v2\/users\/1"}],"replies":[{"embeddable":true,"href":"https:\/\/agora.xtec.cat\/ceip-marti-poch\/wp-json\/wp\/v2\/comments?post=8354"}],"version-history":[{"count":3,"href":"https:\/\/agora.xtec.cat\/ceip-marti-poch\/wp-json\/wp\/v2\/posts\/8354\/revisions"}],"predecessor-version":[{"id":8374,"href":"https:\/\/agora.xtec.cat\/ceip-marti-poch\/wp-json\/wp\/v2\/posts\/8354\/revisions\/8374"}],"wp:featuredmedia":[{"embeddable":true,"href":"https:\/\/agora.xtec.cat\/ceip-marti-poch\/wp-json\/wp\/v2\/media\/8367"}],"wp:attachment":[{"href":"https:\/\/agora.xtec.cat\/ceip-marti-poch\/wp-json\/wp\/v2\/media?parent=8354"}],"wp:term":[{"taxonomy":"category","embeddable":true,"href":"https:\/\/agora.xtec.cat\/ceip-marti-poch\/wp-json\/wp\/v2\/categories?post=8354"},{"taxonomy":"post_tag","embeddable":true,"href":"https:\/\/agora.xtec.cat\/ceip-marti-poch\/wp-json\/wp\/v2\/tags?post=8354"}],"curies":[{"name":"wp","href":"https:\/\/api.w.org\/{rel}","templated":true}]}}