{"id":8291,"date":"2024-04-07T15:05:53","date_gmt":"2024-04-07T13:05:53","guid":{"rendered":"https:\/\/agora.xtec.cat\/ceip-marti-poch\/?p=8291"},"modified":"2024-04-07T15:05:53","modified_gmt":"2024-04-07T13:05:53","slug":"rebem-la-visita-del-president-i-secretaria-de-la-comissio-deducacio-de-la-federacio-internacional-descacs","status":"publish","type":"post","link":"https:\/\/agora.xtec.cat\/ceip-marti-poch\/general\/rebem-la-visita-del-president-i-secretaria-de-la-comissio-deducacio-de-la-federacio-internacional-descacs\/","title":{"rendered":"Rebem la visita del president i secret\u00e0ria de la Comissi\u00f3 d\u2019Educaci\u00f3 de la Federaci\u00f3 Internacional d\u2019Escacs"},"content":{"rendered":"<p>En Jerry Nash i Rita Atkins, s\u00f3n el president i secret\u00e0ria de la Comissi\u00f3 d\u2019Educaci\u00f3 de la Federaci\u00f3 Internacional d\u2019Escacs,respectivament.<\/p>\n<p>El Jerry \u00e9s d\u2019Estats Units, i la Rita d\u2019Hongria i s\u00f3n referents a nivell mundial en l\u2019\u00e0mbit dels escacs educatius.<\/p>\n<p>El mes de mar\u00e7 ens van visitar a l\u2019escola per veure de primera m\u00e0 com duem a terme el \u201cProjecte d\u2019Escacs a l\u2019Escola\u201d. Recordem, el programa es realitza a tota l\u2019educaci\u00f3 prim\u00e0ria, s\u2019ofereix el joc durant les estones d\u2019esbarjo i d\u2019espai migdia i es convoca un torneig a la setmana.<\/p>\n<p><img loading=\"lazy\" decoding=\"async\" class=\"aligncenter size-medium wp-image-8292\" src=\"https:\/\/agora.xtec.cat\/ceip-marti-poch\/wp-content\/uploads\/usu1040\/2024\/04\/m6-225x300.jpeg\" alt=\"\" width=\"225\" height=\"300\" srcset=\"https:\/\/agora.xtec.cat\/ceip-marti-poch\/wp-content\/uploads\/usu1040\/2024\/04\/m6-225x300.jpeg 225w, https:\/\/agora.xtec.cat\/ceip-marti-poch\/wp-content\/uploads\/usu1040\/2024\/04\/m6-768x1024.jpeg 768w, https:\/\/agora.xtec.cat\/ceip-marti-poch\/wp-content\/uploads\/usu1040\/2024\/04\/m6-1152x1536.jpeg 1152w, https:\/\/agora.xtec.cat\/ceip-marti-poch\/wp-content\/uploads\/usu1040\/2024\/04\/m6.jpeg 1536w\" sizes=\"auto, (max-width: 225px) 100vw, 225px\" \/><\/p>\n<p><img loading=\"lazy\" decoding=\"async\" class=\"aligncenter size-medium wp-image-8293\" src=\"https:\/\/agora.xtec.cat\/ceip-marti-poch\/wp-content\/uploads\/usu1040\/2024\/04\/m5-225x300.jpeg\" alt=\"\" width=\"225\" height=\"300\" srcset=\"https:\/\/agora.xtec.cat\/ceip-marti-poch\/wp-content\/uploads\/usu1040\/2024\/04\/m5-225x300.jpeg 225w, https:\/\/agora.xtec.cat\/ceip-marti-poch\/wp-content\/uploads\/usu1040\/2024\/04\/m5-768x1024.jpeg 768w, https:\/\/agora.xtec.cat\/ceip-marti-poch\/wp-content\/uploads\/usu1040\/2024\/04\/m5-1152x1536.jpeg 1152w, https:\/\/agora.xtec.cat\/ceip-marti-poch\/wp-content\/uploads\/usu1040\/2024\/04\/m5.jpeg 1536w\" sizes=\"auto, (max-width: 225px) 100vw, 225px\" \/><\/p>\n<p><img loading=\"lazy\" decoding=\"async\" class=\"aligncenter size-medium wp-image-8294\" src=\"https:\/\/agora.xtec.cat\/ceip-marti-poch\/wp-content\/uploads\/usu1040\/2024\/04\/m4-225x300.jpeg\" alt=\"\" width=\"225\" height=\"300\" srcset=\"https:\/\/agora.xtec.cat\/ceip-marti-poch\/wp-content\/uploads\/usu1040\/2024\/04\/m4-225x300.jpeg 225w, https:\/\/agora.xtec.cat\/ceip-marti-poch\/wp-content\/uploads\/usu1040\/2024\/04\/m4-768x1024.jpeg 768w, https:\/\/agora.xtec.cat\/ceip-marti-poch\/wp-content\/uploads\/usu1040\/2024\/04\/m4-1152x1536.jpeg 1152w, https:\/\/agora.xtec.cat\/ceip-marti-poch\/wp-content\/uploads\/usu1040\/2024\/04\/m4.jpeg 1536w\" sizes=\"auto, (max-width: 225px) 100vw, 225px\" \/><\/p>\n<p><img loading=\"lazy\" decoding=\"async\" class=\"aligncenter size-medium wp-image-8295\" src=\"https:\/\/agora.xtec.cat\/ceip-marti-poch\/wp-content\/uploads\/usu1040\/2024\/04\/m3-225x300.jpeg\" alt=\"\" width=\"225\" height=\"300\" srcset=\"https:\/\/agora.xtec.cat\/ceip-marti-poch\/wp-content\/uploads\/usu1040\/2024\/04\/m3-225x300.jpeg 225w, https:\/\/agora.xtec.cat\/ceip-marti-poch\/wp-content\/uploads\/usu1040\/2024\/04\/m3-768x1024.jpeg 768w, https:\/\/agora.xtec.cat\/ceip-marti-poch\/wp-content\/uploads\/usu1040\/2024\/04\/m3-1152x1536.jpeg 1152w, https:\/\/agora.xtec.cat\/ceip-marti-poch\/wp-content\/uploads\/usu1040\/2024\/04\/m3.jpeg 1536w\" sizes=\"auto, (max-width: 225px) 100vw, 225px\" \/><\/p>\n<p><img loading=\"lazy\" decoding=\"async\" class=\"aligncenter size-medium wp-image-8296\" src=\"https:\/\/agora.xtec.cat\/ceip-marti-poch\/wp-content\/uploads\/usu1040\/2024\/04\/m2-225x300.jpeg\" alt=\"\" width=\"225\" height=\"300\" srcset=\"https:\/\/agora.xtec.cat\/ceip-marti-poch\/wp-content\/uploads\/usu1040\/2024\/04\/m2-225x300.jpeg 225w, https:\/\/agora.xtec.cat\/ceip-marti-poch\/wp-content\/uploads\/usu1040\/2024\/04\/m2-768x1024.jpeg 768w, https:\/\/agora.xtec.cat\/ceip-marti-poch\/wp-content\/uploads\/usu1040\/2024\/04\/m2-1152x1536.jpeg 1152w, https:\/\/agora.xtec.cat\/ceip-marti-poch\/wp-content\/uploads\/usu1040\/2024\/04\/m2.jpeg 1536w\" sizes=\"auto, (max-width: 225px) 100vw, 225px\" \/><\/p>\n<p><img loading=\"lazy\" decoding=\"async\" class=\"aligncenter size-medium wp-image-8297\" src=\"https:\/\/agora.xtec.cat\/ceip-marti-poch\/wp-content\/uploads\/usu1040\/2024\/04\/m1-300x225.jpeg\" alt=\"\" width=\"300\" height=\"225\" srcset=\"https:\/\/agora.xtec.cat\/ceip-marti-poch\/wp-content\/uploads\/usu1040\/2024\/04\/m1-300x225.jpeg 300w, https:\/\/agora.xtec.cat\/ceip-marti-poch\/wp-content\/uploads\/usu1040\/2024\/04\/m1-1024x768.jpeg 1024w, https:\/\/agora.xtec.cat\/ceip-marti-poch\/wp-content\/uploads\/usu1040\/2024\/04\/m1-768x576.jpeg 768w, https:\/\/agora.xtec.cat\/ceip-marti-poch\/wp-content\/uploads\/usu1040\/2024\/04\/m1-1536x1152.jpeg 1536w, https:\/\/agora.xtec.cat\/ceip-marti-poch\/wp-content\/uploads\/usu1040\/2024\/04\/m1-200x150.jpeg 200w, https:\/\/agora.xtec.cat\/ceip-marti-poch\/wp-content\/uploads\/usu1040\/2024\/04\/m1.jpeg 1600w\" sizes=\"auto, (max-width: 300px) 100vw, 300px\" \/><\/p>\n<p><img loading=\"lazy\" decoding=\"async\" class=\"aligncenter size-medium wp-image-8298\" src=\"https:\/\/agora.xtec.cat\/ceip-marti-poch\/wp-content\/uploads\/usu1040\/2024\/04\/m-225x300.jpeg\" alt=\"\" width=\"225\" height=\"300\" srcset=\"https:\/\/agora.xtec.cat\/ceip-marti-poch\/wp-content\/uploads\/usu1040\/2024\/04\/m-225x300.jpeg 225w, https:\/\/agora.xtec.cat\/ceip-marti-poch\/wp-content\/uploads\/usu1040\/2024\/04\/m-768x1024.jpeg 768w, https:\/\/agora.xtec.cat\/ceip-marti-poch\/wp-content\/uploads\/usu1040\/2024\/04\/m-1152x1536.jpeg 1152w, https:\/\/agora.xtec.cat\/ceip-marti-poch\/wp-content\/uploads\/usu1040\/2024\/04\/m.jpeg 1200w\" sizes=\"auto, (max-width: 225px) 100vw, 225px\" \/><\/p>\n","protected":false},"excerpt":{"rendered":"<p>En Jerry Nash i Rita Atkins, s\u00f3n el president i secret\u00e0ria de la Comissi\u00f3 d\u2019Educaci\u00f3 de la Federaci\u00f3 Internacional d\u2019Escacs,respectivament.<br \/>\nEl Jerry \u00e9s d\u2019Estats Units, i la Rita d\u2019Hongria i s\u00f3n referents a nivell mundial en l\u2019\u00e0mbit dels escacs educatius.<br \/>\nEl mes de mar\u00e7 ens van visitar&hellip;  <a href=\"https:\/\/agora.xtec.cat\/ceip-marti-poch\/general\/rebem-la-visita-del-president-i-secretaria-de-la-comissio-deducacio-de-la-federacio-internacional-descacs\/\" title=\"Read Rebem la visita del president i secret\u00e0ria de la Comissi\u00f3 d\u2019Educaci\u00f3 de la Federaci\u00f3 Internacional d\u2019Escacs\">Llegeix m\u00e9s\u00bb<\/a><\/p>\n","protected":false},"author":1,"featured_media":8297,"comment_status":"open","ping_status":"closed","sticky":false,"template":"","format":"standard","meta":{"_bbp_topic_count":0,"_bbp_reply_count":0,"_bbp_total_topic_count":0,"_bbp_total_reply_count":0,"_bbp_voice_count":0,"_bbp_anonymous_reply_count":0,"_bbp_topic_count_hidden":0,"_bbp_reply_count_hidden":0,"_bbp_forum_subforum_count":0,"footnotes":""},"categories":[72,212,1,4,5,82],"tags":[],"class_list":["post-8291","post","type-post","status-publish","format-standard","has-post-thumbnail","hentry","category-biblioteca-jv","category-escacs-a-lescola","category-general","category-portada","category-primaria","category-visites"],"post_mailing_queue_ids":[],"_links":{"self":[{"href":"https:\/\/agora.xtec.cat\/ceip-marti-poch\/wp-json\/wp\/v2\/posts\/8291","targetHints":{"allow":["GET"]}}],"collection":[{"href":"https:\/\/agora.xtec.cat\/ceip-marti-poch\/wp-json\/wp\/v2\/posts"}],"about":[{"href":"https:\/\/agora.xtec.cat\/ceip-marti-poch\/wp-json\/wp\/v2\/types\/post"}],"author":[{"embeddable":true,"href":"https:\/\/agora.xtec.cat\/ceip-marti-poch\/wp-json\/wp\/v2\/users\/1"}],"replies":[{"embeddable":true,"href":"https:\/\/agora.xtec.cat\/ceip-marti-poch\/wp-json\/wp\/v2\/comments?post=8291"}],"version-history":[{"count":2,"href":"https:\/\/agora.xtec.cat\/ceip-marti-poch\/wp-json\/wp\/v2\/posts\/8291\/revisions"}],"predecessor-version":[{"id":8300,"href":"https:\/\/agora.xtec.cat\/ceip-marti-poch\/wp-json\/wp\/v2\/posts\/8291\/revisions\/8300"}],"wp:featuredmedia":[{"embeddable":true,"href":"https:\/\/agora.xtec.cat\/ceip-marti-poch\/wp-json\/wp\/v2\/media\/8297"}],"wp:attachment":[{"href":"https:\/\/agora.xtec.cat\/ceip-marti-poch\/wp-json\/wp\/v2\/media?parent=8291"}],"wp:term":[{"taxonomy":"category","embeddable":true,"href":"https:\/\/agora.xtec.cat\/ceip-marti-poch\/wp-json\/wp\/v2\/categories?post=8291"},{"taxonomy":"post_tag","embeddable":true,"href":"https:\/\/agora.xtec.cat\/ceip-marti-poch\/wp-json\/wp\/v2\/tags?post=8291"}],"curies":[{"name":"wp","href":"https:\/\/api.w.org\/{rel}","templated":true}]}}