{"id":7733,"date":"2023-12-13T13:38:54","date_gmt":"2023-12-13T12:38:54","guid":{"rendered":"https:\/\/agora.xtec.cat\/ceip-marti-poch\/?p=7733"},"modified":"2023-12-13T13:39:07","modified_gmt":"2023-12-13T12:39:07","slug":"sostenibilitat-en-joc-al-museu-de-la-vida-rural","status":"publish","type":"post","link":"https:\/\/agora.xtec.cat\/ceip-marti-poch\/general\/sostenibilitat-en-joc-al-museu-de-la-vida-rural\/","title":{"rendered":"\u2018Sostenibilitat en joc\u2019 al Museu de la Vida Rural"},"content":{"rendered":"<p>A partir de la mem\u00f2ria que conserva el museu i mitjan\u00e7ant una s\u00e8rie de din\u00e0miques basades en la descoberta dels Objectius de Desenvolupament Sostenible, ens conviden a repensar quina hauria de ser la nostra actitud davant l\u2019emerg\u00e8ncia clim\u00e0tica actual, per tal de cercar unes relacions m\u00e9s harmonioses i sostenibles amb el planeta, la comunitat i cap a nosaltres mateixos.<\/p>\n<p>Els disset Objectius de Desenvolupament Sostenible (ODS) \u2013 objectius universals, integradors i ambiciosos \u2013 s\u00f3n els que guien la implementaci\u00f3 de l\u2019Agenda 2030 de les Nacions Unides per al Desenvolupament Sostenible, aprovada el 25 de setembre del 2015.<\/p>\n<p><img loading=\"lazy\" decoding=\"async\" class=\"aligncenter size-medium wp-image-7734\" src=\"https:\/\/agora.xtec.cat\/ceip-marti-poch\/wp-content\/uploads\/usu1040\/2023\/12\/WhatsApp-Image-2023-12-13-at-13.35.47-1-300x225.jpeg\" alt=\"\" width=\"300\" height=\"225\" srcset=\"https:\/\/agora.xtec.cat\/ceip-marti-poch\/wp-content\/uploads\/usu1040\/2023\/12\/WhatsApp-Image-2023-12-13-at-13.35.47-1-300x225.jpeg 300w, https:\/\/agora.xtec.cat\/ceip-marti-poch\/wp-content\/uploads\/usu1040\/2023\/12\/WhatsApp-Image-2023-12-13-at-13.35.47-1-1024x768.jpeg 1024w, https:\/\/agora.xtec.cat\/ceip-marti-poch\/wp-content\/uploads\/usu1040\/2023\/12\/WhatsApp-Image-2023-12-13-at-13.35.47-1-768x576.jpeg 768w, https:\/\/agora.xtec.cat\/ceip-marti-poch\/wp-content\/uploads\/usu1040\/2023\/12\/WhatsApp-Image-2023-12-13-at-13.35.47-1-200x150.jpeg 200w, https:\/\/agora.xtec.cat\/ceip-marti-poch\/wp-content\/uploads\/usu1040\/2023\/12\/WhatsApp-Image-2023-12-13-at-13.35.47-1.jpeg 1280w\" sizes=\"auto, (max-width: 300px) 100vw, 300px\" \/><\/p>\n<p><img loading=\"lazy\" decoding=\"async\" class=\"aligncenter size-medium wp-image-7735\" src=\"https:\/\/agora.xtec.cat\/ceip-marti-poch\/wp-content\/uploads\/usu1040\/2023\/12\/WhatsApp-Image-2023-12-13-at-13.35.47-300x225.jpeg\" alt=\"\" width=\"300\" height=\"225\" srcset=\"https:\/\/agora.xtec.cat\/ceip-marti-poch\/wp-content\/uploads\/usu1040\/2023\/12\/WhatsApp-Image-2023-12-13-at-13.35.47-300x225.jpeg 300w, https:\/\/agora.xtec.cat\/ceip-marti-poch\/wp-content\/uploads\/usu1040\/2023\/12\/WhatsApp-Image-2023-12-13-at-13.35.47-1024x768.jpeg 1024w, https:\/\/agora.xtec.cat\/ceip-marti-poch\/wp-content\/uploads\/usu1040\/2023\/12\/WhatsApp-Image-2023-12-13-at-13.35.47-768x576.jpeg 768w, https:\/\/agora.xtec.cat\/ceip-marti-poch\/wp-content\/uploads\/usu1040\/2023\/12\/WhatsApp-Image-2023-12-13-at-13.35.47-200x150.jpeg 200w, https:\/\/agora.xtec.cat\/ceip-marti-poch\/wp-content\/uploads\/usu1040\/2023\/12\/WhatsApp-Image-2023-12-13-at-13.35.47.jpeg 1280w\" sizes=\"auto, (max-width: 300px) 100vw, 300px\" \/><\/p>\n<p><img loading=\"lazy\" decoding=\"async\" class=\"aligncenter size-medium wp-image-7736\" src=\"https:\/\/agora.xtec.cat\/ceip-marti-poch\/wp-content\/uploads\/usu1040\/2023\/12\/WhatsApp-Image-2023-12-13-at-13.35.45-1-300x225.jpeg\" alt=\"\" width=\"300\" height=\"225\" srcset=\"https:\/\/agora.xtec.cat\/ceip-marti-poch\/wp-content\/uploads\/usu1040\/2023\/12\/WhatsApp-Image-2023-12-13-at-13.35.45-1-300x225.jpeg 300w, https:\/\/agora.xtec.cat\/ceip-marti-poch\/wp-content\/uploads\/usu1040\/2023\/12\/WhatsApp-Image-2023-12-13-at-13.35.45-1-1024x768.jpeg 1024w, https:\/\/agora.xtec.cat\/ceip-marti-poch\/wp-content\/uploads\/usu1040\/2023\/12\/WhatsApp-Image-2023-12-13-at-13.35.45-1-768x576.jpeg 768w, https:\/\/agora.xtec.cat\/ceip-marti-poch\/wp-content\/uploads\/usu1040\/2023\/12\/WhatsApp-Image-2023-12-13-at-13.35.45-1-200x150.jpeg 200w, https:\/\/agora.xtec.cat\/ceip-marti-poch\/wp-content\/uploads\/usu1040\/2023\/12\/WhatsApp-Image-2023-12-13-at-13.35.45-1.jpeg 1280w\" sizes=\"auto, (max-width: 300px) 100vw, 300px\" \/><\/p>\n<p><img loading=\"lazy\" decoding=\"async\" class=\"aligncenter size-medium wp-image-7737\" src=\"https:\/\/agora.xtec.cat\/ceip-marti-poch\/wp-content\/uploads\/usu1040\/2023\/12\/WhatsApp-Image-2023-12-13-at-13.35.45-300x225.jpeg\" alt=\"\" width=\"300\" height=\"225\" srcset=\"https:\/\/agora.xtec.cat\/ceip-marti-poch\/wp-content\/uploads\/usu1040\/2023\/12\/WhatsApp-Image-2023-12-13-at-13.35.45-300x225.jpeg 300w, https:\/\/agora.xtec.cat\/ceip-marti-poch\/wp-content\/uploads\/usu1040\/2023\/12\/WhatsApp-Image-2023-12-13-at-13.35.45-1024x768.jpeg 1024w, https:\/\/agora.xtec.cat\/ceip-marti-poch\/wp-content\/uploads\/usu1040\/2023\/12\/WhatsApp-Image-2023-12-13-at-13.35.45-768x576.jpeg 768w, https:\/\/agora.xtec.cat\/ceip-marti-poch\/wp-content\/uploads\/usu1040\/2023\/12\/WhatsApp-Image-2023-12-13-at-13.35.45-200x150.jpeg 200w, https:\/\/agora.xtec.cat\/ceip-marti-poch\/wp-content\/uploads\/usu1040\/2023\/12\/WhatsApp-Image-2023-12-13-at-13.35.45.jpeg 1280w\" sizes=\"auto, (max-width: 300px) 100vw, 300px\" \/><\/p>\n<p><img loading=\"lazy\" decoding=\"async\" class=\"aligncenter size-medium wp-image-7738\" src=\"https:\/\/agora.xtec.cat\/ceip-marti-poch\/wp-content\/uploads\/usu1040\/2023\/12\/WhatsApp-Image-2023-12-13-at-13.35.44-300x225.jpeg\" alt=\"\" width=\"300\" height=\"225\" srcset=\"https:\/\/agora.xtec.cat\/ceip-marti-poch\/wp-content\/uploads\/usu1040\/2023\/12\/WhatsApp-Image-2023-12-13-at-13.35.44-300x225.jpeg 300w, https:\/\/agora.xtec.cat\/ceip-marti-poch\/wp-content\/uploads\/usu1040\/2023\/12\/WhatsApp-Image-2023-12-13-at-13.35.44-1024x768.jpeg 1024w, https:\/\/agora.xtec.cat\/ceip-marti-poch\/wp-content\/uploads\/usu1040\/2023\/12\/WhatsApp-Image-2023-12-13-at-13.35.44-768x576.jpeg 768w, https:\/\/agora.xtec.cat\/ceip-marti-poch\/wp-content\/uploads\/usu1040\/2023\/12\/WhatsApp-Image-2023-12-13-at-13.35.44-200x150.jpeg 200w, https:\/\/agora.xtec.cat\/ceip-marti-poch\/wp-content\/uploads\/usu1040\/2023\/12\/WhatsApp-Image-2023-12-13-at-13.35.44.jpeg 1280w\" sizes=\"auto, (max-width: 300px) 100vw, 300px\" \/><\/p>\n<p><img loading=\"lazy\" decoding=\"async\" class=\"aligncenter size-medium wp-image-7739\" src=\"https:\/\/agora.xtec.cat\/ceip-marti-poch\/wp-content\/uploads\/usu1040\/2023\/12\/WhatsApp-Image-2023-12-13-at-13.35.43-300x225.jpeg\" alt=\"\" width=\"300\" height=\"225\" srcset=\"https:\/\/agora.xtec.cat\/ceip-marti-poch\/wp-content\/uploads\/usu1040\/2023\/12\/WhatsApp-Image-2023-12-13-at-13.35.43-300x225.jpeg 300w, https:\/\/agora.xtec.cat\/ceip-marti-poch\/wp-content\/uploads\/usu1040\/2023\/12\/WhatsApp-Image-2023-12-13-at-13.35.43-1024x768.jpeg 1024w, https:\/\/agora.xtec.cat\/ceip-marti-poch\/wp-content\/uploads\/usu1040\/2023\/12\/WhatsApp-Image-2023-12-13-at-13.35.43-768x576.jpeg 768w, https:\/\/agora.xtec.cat\/ceip-marti-poch\/wp-content\/uploads\/usu1040\/2023\/12\/WhatsApp-Image-2023-12-13-at-13.35.43-200x150.jpeg 200w, https:\/\/agora.xtec.cat\/ceip-marti-poch\/wp-content\/uploads\/usu1040\/2023\/12\/WhatsApp-Image-2023-12-13-at-13.35.43.jpeg 1280w\" sizes=\"auto, (max-width: 300px) 100vw, 300px\" \/><\/p>\n","protected":false},"excerpt":{"rendered":"<p>A partir de la mem\u00f2ria que conserva el museu i mitjan\u00e7ant una s\u00e8rie de din\u00e0miques basades en la descoberta dels Objectius de Desenvolupament Sostenible, ens conviden a repensar quina hauria de ser la nostra actitud davant l\u2019emerg\u00e8ncia clim\u00e0tica actual, per tal de cercar unes relacions&hellip;  <a href=\"https:\/\/agora.xtec.cat\/ceip-marti-poch\/general\/sostenibilitat-en-joc-al-museu-de-la-vida-rural\/\" title=\"Read \u2018Sostenibilitat en joc\u2019 al Museu de la Vida Rural\">Llegeix m\u00e9s\u00bb<\/a><\/p>\n","protected":false},"author":1,"featured_media":7738,"comment_status":"open","ping_status":"closed","sticky":false,"template":"","format":"standard","meta":{"_bbp_topic_count":0,"_bbp_reply_count":0,"_bbp_total_topic_count":0,"_bbp_total_reply_count":0,"_bbp_voice_count":0,"_bbp_anonymous_reply_count":0,"_bbp_topic_count_hidden":0,"_bbp_reply_count_hidden":0,"_bbp_forum_subforum_count":0,"footnotes":""},"categories":[13,148,60,1,138,4,74],"tags":[132,147,161,64,16,160],"class_list":["post-7733","post","type-post","status-publish","format-standard","has-post-thumbnail","hentry","category-4t","category-alianca-mvr","category-escoles-verdes","category-general","category-mvr","category-portada","category-projectes","tag-escola-verda","tag-escoles-verdes","tag-ods","tag-projectes","tag-sortides","tag-sostenibilitat"],"post_mailing_queue_ids":[],"_links":{"self":[{"href":"https:\/\/agora.xtec.cat\/ceip-marti-poch\/wp-json\/wp\/v2\/posts\/7733","targetHints":{"allow":["GET"]}}],"collection":[{"href":"https:\/\/agora.xtec.cat\/ceip-marti-poch\/wp-json\/wp\/v2\/posts"}],"about":[{"href":"https:\/\/agora.xtec.cat\/ceip-marti-poch\/wp-json\/wp\/v2\/types\/post"}],"author":[{"embeddable":true,"href":"https:\/\/agora.xtec.cat\/ceip-marti-poch\/wp-json\/wp\/v2\/users\/1"}],"replies":[{"embeddable":true,"href":"https:\/\/agora.xtec.cat\/ceip-marti-poch\/wp-json\/wp\/v2\/comments?post=7733"}],"version-history":[{"count":1,"href":"https:\/\/agora.xtec.cat\/ceip-marti-poch\/wp-json\/wp\/v2\/posts\/7733\/revisions"}],"predecessor-version":[{"id":7740,"href":"https:\/\/agora.xtec.cat\/ceip-marti-poch\/wp-json\/wp\/v2\/posts\/7733\/revisions\/7740"}],"wp:featuredmedia":[{"embeddable":true,"href":"https:\/\/agora.xtec.cat\/ceip-marti-poch\/wp-json\/wp\/v2\/media\/7738"}],"wp:attachment":[{"href":"https:\/\/agora.xtec.cat\/ceip-marti-poch\/wp-json\/wp\/v2\/media?parent=7733"}],"wp:term":[{"taxonomy":"category","embeddable":true,"href":"https:\/\/agora.xtec.cat\/ceip-marti-poch\/wp-json\/wp\/v2\/categories?post=7733"},{"taxonomy":"post_tag","embeddable":true,"href":"https:\/\/agora.xtec.cat\/ceip-marti-poch\/wp-json\/wp\/v2\/tags?post=7733"}],"curies":[{"name":"wp","href":"https:\/\/api.w.org\/{rel}","templated":true}]}}