{"id":7601,"date":"2023-11-25T15:28:38","date_gmt":"2023-11-25T14:28:38","guid":{"rendered":"https:\/\/agora.xtec.cat\/ceip-marti-poch\/?p=7601"},"modified":"2023-11-25T15:28:38","modified_gmt":"2023-11-25T14:28:38","slug":"a-lescola-marti-poch-estimem-la-musica-gaudim-del-dia-de-la-musica-amb-el-poble","status":"publish","type":"post","link":"https:\/\/agora.xtec.cat\/ceip-marti-poch\/general\/a-lescola-marti-poch-estimem-la-musica-gaudim-del-dia-de-la-musica-amb-el-poble\/","title":{"rendered":"A l\u2019escola Mart\u00ed Poch estimem la m\u00fasica. Gaudim del Dia de la M\u00fasica amb el poble."},"content":{"rendered":"<p><span style=\"font-weight: 400;\">La m\u00fasica \u00e9s vida! El Dia 22 de novembre \u00e9s Santa Cec\u00edlia, la patrona dels m\u00fasics i a l\u2019escola ho hem celebrat amb la visita d\u2019entitats espluguines vinculades a la m\u00fasica.\u00a0<\/span><\/p>\n<p><img loading=\"lazy\" decoding=\"async\" class=\"aligncenter size-medium wp-image-7611\" src=\"https:\/\/agora.xtec.cat\/ceip-marti-poch\/wp-content\/uploads\/usu1040\/2023\/11\/WhatsApp-Image-2023-11-25-at-15.05.25-8-300x225.jpeg\" alt=\"\" width=\"300\" height=\"225\" srcset=\"https:\/\/agora.xtec.cat\/ceip-marti-poch\/wp-content\/uploads\/usu1040\/2023\/11\/WhatsApp-Image-2023-11-25-at-15.05.25-8-300x225.jpeg 300w, https:\/\/agora.xtec.cat\/ceip-marti-poch\/wp-content\/uploads\/usu1040\/2023\/11\/WhatsApp-Image-2023-11-25-at-15.05.25-8-768x576.jpeg 768w, https:\/\/agora.xtec.cat\/ceip-marti-poch\/wp-content\/uploads\/usu1040\/2023\/11\/WhatsApp-Image-2023-11-25-at-15.05.25-8-200x150.jpeg 200w, https:\/\/agora.xtec.cat\/ceip-marti-poch\/wp-content\/uploads\/usu1040\/2023\/11\/WhatsApp-Image-2023-11-25-at-15.05.25-8.jpeg 800w\" sizes=\"auto, (max-width: 300px) 100vw, 300px\" \/><\/p>\n<p><span style=\"font-weight: 400;\">L\u2019Orquestra i Cor TLP va omplir\u00a0 la biblioteca de m\u00fasica! Una fant\u00e0stica tarda envoltats de veus, de l\u2019acordi\u00f3, de les flautes travesseres i del violoncel. El grup de conjunt de l\u2019Escola de M\u00fasica Municipal format per alumnes de l\u2019escola, va oferir un concert fant\u00e0stic a l\u2019escenari de l\u2019espai exterior de l\u2019escola. Una representaci\u00f3 de membres de la Coral Espluguina va cantar diverses can\u00e7ons a m\u00e9s de 180 persones a les grades.Una petita representaci\u00f3 del grup de Tambors dels Diables de l\u2019Espluga ens va venir a ensenyar els instruments de percussi\u00f3 que formen part de la batucada i els van poder tocar.<\/span><\/p>\n<p><img loading=\"lazy\" decoding=\"async\" class=\"aligncenter size-medium wp-image-7610\" src=\"https:\/\/agora.xtec.cat\/ceip-marti-poch\/wp-content\/uploads\/usu1040\/2023\/11\/WhatsApp-Image-2023-11-25-at-15.05.25-7-300x225.jpeg\" alt=\"\" width=\"300\" height=\"225\" srcset=\"https:\/\/agora.xtec.cat\/ceip-marti-poch\/wp-content\/uploads\/usu1040\/2023\/11\/WhatsApp-Image-2023-11-25-at-15.05.25-7-300x225.jpeg 300w, https:\/\/agora.xtec.cat\/ceip-marti-poch\/wp-content\/uploads\/usu1040\/2023\/11\/WhatsApp-Image-2023-11-25-at-15.05.25-7-768x576.jpeg 768w, https:\/\/agora.xtec.cat\/ceip-marti-poch\/wp-content\/uploads\/usu1040\/2023\/11\/WhatsApp-Image-2023-11-25-at-15.05.25-7-200x150.jpeg 200w, https:\/\/agora.xtec.cat\/ceip-marti-poch\/wp-content\/uploads\/usu1040\/2023\/11\/WhatsApp-Image-2023-11-25-at-15.05.25-7.jpeg 1024w\" sizes=\"auto, (max-width: 300px) 100vw, 300px\" \/><\/p>\n<p><img loading=\"lazy\" decoding=\"async\" class=\"aligncenter size-medium wp-image-7609\" src=\"https:\/\/agora.xtec.cat\/ceip-marti-poch\/wp-content\/uploads\/usu1040\/2023\/11\/WhatsApp-Image-2023-11-25-at-15.05.25-6-300x225.jpeg\" alt=\"\" width=\"300\" height=\"225\" srcset=\"https:\/\/agora.xtec.cat\/ceip-marti-poch\/wp-content\/uploads\/usu1040\/2023\/11\/WhatsApp-Image-2023-11-25-at-15.05.25-6-300x225.jpeg 300w, https:\/\/agora.xtec.cat\/ceip-marti-poch\/wp-content\/uploads\/usu1040\/2023\/11\/WhatsApp-Image-2023-11-25-at-15.05.25-6-768x576.jpeg 768w, https:\/\/agora.xtec.cat\/ceip-marti-poch\/wp-content\/uploads\/usu1040\/2023\/11\/WhatsApp-Image-2023-11-25-at-15.05.25-6-200x150.jpeg 200w, https:\/\/agora.xtec.cat\/ceip-marti-poch\/wp-content\/uploads\/usu1040\/2023\/11\/WhatsApp-Image-2023-11-25-at-15.05.25-6.jpeg 1024w\" sizes=\"auto, (max-width: 300px) 100vw, 300px\" \/><\/p>\n<p><img loading=\"lazy\" decoding=\"async\" class=\"aligncenter size-medium wp-image-7606\" src=\"https:\/\/agora.xtec.cat\/ceip-marti-poch\/wp-content\/uploads\/usu1040\/2023\/11\/WhatsApp-Image-2023-11-25-at-15.05.25-3-300x225.jpeg\" alt=\"\" width=\"300\" height=\"225\" srcset=\"https:\/\/agora.xtec.cat\/ceip-marti-poch\/wp-content\/uploads\/usu1040\/2023\/11\/WhatsApp-Image-2023-11-25-at-15.05.25-3-300x225.jpeg 300w, https:\/\/agora.xtec.cat\/ceip-marti-poch\/wp-content\/uploads\/usu1040\/2023\/11\/WhatsApp-Image-2023-11-25-at-15.05.25-3-768x576.jpeg 768w, https:\/\/agora.xtec.cat\/ceip-marti-poch\/wp-content\/uploads\/usu1040\/2023\/11\/WhatsApp-Image-2023-11-25-at-15.05.25-3-200x150.jpeg 200w, https:\/\/agora.xtec.cat\/ceip-marti-poch\/wp-content\/uploads\/usu1040\/2023\/11\/WhatsApp-Image-2023-11-25-at-15.05.25-3.jpeg 1024w\" sizes=\"auto, (max-width: 300px) 100vw, 300px\" \/><\/p>\n<p><span style=\"font-weight: 400;\">El so de la gralla \u00e9s emocionant i sentir-lo en directe a la biblioteca de l\u2019escola va alegrar\u00a0 a tothom! La gralla fa olor de festa, de gegants i de festes de carrer! Els m\u00e9s petits de l\u2019escola han gaudit de diverses can\u00e7ons populars gr\u00e0cies a la visita de dos membres de l\u2019entitat Gegants, grallers i nans.\u00a0<\/span><\/p>\n<p><img loading=\"lazy\" decoding=\"async\" class=\"aligncenter size-medium wp-image-7607\" src=\"https:\/\/agora.xtec.cat\/ceip-marti-poch\/wp-content\/uploads\/usu1040\/2023\/11\/WhatsApp-Image-2023-11-25-at-15.05.25-4-300x225.jpeg\" alt=\"\" width=\"300\" height=\"225\" srcset=\"https:\/\/agora.xtec.cat\/ceip-marti-poch\/wp-content\/uploads\/usu1040\/2023\/11\/WhatsApp-Image-2023-11-25-at-15.05.25-4-300x225.jpeg 300w, https:\/\/agora.xtec.cat\/ceip-marti-poch\/wp-content\/uploads\/usu1040\/2023\/11\/WhatsApp-Image-2023-11-25-at-15.05.25-4-768x576.jpeg 768w, https:\/\/agora.xtec.cat\/ceip-marti-poch\/wp-content\/uploads\/usu1040\/2023\/11\/WhatsApp-Image-2023-11-25-at-15.05.25-4-200x150.jpeg 200w, https:\/\/agora.xtec.cat\/ceip-marti-poch\/wp-content\/uploads\/usu1040\/2023\/11\/WhatsApp-Image-2023-11-25-at-15.05.25-4.jpeg 1024w\" sizes=\"auto, (max-width: 300px) 100vw, 300px\" \/><\/p>\n<p><img loading=\"lazy\" decoding=\"async\" class=\"aligncenter size-medium wp-image-7614\" src=\"https:\/\/agora.xtec.cat\/ceip-marti-poch\/wp-content\/uploads\/usu1040\/2023\/11\/WhatsApp-Image-2023-11-25-at-15.05.25-300x226.jpeg\" alt=\"\" width=\"300\" height=\"226\" srcset=\"https:\/\/agora.xtec.cat\/ceip-marti-poch\/wp-content\/uploads\/usu1040\/2023\/11\/WhatsApp-Image-2023-11-25-at-15.05.25-300x226.jpeg 300w, https:\/\/agora.xtec.cat\/ceip-marti-poch\/wp-content\/uploads\/usu1040\/2023\/11\/WhatsApp-Image-2023-11-25-at-15.05.25-768x579.jpeg 768w, https:\/\/agora.xtec.cat\/ceip-marti-poch\/wp-content\/uploads\/usu1040\/2023\/11\/WhatsApp-Image-2023-11-25-at-15.05.25-200x150.jpeg 200w, https:\/\/agora.xtec.cat\/ceip-marti-poch\/wp-content\/uploads\/usu1040\/2023\/11\/WhatsApp-Image-2023-11-25-at-15.05.25.jpeg 1024w\" sizes=\"auto, (max-width: 300px) 100vw, 300px\" \/><\/p>\n<p><img loading=\"lazy\" decoding=\"async\" class=\"aligncenter size-medium wp-image-7612\" src=\"https:\/\/agora.xtec.cat\/ceip-marti-poch\/wp-content\/uploads\/usu1040\/2023\/11\/WhatsApp-Image-2023-11-25-at-15.05.25-9-300x226.jpeg\" alt=\"\" width=\"300\" height=\"226\" srcset=\"https:\/\/agora.xtec.cat\/ceip-marti-poch\/wp-content\/uploads\/usu1040\/2023\/11\/WhatsApp-Image-2023-11-25-at-15.05.25-9-300x226.jpeg 300w, https:\/\/agora.xtec.cat\/ceip-marti-poch\/wp-content\/uploads\/usu1040\/2023\/11\/WhatsApp-Image-2023-11-25-at-15.05.25-9-768x579.jpeg 768w, https:\/\/agora.xtec.cat\/ceip-marti-poch\/wp-content\/uploads\/usu1040\/2023\/11\/WhatsApp-Image-2023-11-25-at-15.05.25-9-200x150.jpeg 200w, https:\/\/agora.xtec.cat\/ceip-marti-poch\/wp-content\/uploads\/usu1040\/2023\/11\/WhatsApp-Image-2023-11-25-at-15.05.25-9.jpeg 1024w\" sizes=\"auto, (max-width: 300px) 100vw, 300px\" \/><\/p>\n<p><span style=\"font-weight: 400;\">Pere Prats Vallverd\u00fa va ser alumne de l\u2019escola, \u00e9s esplugu\u00ed i historiador de l\u2019art. \u00c9s un apassionat de la m\u00fasica i dimecres vam tenir el privilegi d\u2019escoltar-lo i saber la seva traject\u00f2ria musical. Des de l\u2019Escola de M\u00fasica, passant pels grallers arriba a tocar diversos instruments i a formar part de diversos grups musicals. Aquest mes d\u2019abril del 2023 s\u2019integra a l\u2019equip del conegut grup de m\u00fasica Figa Flawas.\u00a0<\/span><\/p>\n<p><img loading=\"lazy\" decoding=\"async\" class=\"aligncenter size-medium wp-image-7619\" src=\"https:\/\/agora.xtec.cat\/ceip-marti-poch\/wp-content\/uploads\/usu1040\/2023\/11\/WhatsApp-Image-2023-11-25-at-15.05.25-1-1-300x225.jpeg\" alt=\"\" width=\"300\" height=\"225\" srcset=\"https:\/\/agora.xtec.cat\/ceip-marti-poch\/wp-content\/uploads\/usu1040\/2023\/11\/WhatsApp-Image-2023-11-25-at-15.05.25-1-1-300x225.jpeg 300w, https:\/\/agora.xtec.cat\/ceip-marti-poch\/wp-content\/uploads\/usu1040\/2023\/11\/WhatsApp-Image-2023-11-25-at-15.05.25-1-1-768x576.jpeg 768w, https:\/\/agora.xtec.cat\/ceip-marti-poch\/wp-content\/uploads\/usu1040\/2023\/11\/WhatsApp-Image-2023-11-25-at-15.05.25-1-1-200x150.jpeg 200w, https:\/\/agora.xtec.cat\/ceip-marti-poch\/wp-content\/uploads\/usu1040\/2023\/11\/WhatsApp-Image-2023-11-25-at-15.05.25-1-1.jpeg 1024w\" sizes=\"auto, (max-width: 300px) 100vw, 300px\" \/><\/p>\n<p><span style=\"font-weight: 400;\">Amb molta admiraci\u00f3 explica als nois i noies de 5\u00e8 i 6\u00e8 que a l\u2019Espluga es viu i es fa molta m\u00fasica. Finalment ens toca diverses can\u00e7ons amb la guitarra, tot un luxe! Ja esperem amb molta il\u2022lusi\u00f3 el nou disc.\u00a0<\/span><\/p>\n<p><span style=\"font-weight: 400;\">Al llarg de la setmana tots els infants que toquen algun instrument l\u2019han pogut portar a l\u2019escola i a les hores de m\u00fasica l\u2019han pogut fer sonar pels seus companys\/es. <\/span><\/p>\n<p><img loading=\"lazy\" decoding=\"async\" class=\"aligncenter size-medium wp-image-7615\" src=\"https:\/\/agora.xtec.cat\/ceip-marti-poch\/wp-content\/uploads\/usu1040\/2023\/11\/WhatsApp-Image-2023-11-25-at-15.08.50-300x225.jpeg\" alt=\"\" width=\"300\" height=\"225\" srcset=\"https:\/\/agora.xtec.cat\/ceip-marti-poch\/wp-content\/uploads\/usu1040\/2023\/11\/WhatsApp-Image-2023-11-25-at-15.08.50-300x225.jpeg 300w, https:\/\/agora.xtec.cat\/ceip-marti-poch\/wp-content\/uploads\/usu1040\/2023\/11\/WhatsApp-Image-2023-11-25-at-15.08.50-768x576.jpeg 768w, https:\/\/agora.xtec.cat\/ceip-marti-poch\/wp-content\/uploads\/usu1040\/2023\/11\/WhatsApp-Image-2023-11-25-at-15.08.50-200x150.jpeg 200w, https:\/\/agora.xtec.cat\/ceip-marti-poch\/wp-content\/uploads\/usu1040\/2023\/11\/WhatsApp-Image-2023-11-25-at-15.08.50.jpeg 1024w\" sizes=\"auto, (max-width: 300px) 100vw, 300px\" \/><\/p>\n<p><img loading=\"lazy\" decoding=\"async\" class=\"aligncenter size-medium wp-image-7618\" src=\"https:\/\/agora.xtec.cat\/ceip-marti-poch\/wp-content\/uploads\/usu1040\/2023\/11\/WhatsApp-Image-2023-11-25-at-15.09.11-225x300.jpeg\" alt=\"\" width=\"225\" height=\"300\" srcset=\"https:\/\/agora.xtec.cat\/ceip-marti-poch\/wp-content\/uploads\/usu1040\/2023\/11\/WhatsApp-Image-2023-11-25-at-15.09.11-225x300.jpeg 225w, https:\/\/agora.xtec.cat\/ceip-marti-poch\/wp-content\/uploads\/usu1040\/2023\/11\/WhatsApp-Image-2023-11-25-at-15.09.11.jpeg 768w\" sizes=\"auto, (max-width: 225px) 100vw, 225px\" \/><\/p>\n<p><img loading=\"lazy\" decoding=\"async\" class=\"aligncenter size-medium wp-image-7617\" src=\"https:\/\/agora.xtec.cat\/ceip-marti-poch\/wp-content\/uploads\/usu1040\/2023\/11\/WhatsApp-Image-2023-11-25-at-15.09.11-1-225x300.jpeg\" alt=\"\" width=\"225\" height=\"300\" srcset=\"https:\/\/agora.xtec.cat\/ceip-marti-poch\/wp-content\/uploads\/usu1040\/2023\/11\/WhatsApp-Image-2023-11-25-at-15.09.11-1-225x300.jpeg 225w, https:\/\/agora.xtec.cat\/ceip-marti-poch\/wp-content\/uploads\/usu1040\/2023\/11\/WhatsApp-Image-2023-11-25-at-15.09.11-1.jpeg 768w\" sizes=\"auto, (max-width: 225px) 100vw, 225px\" \/><\/p>\n<p><span style=\"font-weight: 400;\">Visca la m\u00fasica! Fem escola, fem xarxa, fem poble!\u00a0<\/span><\/p>\n<p><img loading=\"lazy\" decoding=\"async\" class=\"aligncenter size-medium wp-image-7599\" src=\"https:\/\/agora.xtec.cat\/ceip-marti-poch\/wp-content\/uploads\/usu1040\/2023\/11\/cartell-169x300.jpg\" alt=\"\" width=\"169\" height=\"300\" srcset=\"https:\/\/agora.xtec.cat\/ceip-marti-poch\/wp-content\/uploads\/usu1040\/2023\/11\/cartell-169x300.jpg 169w, https:\/\/agora.xtec.cat\/ceip-marti-poch\/wp-content\/uploads\/usu1040\/2023\/11\/cartell-576x1024.jpg 576w, https:\/\/agora.xtec.cat\/ceip-marti-poch\/wp-content\/uploads\/usu1040\/2023\/11\/cartell-768x1365.jpg 768w, https:\/\/agora.xtec.cat\/ceip-marti-poch\/wp-content\/uploads\/usu1040\/2023\/11\/cartell-864x1536.jpg 864w, https:\/\/agora.xtec.cat\/ceip-marti-poch\/wp-content\/uploads\/usu1040\/2023\/11\/cartell.jpg 1080w\" sizes=\"auto, (max-width: 169px) 100vw, 169px\" \/><\/p>\n<p>&nbsp;<\/p>\n","protected":false},"excerpt":{"rendered":"<p>La m\u00fasica \u00e9s vida! El Dia 22 de novembre \u00e9s Santa Cec\u00edlia, la patrona dels m\u00fasics i a l\u2019escola ho hem celebrat amb la visita d\u2019entitats espluguines vinculades a la m\u00fasica.\u00a0<\/p>\n<p>L\u2019Orquestra i Cor TLP va omplir\u00a0 la biblioteca de m\u00fasica! Una fant\u00e0stica tarda envoltats de&hellip;  <a href=\"https:\/\/agora.xtec.cat\/ceip-marti-poch\/general\/a-lescola-marti-poch-estimem-la-musica-gaudim-del-dia-de-la-musica-amb-el-poble\/\" title=\"Read A l\u2019escola Mart\u00ed Poch estimem la m\u00fasica. Gaudim del Dia de la M\u00fasica amb el poble.\">Llegeix m\u00e9s\u00bb<\/a><\/p>\n","protected":false},"author":1,"featured_media":7611,"comment_status":"open","ping_status":"closed","sticky":false,"template":"","format":"standard","meta":{"_bbp_topic_count":0,"_bbp_reply_count":0,"_bbp_total_topic_count":0,"_bbp_total_reply_count":0,"_bbp_voice_count":0,"_bbp_anonymous_reply_count":0,"_bbp_topic_count_hidden":0,"_bbp_reply_count_hidden":0,"_bbp_forum_subforum_count":0,"footnotes":""},"categories":[72,70,1,2,4,5],"tags":[],"class_list":["post-7601","post","type-post","status-publish","format-standard","has-post-thumbnail","hentry","category-biblioteca-jv","category-festes-i-tradicions","category-general","category-infantil","category-portada","category-primaria"],"post_mailing_queue_ids":[],"_links":{"self":[{"href":"https:\/\/agora.xtec.cat\/ceip-marti-poch\/wp-json\/wp\/v2\/posts\/7601","targetHints":{"allow":["GET"]}}],"collection":[{"href":"https:\/\/agora.xtec.cat\/ceip-marti-poch\/wp-json\/wp\/v2\/posts"}],"about":[{"href":"https:\/\/agora.xtec.cat\/ceip-marti-poch\/wp-json\/wp\/v2\/types\/post"}],"author":[{"embeddable":true,"href":"https:\/\/agora.xtec.cat\/ceip-marti-poch\/wp-json\/wp\/v2\/users\/1"}],"replies":[{"embeddable":true,"href":"https:\/\/agora.xtec.cat\/ceip-marti-poch\/wp-json\/wp\/v2\/comments?post=7601"}],"version-history":[{"count":1,"href":"https:\/\/agora.xtec.cat\/ceip-marti-poch\/wp-json\/wp\/v2\/posts\/7601\/revisions"}],"predecessor-version":[{"id":7620,"href":"https:\/\/agora.xtec.cat\/ceip-marti-poch\/wp-json\/wp\/v2\/posts\/7601\/revisions\/7620"}],"wp:featuredmedia":[{"embeddable":true,"href":"https:\/\/agora.xtec.cat\/ceip-marti-poch\/wp-json\/wp\/v2\/media\/7611"}],"wp:attachment":[{"href":"https:\/\/agora.xtec.cat\/ceip-marti-poch\/wp-json\/wp\/v2\/media?parent=7601"}],"wp:term":[{"taxonomy":"category","embeddable":true,"href":"https:\/\/agora.xtec.cat\/ceip-marti-poch\/wp-json\/wp\/v2\/categories?post=7601"},{"taxonomy":"post_tag","embeddable":true,"href":"https:\/\/agora.xtec.cat\/ceip-marti-poch\/wp-json\/wp\/v2\/tags?post=7601"}],"curies":[{"name":"wp","href":"https:\/\/api.w.org\/{rel}","templated":true}]}}