{"id":7326,"date":"2023-10-22T17:26:47","date_gmt":"2023-10-22T15:26:47","guid":{"rendered":"https:\/\/agora.xtec.cat\/ceip-marti-poch\/?p=7326"},"modified":"2023-10-22T18:04:05","modified_gmt":"2023-10-22T16:04:05","slug":"%f0%9f%90%b6el-pati-de-lescola-es-converteix-en-un-camp-de-tofones","status":"publish","type":"post","link":"https:\/\/agora.xtec.cat\/ceip-marti-poch\/general\/%f0%9f%90%b6el-pati-de-lescola-es-converteix-en-un-camp-de-tofones\/","title":{"rendered":"\ud83d\udc36El pati de l\u2019escola es converteix en un camp de t\u00f2fones!"},"content":{"rendered":"<p>El D\u00eddac Espasa, pare de la Chloe i la Ivet \u00e9s la tercera generaci\u00f3 dedicada a aquest m\u00f3n. Ha vingut a l\u2019escola amb la Nika, una gossa tofonera, a ensenyar-nos com es busquen les t\u00f2fones. Les hem amagat al sorral i la Nika les ha trobat totes, assenyalant on eren perqu\u00e8 nosaltres les coll\u00edssim. Hem vist el v\u00eddeo del Tit\u00f3 \u201cExcursi\u00f3 a buscar t\u00f2fones\u201d i hem gaudit de tastar torrades de pa amb oli i sal de t\u00f2fona. Moltes gr\u00e0cies per l\u2019experi\u00e8ncia, D\u00eddac i Lorena.<\/p>\n<p><img loading=\"lazy\" decoding=\"async\" class=\"aligncenter size-medium wp-image-7327\" src=\"https:\/\/agora.xtec.cat\/ceip-marti-poch\/wp-content\/uploads\/usu1040\/2023\/10\/393949078_17961988697651730_324775987422138486_n-300x226.jpg\" alt=\"\" width=\"300\" height=\"226\" srcset=\"https:\/\/agora.xtec.cat\/ceip-marti-poch\/wp-content\/uploads\/usu1040\/2023\/10\/393949078_17961988697651730_324775987422138486_n-300x226.jpg 300w, https:\/\/agora.xtec.cat\/ceip-marti-poch\/wp-content\/uploads\/usu1040\/2023\/10\/393949078_17961988697651730_324775987422138486_n-1024x771.jpg 1024w, https:\/\/agora.xtec.cat\/ceip-marti-poch\/wp-content\/uploads\/usu1040\/2023\/10\/393949078_17961988697651730_324775987422138486_n-768x578.jpg 768w, https:\/\/agora.xtec.cat\/ceip-marti-poch\/wp-content\/uploads\/usu1040\/2023\/10\/393949078_17961988697651730_324775987422138486_n-200x150.jpg 200w, https:\/\/agora.xtec.cat\/ceip-marti-poch\/wp-content\/uploads\/usu1040\/2023\/10\/393949078_17961988697651730_324775987422138486_n.jpg 1080w\" sizes=\"auto, (max-width: 300px) 100vw, 300px\" \/><\/p>\n<p><img loading=\"lazy\" decoding=\"async\" class=\"aligncenter size-medium wp-image-7328\" src=\"https:\/\/agora.xtec.cat\/ceip-marti-poch\/wp-content\/uploads\/usu1040\/2023\/10\/394031027_17961988706651730_4266431984584585663_n-300x225.jpg\" alt=\"\" width=\"300\" height=\"225\" srcset=\"https:\/\/agora.xtec.cat\/ceip-marti-poch\/wp-content\/uploads\/usu1040\/2023\/10\/394031027_17961988706651730_4266431984584585663_n-300x225.jpg 300w, https:\/\/agora.xtec.cat\/ceip-marti-poch\/wp-content\/uploads\/usu1040\/2023\/10\/394031027_17961988706651730_4266431984584585663_n-1024x768.jpg 1024w, https:\/\/agora.xtec.cat\/ceip-marti-poch\/wp-content\/uploads\/usu1040\/2023\/10\/394031027_17961988706651730_4266431984584585663_n-768x576.jpg 768w, https:\/\/agora.xtec.cat\/ceip-marti-poch\/wp-content\/uploads\/usu1040\/2023\/10\/394031027_17961988706651730_4266431984584585663_n-200x150.jpg 200w, https:\/\/agora.xtec.cat\/ceip-marti-poch\/wp-content\/uploads\/usu1040\/2023\/10\/394031027_17961988706651730_4266431984584585663_n.jpg 1080w\" sizes=\"auto, (max-width: 300px) 100vw, 300px\" \/><\/p>\n<p><img loading=\"lazy\" decoding=\"async\" class=\"aligncenter size-medium wp-image-7329\" src=\"https:\/\/agora.xtec.cat\/ceip-marti-poch\/wp-content\/uploads\/usu1040\/2023\/10\/394033773_17961988715651730_2997973477111414727_n-300x225.jpg\" alt=\"\" width=\"300\" height=\"225\" srcset=\"https:\/\/agora.xtec.cat\/ceip-marti-poch\/wp-content\/uploads\/usu1040\/2023\/10\/394033773_17961988715651730_2997973477111414727_n-300x225.jpg 300w, https:\/\/agora.xtec.cat\/ceip-marti-poch\/wp-content\/uploads\/usu1040\/2023\/10\/394033773_17961988715651730_2997973477111414727_n-1024x768.jpg 1024w, https:\/\/agora.xtec.cat\/ceip-marti-poch\/wp-content\/uploads\/usu1040\/2023\/10\/394033773_17961988715651730_2997973477111414727_n-768x576.jpg 768w, https:\/\/agora.xtec.cat\/ceip-marti-poch\/wp-content\/uploads\/usu1040\/2023\/10\/394033773_17961988715651730_2997973477111414727_n-200x150.jpg 200w, https:\/\/agora.xtec.cat\/ceip-marti-poch\/wp-content\/uploads\/usu1040\/2023\/10\/394033773_17961988715651730_2997973477111414727_n.jpg 1080w\" sizes=\"auto, (max-width: 300px) 100vw, 300px\" \/><\/p>\n<p><img loading=\"lazy\" decoding=\"async\" class=\"aligncenter size-medium wp-image-7330\" src=\"https:\/\/agora.xtec.cat\/ceip-marti-poch\/wp-content\/uploads\/usu1040\/2023\/10\/394096669_17961988724651730_439867330346937504_n-300x225.jpg\" alt=\"\" width=\"300\" height=\"225\" srcset=\"https:\/\/agora.xtec.cat\/ceip-marti-poch\/wp-content\/uploads\/usu1040\/2023\/10\/394096669_17961988724651730_439867330346937504_n-300x225.jpg 300w, https:\/\/agora.xtec.cat\/ceip-marti-poch\/wp-content\/uploads\/usu1040\/2023\/10\/394096669_17961988724651730_439867330346937504_n-1024x768.jpg 1024w, https:\/\/agora.xtec.cat\/ceip-marti-poch\/wp-content\/uploads\/usu1040\/2023\/10\/394096669_17961988724651730_439867330346937504_n-768x576.jpg 768w, https:\/\/agora.xtec.cat\/ceip-marti-poch\/wp-content\/uploads\/usu1040\/2023\/10\/394096669_17961988724651730_439867330346937504_n-200x150.jpg 200w, https:\/\/agora.xtec.cat\/ceip-marti-poch\/wp-content\/uploads\/usu1040\/2023\/10\/394096669_17961988724651730_439867330346937504_n.jpg 1080w\" sizes=\"auto, (max-width: 300px) 100vw, 300px\" \/><\/p>\n<p><img loading=\"lazy\" decoding=\"async\" class=\"aligncenter size-medium wp-image-7331\" src=\"https:\/\/agora.xtec.cat\/ceip-marti-poch\/wp-content\/uploads\/usu1040\/2023\/10\/394368164_17961988688651730_1665234817241992160_n-300x225.jpg\" alt=\"\" width=\"300\" height=\"225\" srcset=\"https:\/\/agora.xtec.cat\/ceip-marti-poch\/wp-content\/uploads\/usu1040\/2023\/10\/394368164_17961988688651730_1665234817241992160_n-300x225.jpg 300w, https:\/\/agora.xtec.cat\/ceip-marti-poch\/wp-content\/uploads\/usu1040\/2023\/10\/394368164_17961988688651730_1665234817241992160_n-1024x768.jpg 1024w, https:\/\/agora.xtec.cat\/ceip-marti-poch\/wp-content\/uploads\/usu1040\/2023\/10\/394368164_17961988688651730_1665234817241992160_n-768x576.jpg 768w, https:\/\/agora.xtec.cat\/ceip-marti-poch\/wp-content\/uploads\/usu1040\/2023\/10\/394368164_17961988688651730_1665234817241992160_n-200x150.jpg 200w, https:\/\/agora.xtec.cat\/ceip-marti-poch\/wp-content\/uploads\/usu1040\/2023\/10\/394368164_17961988688651730_1665234817241992160_n.jpg 1080w\" sizes=\"auto, (max-width: 300px) 100vw, 300px\" \/><\/p>\n","protected":false},"excerpt":{"rendered":"<p>El D\u00eddac Espasa, pare de la Chloe i la Ivet \u00e9s la tercera generaci\u00f3 dedicada a aquest m\u00f3n. Ha vingut a l\u2019escola amb la Nika, una gossa tofonera, a ensenyar-nos com es busquen les t\u00f2fones. Les hem amagat al sorral i la Nika les ha&hellip;  <a href=\"https:\/\/agora.xtec.cat\/ceip-marti-poch\/general\/%f0%9f%90%b6el-pati-de-lescola-es-converteix-en-un-camp-de-tofones\/\" title=\"Read \ud83d\udc36El pati de l\u2019escola es converteix en un camp de t\u00f2fones!\">Llegeix m\u00e9s\u00bb<\/a><\/p>\n","protected":false},"author":1,"featured_media":7331,"comment_status":"open","ping_status":"closed","sticky":false,"template":"","format":"standard","meta":{"_bbp_topic_count":0,"_bbp_reply_count":0,"_bbp_total_topic_count":0,"_bbp_total_reply_count":0,"_bbp_voice_count":0,"_bbp_anonymous_reply_count":0,"_bbp_topic_count_hidden":0,"_bbp_reply_count_hidden":0,"_bbp_forum_subforum_count":0,"footnotes":""},"categories":[60,1,3,8,9,2,150,4,74,136],"tags":[132,147,63,64,160,83],"class_list":["post-7326","post","type-post","status-publish","format-standard","has-post-thumbnail","hentry","category-escoles-verdes","category-general","category-i3","category-i4","category-i5","category-infantil","category-natura","category-portada","category-projectes","category-setmana-de-la-natura","tag-escola-verda","tag-escoles-verdes","tag-families","tag-projectes","tag-sostenibilitat","tag-visites"],"post_mailing_queue_ids":[],"_links":{"self":[{"href":"https:\/\/agora.xtec.cat\/ceip-marti-poch\/wp-json\/wp\/v2\/posts\/7326","targetHints":{"allow":["GET"]}}],"collection":[{"href":"https:\/\/agora.xtec.cat\/ceip-marti-poch\/wp-json\/wp\/v2\/posts"}],"about":[{"href":"https:\/\/agora.xtec.cat\/ceip-marti-poch\/wp-json\/wp\/v2\/types\/post"}],"author":[{"embeddable":true,"href":"https:\/\/agora.xtec.cat\/ceip-marti-poch\/wp-json\/wp\/v2\/users\/1"}],"replies":[{"embeddable":true,"href":"https:\/\/agora.xtec.cat\/ceip-marti-poch\/wp-json\/wp\/v2\/comments?post=7326"}],"version-history":[{"count":1,"href":"https:\/\/agora.xtec.cat\/ceip-marti-poch\/wp-json\/wp\/v2\/posts\/7326\/revisions"}],"predecessor-version":[{"id":7332,"href":"https:\/\/agora.xtec.cat\/ceip-marti-poch\/wp-json\/wp\/v2\/posts\/7326\/revisions\/7332"}],"wp:featuredmedia":[{"embeddable":true,"href":"https:\/\/agora.xtec.cat\/ceip-marti-poch\/wp-json\/wp\/v2\/media\/7331"}],"wp:attachment":[{"href":"https:\/\/agora.xtec.cat\/ceip-marti-poch\/wp-json\/wp\/v2\/media?parent=7326"}],"wp:term":[{"taxonomy":"category","embeddable":true,"href":"https:\/\/agora.xtec.cat\/ceip-marti-poch\/wp-json\/wp\/v2\/categories?post=7326"},{"taxonomy":"post_tag","embeddable":true,"href":"https:\/\/agora.xtec.cat\/ceip-marti-poch\/wp-json\/wp\/v2\/tags?post=7326"}],"curies":[{"name":"wp","href":"https:\/\/api.w.org\/{rel}","templated":true}]}}