{"id":7030,"date":"2023-05-21T21:19:27","date_gmt":"2023-05-21T19:19:27","guid":{"rendered":"https:\/\/agora.xtec.cat\/ceip-marti-poch\/?p=7030"},"modified":"2023-05-21T21:20:50","modified_gmt":"2023-05-21T19:20:50","slug":"jornada-pedagogica-josep-vallverdu","status":"publish","type":"post","link":"https:\/\/agora.xtec.cat\/ceip-marti-poch\/portada\/jornada-pedagogica-josep-vallverdu\/","title":{"rendered":"JORNADA PEDAG\u00d2GICA JOSEP VALLVERD\u00da"},"content":{"rendered":"<p style=\"text-align: justify;\">Dissabte 20 de maig l&#8217;escola va participar a la <strong>Jornada pedag\u00f2gica Josep Vallverd\u00fa<\/strong> que va organitzar el Departament d&#8217;Educaci\u00f3 a la Biblioteca p\u00fablica de Lleida.<\/p>\n<p><img loading=\"lazy\" decoding=\"async\" class=\"aligncenter wp-image-7031 size-full\" src=\"https:\/\/agora.xtec.cat\/ceip-marti-poch\/wp-content\/uploads\/usu1040\/2023\/05\/logo-josep-vallverdu-h-420.jpg_876181933.jpg\" alt=\"\" width=\"420\" height=\"172\" srcset=\"https:\/\/agora.xtec.cat\/ceip-marti-poch\/wp-content\/uploads\/usu1040\/2023\/05\/logo-josep-vallverdu-h-420.jpg_876181933.jpg 420w, https:\/\/agora.xtec.cat\/ceip-marti-poch\/wp-content\/uploads\/usu1040\/2023\/05\/logo-josep-vallverdu-h-420.jpg_876181933-300x123.jpg 300w\" sizes=\"auto, (max-width: 420px) 100vw, 420px\" \/><\/p>\n<p style=\"text-align: justify;\">La Jornada Pedag\u00f2gica Josep Vallverd\u00fa va constar d\u2019una confer\u00e8ncia a c\u00e0rrec de la comiss\u00e0ria de l\u2019Any Josep Vallverd\u00fa, Carme Vidalhuguet, i de la presentaci\u00f3 de les novetats editorials m\u00e9s rellevants, aix\u00ed com d\u2019algunes experi\u00e8ncies de centres i de materials did\u00e0ctics elaborats per a la commemoraci\u00f3.<\/p>\n<p>Nosaltres vam presentar dues experi\u00e8ncies que s&#8217;ha realitzat aquest curs entorn al projecte interdisciplinari Josep Vallverd\u00fa: <strong><span class=\"WdYUQQ\">Regalem lectures de poemes de JV<\/span>\u00a0i Senall\u00f3 de paraules<\/strong><\/p>\n<p style=\"text-align: justify;\">Per acabar, a la mateixa biblioteca, es va realitzar una visita guiada a l\u2019exposici\u00f3 &#8220;<strong>Geografies Josep Vallverd\u00fa<\/strong>&#8220;, que recull imatges, objectes i fotografies de l\u2019autor, aix\u00ed com tota la seva producci\u00f3 bibliogr\u00e0fica.<\/p>\n\n\t\t<style type=\"text\/css\">\n\t\t\t#gallery-1 {\n\t\t\t\tmargin: auto;\n\t\t\t}\n\t\t\t#gallery-1 .gallery-item {\n\t\t\t\tfloat: left;\n\t\t\t\tmargin-top: 10px;\n\t\t\t\ttext-align: center;\n\t\t\t\twidth: 50%;\n\t\t\t}\n\t\t\t#gallery-1 img {\n\t\t\t\tborder: 2px solid #cfcfcf;\n\t\t\t}\n\t\t\t#gallery-1 .gallery-caption {\n\t\t\t\tmargin-left: 0;\n\t\t\t}\n\t\t\t\/* see gallery_shortcode() in wp-includes\/media.php *\/\n\t\t<\/style>\n\t\t<div id='gallery-1' class='gallery galleryid-7030 gallery-columns-2 gallery-size-large'><dl class='gallery-item'>\n\t\t\t<dt class='gallery-icon landscape'>\n\t\t\t\t<a href='https:\/\/agora.xtec.cat\/ceip-marti-poch\/portada\/jornada-pedagogica-josep-vallverdu\/attachment\/1-259\/'><img loading=\"lazy\" decoding=\"async\" width=\"1024\" height=\"579\" src=\"https:\/\/agora.xtec.cat\/ceip-marti-poch\/wp-content\/uploads\/usu1040\/2023\/05\/1-5-1024x579.jpg\" class=\"attachment-large size-large\" alt=\"\" srcset=\"https:\/\/agora.xtec.cat\/ceip-marti-poch\/wp-content\/uploads\/usu1040\/2023\/05\/1-5-1024x579.jpg 1024w, https:\/\/agora.xtec.cat\/ceip-marti-poch\/wp-content\/uploads\/usu1040\/2023\/05\/1-5-300x170.jpg 300w, https:\/\/agora.xtec.cat\/ceip-marti-poch\/wp-content\/uploads\/usu1040\/2023\/05\/1-5-768x434.jpg 768w, https:\/\/agora.xtec.cat\/ceip-marti-poch\/wp-content\/uploads\/usu1040\/2023\/05\/1-5.jpg 1483w\" sizes=\"auto, (max-width: 1024px) 100vw, 1024px\" \/><\/a>\n\t\t\t<\/dt><\/dl><dl class='gallery-item'>\n\t\t\t<dt class='gallery-icon landscape'>\n\t\t\t\t<a href='https:\/\/agora.xtec.cat\/ceip-marti-poch\/portada\/jornada-pedagogica-josep-vallverdu\/attachment\/2-203\/'><img loading=\"lazy\" decoding=\"async\" width=\"1024\" height=\"618\" src=\"https:\/\/agora.xtec.cat\/ceip-marti-poch\/wp-content\/uploads\/usu1040\/2023\/05\/2-5-1024x618.jpg\" class=\"attachment-large size-large\" alt=\"\" srcset=\"https:\/\/agora.xtec.cat\/ceip-marti-poch\/wp-content\/uploads\/usu1040\/2023\/05\/2-5-1024x618.jpg 1024w, https:\/\/agora.xtec.cat\/ceip-marti-poch\/wp-content\/uploads\/usu1040\/2023\/05\/2-5-300x181.jpg 300w, https:\/\/agora.xtec.cat\/ceip-marti-poch\/wp-content\/uploads\/usu1040\/2023\/05\/2-5-768x463.jpg 768w, https:\/\/agora.xtec.cat\/ceip-marti-poch\/wp-content\/uploads\/usu1040\/2023\/05\/2-5-1536x926.jpg 1536w, https:\/\/agora.xtec.cat\/ceip-marti-poch\/wp-content\/uploads\/usu1040\/2023\/05\/2-5.jpg 1600w\" sizes=\"auto, (max-width: 1024px) 100vw, 1024px\" \/><\/a>\n\t\t\t<\/dt><\/dl><br style=\"clear: both\" \/>\n\t\t<\/div>\n\n\n\t\t<style type=\"text\/css\">\n\t\t\t#gallery-2 {\n\t\t\t\tmargin: auto;\n\t\t\t}\n\t\t\t#gallery-2 .gallery-item {\n\t\t\t\tfloat: left;\n\t\t\t\tmargin-top: 10px;\n\t\t\t\ttext-align: center;\n\t\t\t\twidth: 50%;\n\t\t\t}\n\t\t\t#gallery-2 img {\n\t\t\t\tborder: 2px solid #cfcfcf;\n\t\t\t}\n\t\t\t#gallery-2 .gallery-caption {\n\t\t\t\tmargin-left: 0;\n\t\t\t}\n\t\t\t\/* see gallery_shortcode() in wp-includes\/media.php *\/\n\t\t<\/style>\n\t\t<div id='gallery-2' class='gallery galleryid-7030 gallery-columns-2 gallery-size-large'><dl class='gallery-item'>\n\t\t\t<dt class='gallery-icon portrait'>\n\t\t\t\t<a href='https:\/\/agora.xtec.cat\/ceip-marti-poch\/portada\/jornada-pedagogica-josep-vallverdu\/attachment\/4-126\/'><img loading=\"lazy\" decoding=\"async\" width=\"461\" height=\"1024\" src=\"https:\/\/agora.xtec.cat\/ceip-marti-poch\/wp-content\/uploads\/usu1040\/2023\/05\/4-3-461x1024.jpg\" class=\"attachment-large size-large\" alt=\"\" srcset=\"https:\/\/agora.xtec.cat\/ceip-marti-poch\/wp-content\/uploads\/usu1040\/2023\/05\/4-3-461x1024.jpg 461w, https:\/\/agora.xtec.cat\/ceip-marti-poch\/wp-content\/uploads\/usu1040\/2023\/05\/4-3-135x300.jpg 135w, https:\/\/agora.xtec.cat\/ceip-marti-poch\/wp-content\/uploads\/usu1040\/2023\/05\/4-3-691x1536.jpg 691w, https:\/\/agora.xtec.cat\/ceip-marti-poch\/wp-content\/uploads\/usu1040\/2023\/05\/4-3.jpg 720w\" sizes=\"auto, (max-width: 461px) 100vw, 461px\" \/><\/a>\n\t\t\t<\/dt><\/dl><dl class='gallery-item'>\n\t\t\t<dt class='gallery-icon portrait'>\n\t\t\t\t<a href='https:\/\/agora.xtec.cat\/ceip-marti-poch\/portada\/jornada-pedagogica-josep-vallverdu\/attachment\/3-159\/'><img loading=\"lazy\" decoding=\"async\" width=\"768\" height=\"1024\" src=\"https:\/\/agora.xtec.cat\/ceip-marti-poch\/wp-content\/uploads\/usu1040\/2023\/05\/3-3-768x1024.jpg\" class=\"attachment-large size-large\" alt=\"\" srcset=\"https:\/\/agora.xtec.cat\/ceip-marti-poch\/wp-content\/uploads\/usu1040\/2023\/05\/3-3-768x1024.jpg 768w, https:\/\/agora.xtec.cat\/ceip-marti-poch\/wp-content\/uploads\/usu1040\/2023\/05\/3-3-225x300.jpg 225w, https:\/\/agora.xtec.cat\/ceip-marti-poch\/wp-content\/uploads\/usu1040\/2023\/05\/3-3-1152x1536.jpg 1152w, https:\/\/agora.xtec.cat\/ceip-marti-poch\/wp-content\/uploads\/usu1040\/2023\/05\/3-3.jpg 1200w\" sizes=\"auto, (max-width: 768px) 100vw, 768px\" \/><\/a>\n\t\t\t<\/dt><\/dl><br style=\"clear: both\" \/>\n\t\t<\/div>\n\n","protected":false},"excerpt":{"rendered":"<p>Dissabte 20 de maig l&#8217;escola va participar a la Jornada pedag\u00f2gica Josep Vallverd\u00fa que va organitzar el Departament d&#8217;Educaci\u00f3 a la Biblioteca p\u00fablica de Lleida.<\/p>\n<p>La Jornada Pedag\u00f2gica Josep Vallverd\u00fa va constar d\u2019una confer\u00e8ncia a c\u00e0rrec de la comiss\u00e0ria de l\u2019Any Josep Vallverd\u00fa, Carme Vidalhuguet, i&hellip;  <a href=\"https:\/\/agora.xtec.cat\/ceip-marti-poch\/portada\/jornada-pedagogica-josep-vallverdu\/\" title=\"Read JORNADA PEDAG\u00d2GICA JOSEP VALLVERD\u00da\">Llegeix m\u00e9s\u00bb<\/a><\/p>\n","protected":false},"author":1,"featured_media":7034,"comment_status":"open","ping_status":"closed","sticky":false,"template":"","format":"standard","meta":{"_bbp_topic_count":0,"_bbp_reply_count":0,"_bbp_total_topic_count":0,"_bbp_total_reply_count":0,"_bbp_voice_count":0,"_bbp_anonymous_reply_count":0,"_bbp_topic_count_hidden":0,"_bbp_reply_count_hidden":0,"_bbp_forum_subforum_count":0,"footnotes":""},"categories":[269,72,4,74],"tags":[244],"class_list":["post-7030","post","type-post","status-publish","format-standard","has-post-thumbnail","hentry","category-any-vallverdu","category-biblioteca-jv","category-portada","category-projectes","tag-jornada-pedagogica"],"post_mailing_queue_ids":[],"_links":{"self":[{"href":"https:\/\/agora.xtec.cat\/ceip-marti-poch\/wp-json\/wp\/v2\/posts\/7030","targetHints":{"allow":["GET"]}}],"collection":[{"href":"https:\/\/agora.xtec.cat\/ceip-marti-poch\/wp-json\/wp\/v2\/posts"}],"about":[{"href":"https:\/\/agora.xtec.cat\/ceip-marti-poch\/wp-json\/wp\/v2\/types\/post"}],"author":[{"embeddable":true,"href":"https:\/\/agora.xtec.cat\/ceip-marti-poch\/wp-json\/wp\/v2\/users\/1"}],"replies":[{"embeddable":true,"href":"https:\/\/agora.xtec.cat\/ceip-marti-poch\/wp-json\/wp\/v2\/comments?post=7030"}],"version-history":[{"count":3,"href":"https:\/\/agora.xtec.cat\/ceip-marti-poch\/wp-json\/wp\/v2\/posts\/7030\/revisions"}],"predecessor-version":[{"id":7038,"href":"https:\/\/agora.xtec.cat\/ceip-marti-poch\/wp-json\/wp\/v2\/posts\/7030\/revisions\/7038"}],"wp:featuredmedia":[{"embeddable":true,"href":"https:\/\/agora.xtec.cat\/ceip-marti-poch\/wp-json\/wp\/v2\/media\/7034"}],"wp:attachment":[{"href":"https:\/\/agora.xtec.cat\/ceip-marti-poch\/wp-json\/wp\/v2\/media?parent=7030"}],"wp:term":[{"taxonomy":"category","embeddable":true,"href":"https:\/\/agora.xtec.cat\/ceip-marti-poch\/wp-json\/wp\/v2\/categories?post=7030"},{"taxonomy":"post_tag","embeddable":true,"href":"https:\/\/agora.xtec.cat\/ceip-marti-poch\/wp-json\/wp\/v2\/tags?post=7030"}],"curies":[{"name":"wp","href":"https:\/\/api.w.org\/{rel}","templated":true}]}}