{"id":619,"date":"2017-11-22T09:33:50","date_gmt":"2017-11-22T08:33:50","guid":{"rendered":"http:\/\/agora.xtec.cat\/ceip-marti-poch\/?p=619"},"modified":"2018-03-09T12:10:49","modified_gmt":"2018-03-09T11:10:49","slug":"lescola-marti-poch-celebra-la-castanyada","status":"publish","type":"post","link":"https:\/\/agora.xtec.cat\/ceip-marti-poch\/infantil\/i3\/lescola-marti-poch-celebra-la-castanyada\/","title":{"rendered":"L\u2019ESCOLA MART\u00cd POCH CELEBRA LA CASTANYADA"},"content":{"rendered":"<p>El dia 31 d\u2019octubre tots els alumnes de l\u2019escola Mart\u00ed Poch van celebrar la castanyada.<\/p>\n<p>Pel mat\u00ed vam celebrar \u201cTardor, temps de sardana\u201d per mantenir vives les tradicions. Aquest any ho hem lligat amb el ball de bastons. Tots els alumnes i les fam\u00edlies van poder gaudir d\u2019una exhibici\u00f3 d\u2019un ball de bastons que van realitzar els alumnes de cicle superior, gr\u00e0cies a la col\u00b7laboraci\u00f3 de la colla de bastoners de L\u2019Espluga de Francol\u00ed.<br \/>\n<a href=\"http:\/\/agora.xtec.cat\/ceip-marti-poch\/wp-content\/uploads\/usu1040\/2018\/03\/bastoners-1-300x225.jpg\"><img loading=\"lazy\" decoding=\"async\" src=\"http:\/\/agora.xtec.cat\/ceip-marti-poch\/wp-content\/uploads\/usu1040\/2018\/03\/bastoners-1-300x225-300x225.jpg\" alt=\"\" width=\"300\" height=\"225\" class=\"alignnone size-medium wp-image-620\" srcset=\"https:\/\/agora.xtec.cat\/ceip-marti-poch\/wp-content\/uploads\/usu1040\/2018\/03\/bastoners-1-300x225.jpg 300w, https:\/\/agora.xtec.cat\/ceip-marti-poch\/wp-content\/uploads\/usu1040\/2018\/03\/bastoners-1-300x225-200x150.jpg 200w\" sizes=\"auto, (max-width: 300px) 100vw, 300px\" \/><\/a><\/p>\n<p>Tot seguit vam ballar sardanes, cadasc\u00fa va fer rotllana amb la seva classe, i despr\u00e9s una sardana de germanor en la qual es van afegir les fam\u00edlies.<\/p>\n<p><a href=\"http:\/\/agora.xtec.cat\/ceip-marti-poch\/wp-content\/uploads\/usu1040\/2018\/03\/sardana-1-300x225.jpg\"><img loading=\"lazy\" decoding=\"async\" src=\"http:\/\/agora.xtec.cat\/ceip-marti-poch\/wp-content\/uploads\/usu1040\/2018\/03\/sardana-1-300x225-300x225.jpg\" alt=\"\" width=\"300\" height=\"225\" class=\"alignnone size-medium wp-image-621\" srcset=\"https:\/\/agora.xtec.cat\/ceip-marti-poch\/wp-content\/uploads\/usu1040\/2018\/03\/sardana-1-300x225.jpg 300w, https:\/\/agora.xtec.cat\/ceip-marti-poch\/wp-content\/uploads\/usu1040\/2018\/03\/sardana-1-300x225-200x150.jpg 200w\" sizes=\"auto, (max-width: 300px) 100vw, 300px\" \/><\/a><\/p>\n<p>Per la tarda, una castanyera de veritat va venir a l\u2019escola i va torrar castanyes pels nens i nenes d\u2019educaci\u00f3 infantil. Els alumnes de 6\u00e8 es van disfressar de castanyers i van anar a cada classe a representar una actuaci\u00f3, finalment van repartir castanyes i beguda entre d\u2019altres activitats.<\/p>\n<p>Tots els alumnes de l\u2019escola es van endur un record d\u2019aquesta castanyada.<\/p>\n<p><a href=\"http:\/\/agora.xtec.cat\/ceip-marti-poch\/wp-content\/uploads\/usu1040\/2018\/03\/castanyers-300x225.jpg\"><img loading=\"lazy\" decoding=\"async\" src=\"http:\/\/agora.xtec.cat\/ceip-marti-poch\/wp-content\/uploads\/usu1040\/2018\/03\/castanyers-300x225-300x225.jpg\" alt=\"\" width=\"300\" height=\"225\" class=\"alignnone size-medium wp-image-622\" srcset=\"https:\/\/agora.xtec.cat\/ceip-marti-poch\/wp-content\/uploads\/usu1040\/2018\/03\/castanyers-300x225.jpg 300w, https:\/\/agora.xtec.cat\/ceip-marti-poch\/wp-content\/uploads\/usu1040\/2018\/03\/castanyers-300x225-200x150.jpg 200w\" sizes=\"auto, (max-width: 300px) 100vw, 300px\" \/><\/a><\/p>\n<p>La castanyera i els alumnes de 6\u00e8 de l\u2019escola Mart\u00ed Poch<\/p>\n","protected":false},"excerpt":{"rendered":"<p>El dia 31 d\u2019octubre tots els alumnes de l\u2019escola Mart\u00ed Poch van celebrar la castanyada.<\/p>\n<p>Pel mat\u00ed vam celebrar \u201cTardor, temps de sardana\u201d per mantenir vives les tradicions. Aquest any ho hem lligat amb el ball de bastons. Tots els alumnes i les fam\u00edlies van poder gaudir d\u2019una exhibici\u00f3 d\u2019un ball de bastons que van realitzar els alumnes de cicle superior, gr\u00e0cies a la col\u00b7laboraci\u00f3 de la colla de bastoners de L\u2019Espluga de Francol\u00ed.<br \/>\n<a href=\"http:\/\/agora.xtec.cat\/ceip-marti-poch\/wp-content\/uploads\/usu1040\/2018\/03\/bastoners-1-300x225.jpg\"><img loading=\"lazy\" decoding=\"async\" src=\"http:\/\/agora.xtec.cat\/ceip-marti-poch\/wp-content\/uploads\/usu1040\/2018\/03\/bastoners-1-300x225-300x225.jpg\" alt=\"\" width=\"300\" height=\"225\" class=\"alignnone size-medium wp-image-620\" srcset=\"https:\/\/agora.xtec.cat\/ceip-marti-poch\/wp-content\/uploads\/usu1040\/2018\/03\/bastoners-1-300x225.jpg 300w, https:\/\/agora.xtec.cat\/ceip-marti-poch\/wp-content\/uploads\/usu1040\/2018\/03\/bastoners-1-300x225-200x150.jpg 200w\" sizes=\"auto, (max-width: 300px) 100vw, 300px\" \/><\/a>&hellip;  <a href=\"https:\/\/agora.xtec.cat\/ceip-marti-poch\/infantil\/i3\/lescola-marti-poch-celebra-la-castanyada\/\" title=\"Read L\u2019ESCOLA MART\u00cd POCH CELEBRA LA CASTANYADA\">Llegeix m\u00e9s\u00bb<\/a><\/p>\n","protected":false},"author":1,"featured_media":0,"comment_status":"open","ping_status":"closed","sticky":false,"template":"","format":"standard","meta":{"_bbp_topic_count":0,"_bbp_reply_count":0,"_bbp_total_topic_count":0,"_bbp_total_reply_count":0,"_bbp_voice_count":0,"_bbp_anonymous_reply_count":0,"_bbp_topic_count_hidden":0,"_bbp_reply_count_hidden":0,"_bbp_forum_subforum_count":0,"footnotes":""},"categories":[10,11,12,13,14,15,3,8,9,4],"tags":[],"class_list":["post-619","post","type-post","status-publish","format-standard","hentry","category-1r","category-2n","category-3r","category-4t","category-5e","category-6e","category-i3","category-i4","category-i5","category-portada"],"post_mailing_queue_ids":[],"_links":{"self":[{"href":"https:\/\/agora.xtec.cat\/ceip-marti-poch\/wp-json\/wp\/v2\/posts\/619","targetHints":{"allow":["GET"]}}],"collection":[{"href":"https:\/\/agora.xtec.cat\/ceip-marti-poch\/wp-json\/wp\/v2\/posts"}],"about":[{"href":"https:\/\/agora.xtec.cat\/ceip-marti-poch\/wp-json\/wp\/v2\/types\/post"}],"author":[{"embeddable":true,"href":"https:\/\/agora.xtec.cat\/ceip-marti-poch\/wp-json\/wp\/v2\/users\/1"}],"replies":[{"embeddable":true,"href":"https:\/\/agora.xtec.cat\/ceip-marti-poch\/wp-json\/wp\/v2\/comments?post=619"}],"version-history":[{"count":2,"href":"https:\/\/agora.xtec.cat\/ceip-marti-poch\/wp-json\/wp\/v2\/posts\/619\/revisions"}],"predecessor-version":[{"id":849,"href":"https:\/\/agora.xtec.cat\/ceip-marti-poch\/wp-json\/wp\/v2\/posts\/619\/revisions\/849"}],"wp:attachment":[{"href":"https:\/\/agora.xtec.cat\/ceip-marti-poch\/wp-json\/wp\/v2\/media?parent=619"}],"wp:term":[{"taxonomy":"category","embeddable":true,"href":"https:\/\/agora.xtec.cat\/ceip-marti-poch\/wp-json\/wp\/v2\/categories?post=619"},{"taxonomy":"post_tag","embeddable":true,"href":"https:\/\/agora.xtec.cat\/ceip-marti-poch\/wp-json\/wp\/v2\/tags?post=619"}],"curies":[{"name":"wp","href":"https:\/\/api.w.org\/{rel}","templated":true}]}}