{"id":587,"date":"2017-10-27T09:07:18","date_gmt":"2017-10-27T07:07:18","guid":{"rendered":"http:\/\/agora.xtec.cat\/ceip-marti-poch\/?p=587"},"modified":"2018-03-09T12:15:52","modified_gmt":"2018-03-09T11:15:52","slug":"els-alumnes-de-6e-plantem-a-lhort-del-marti-poch","status":"publish","type":"post","link":"https:\/\/agora.xtec.cat\/ceip-marti-poch\/portada\/els-alumnes-de-6e-plantem-a-lhort-del-marti-poch\/","title":{"rendered":"Els alumnes de 6\u00e8 plantem a l\u2019hort del Mart\u00ed Poch"},"content":{"rendered":"<p>Els alumnes de 6\u00e8 ens hem reunits a classe per escollir qu\u00e8 plantar al nostre palot de l\u2019hort i finalment hem decidit dividir-lo en quatre parts: hortalisses, remeieres, flors i arom\u00e0tiques. Hem decidit que cada grup s\u2019encarrega d\u2019una part.<\/p>\n<p>Aix\u00ed doncs, el passat dimarts 10 d\u2019octubre els alumnes de 6\u00e8 vam anar a comprar plantes a la floristeria, el grup de les flors va comprar pensaments i ciclamens; el grup de les arom\u00e0tiques va comprar farigola i orenga; el grup de les hortalisses van comprar llavors per sembrar pastanagues i tamb\u00e9 plantaran dos col i flors. El grup de les remeieres transplantaran atzavara i sajolida.<\/p>\n<p>Un cop arribats a l\u2019escola ens vam dirigir a l\u2019hort i vam transplantar i sembrar el que hav\u00edem comprat. Esperem veureu cr\u00e9ixer ben aviat !!!!<br \/>\n<a href=\"http:\/\/agora.xtec.cat\/ceip-marti-poch\/wp-content\/uploads\/usu1040\/2018\/03\/1-3.jpg\"><img loading=\"lazy\" decoding=\"async\" src=\"http:\/\/agora.xtec.cat\/ceip-marti-poch\/wp-content\/uploads\/usu1040\/2018\/03\/1-3-300x225.jpg\" alt=\"\" width=\"300\" height=\"225\" class=\"alignnone size-medium wp-image-588\" srcset=\"https:\/\/agora.xtec.cat\/ceip-marti-poch\/wp-content\/uploads\/usu1040\/2018\/03\/1-3-300x225.jpg 300w, https:\/\/agora.xtec.cat\/ceip-marti-poch\/wp-content\/uploads\/usu1040\/2018\/03\/1-3-200x150.jpg 200w, https:\/\/agora.xtec.cat\/ceip-marti-poch\/wp-content\/uploads\/usu1040\/2018\/03\/1-3.jpg 448w\" sizes=\"auto, (max-width: 300px) 100vw, 300px\" \/><\/a><br \/>\n<a href=\"http:\/\/agora.xtec.cat\/ceip-marti-poch\/wp-content\/uploads\/usu1040\/2018\/03\/2-3.jpg\"><img loading=\"lazy\" decoding=\"async\" src=\"http:\/\/agora.xtec.cat\/ceip-marti-poch\/wp-content\/uploads\/usu1040\/2018\/03\/2-3-300x225.jpg\" alt=\"\" width=\"300\" height=\"225\" class=\"alignnone size-medium wp-image-589\" srcset=\"https:\/\/agora.xtec.cat\/ceip-marti-poch\/wp-content\/uploads\/usu1040\/2018\/03\/2-3-300x225.jpg 300w, https:\/\/agora.xtec.cat\/ceip-marti-poch\/wp-content\/uploads\/usu1040\/2018\/03\/2-3-200x150.jpg 200w, https:\/\/agora.xtec.cat\/ceip-marti-poch\/wp-content\/uploads\/usu1040\/2018\/03\/2-3.jpg 448w\" sizes=\"auto, (max-width: 300px) 100vw, 300px\" \/><\/a><\/p>\n","protected":false},"excerpt":{"rendered":"<p>Els alumnes de 6\u00e8 ens hem reunits a classe per escollir qu\u00e8 plantar al nostre palot de l\u2019hort i finalment hem decidit dividir-lo en quatre parts: hortalisses, remeieres, flors i arom\u00e0tiques. Hem decidit que cada grup s\u2019encarrega d\u2019una part.<br \/>\n<a href=\"http:\/\/agora.xtec.cat\/ceip-marti-poch\/wp-content\/uploads\/usu1040\/2018\/03\/1-3.jpg\"><img loading=\"lazy\" decoding=\"async\" src=\"http:\/\/agora.xtec.cat\/ceip-marti-poch\/wp-content\/uploads\/usu1040\/2018\/03\/1-3-300x225.jpg\" alt=\"\" width=\"300\" height=\"225\" class=\"alignnone size-medium wp-image-588\" srcset=\"https:\/\/agora.xtec.cat\/ceip-marti-poch\/wp-content\/uploads\/usu1040\/2018\/03\/1-3-300x225.jpg 300w, https:\/\/agora.xtec.cat\/ceip-marti-poch\/wp-content\/uploads\/usu1040\/2018\/03\/1-3-200x150.jpg 200w, https:\/\/agora.xtec.cat\/ceip-marti-poch\/wp-content\/uploads\/usu1040\/2018\/03\/1-3.jpg 448w\" sizes=\"auto, (max-width: 300px) 100vw, 300px\" \/><\/a>&hellip;  <a href=\"https:\/\/agora.xtec.cat\/ceip-marti-poch\/portada\/els-alumnes-de-6e-plantem-a-lhort-del-marti-poch\/\" title=\"Read Els alumnes de 6\u00e8 plantem a l\u2019hort del Mart\u00ed Poch\">Llegeix m\u00e9s\u00bb<\/a><\/p>\n","protected":false},"author":1,"featured_media":0,"comment_status":"open","ping_status":"closed","sticky":false,"template":"","format":"standard","meta":{"_bbp_topic_count":0,"_bbp_reply_count":0,"_bbp_total_topic_count":0,"_bbp_total_reply_count":0,"_bbp_voice_count":0,"_bbp_anonymous_reply_count":0,"_bbp_topic_count_hidden":0,"_bbp_reply_count_hidden":0,"_bbp_forum_subforum_count":0,"footnotes":""},"categories":[15,4],"tags":[],"class_list":["post-587","post","type-post","status-publish","format-standard","hentry","category-6e","category-portada"],"post_mailing_queue_ids":[],"_links":{"self":[{"href":"https:\/\/agora.xtec.cat\/ceip-marti-poch\/wp-json\/wp\/v2\/posts\/587","targetHints":{"allow":["GET"]}}],"collection":[{"href":"https:\/\/agora.xtec.cat\/ceip-marti-poch\/wp-json\/wp\/v2\/posts"}],"about":[{"href":"https:\/\/agora.xtec.cat\/ceip-marti-poch\/wp-json\/wp\/v2\/types\/post"}],"author":[{"embeddable":true,"href":"https:\/\/agora.xtec.cat\/ceip-marti-poch\/wp-json\/wp\/v2\/users\/1"}],"replies":[{"embeddable":true,"href":"https:\/\/agora.xtec.cat\/ceip-marti-poch\/wp-json\/wp\/v2\/comments?post=587"}],"version-history":[{"count":2,"href":"https:\/\/agora.xtec.cat\/ceip-marti-poch\/wp-json\/wp\/v2\/posts\/587\/revisions"}],"predecessor-version":[{"id":854,"href":"https:\/\/agora.xtec.cat\/ceip-marti-poch\/wp-json\/wp\/v2\/posts\/587\/revisions\/854"}],"wp:attachment":[{"href":"https:\/\/agora.xtec.cat\/ceip-marti-poch\/wp-json\/wp\/v2\/media?parent=587"}],"wp:term":[{"taxonomy":"category","embeddable":true,"href":"https:\/\/agora.xtec.cat\/ceip-marti-poch\/wp-json\/wp\/v2\/categories?post=587"},{"taxonomy":"post_tag","embeddable":true,"href":"https:\/\/agora.xtec.cat\/ceip-marti-poch\/wp-json\/wp\/v2\/tags?post=587"}],"curies":[{"name":"wp","href":"https:\/\/api.w.org\/{rel}","templated":true}]}}