{"id":5631,"date":"2021-12-22T12:40:57","date_gmt":"2021-12-22T11:40:57","guid":{"rendered":"https:\/\/agora.xtec.cat\/ceip-marti-poch\/?p=5631"},"modified":"2021-12-22T12:48:30","modified_gmt":"2021-12-22T11:48:30","slug":"lempradio-present-a-radio4","status":"publish","type":"post","link":"https:\/\/agora.xtec.cat\/ceip-marti-poch\/portada\/lempradio-present-a-radio4\/","title":{"rendered":"L\u2019EMPr\u00e0dio PRESENT A R\u00c0DIO4"},"content":{"rendered":"<h3 align=\"justify\"><span style=\"font-family: Arial, sans-serif;\"><span style=\"font-size: large;\">L\u2019EMPr\u00e0dio, present al programa \u00abL\u2019altra r\u00e0dio\u00bb de R\u00e0dio4<\/span><\/span><\/h3>\n<p align=\"justify\"><span style=\"font-family: Arial, sans-serif;\"><span style=\"font-size: large;\">Gr\u00e0cies a <strong>Pitu Mart\u00ednez<\/strong>, responsable de divulgaci\u00f3 de cultura digital i audiovisual del Departament d\u2019Educaci\u00f3, la r\u00e0dio escolar del nostre centre ser\u00e0 present al programa <span style=\"text-decoration: underline;\"><i>L\u2019altra r\u00e0dio. <\/i><\/span><\/span><\/span><\/p>\n<p align=\"justify\"><span style=\"font-family: Arial, sans-serif;\"><span style=\"font-size: large;\">En aquest cas, parlar\u00e0 sobre audiovisuals i tecnologies a l\u2019escola. Un dels exemples ser\u00e0 el treball que duem a terme en el taller de r\u00e0dio de l\u2019escola Mart\u00ed Poch.<\/span><\/span><\/p>\n<p align=\"justify\"><span style=\"font-family: Arial, sans-serif;\"><span style=\"font-size: large;\">Podreu escoltar el programa a R\u00e0dio4, el<strong> dimecres 5 de gener<\/strong> quan passin cinc minuts de les dues del migdia i el <strong>diumenge 9 de gener<\/strong> quan passin cinc minuts de les quatre de la tarda. Naturalment tamb\u00e9 podreu trobar el programa per internet a la r\u00e0dio a la carta, en el podcast corresponent.<\/span><\/span><\/p>\n<p align=\"justify\"><span style=\"font-family: Arial, sans-serif;\"><span style=\"font-size: large;\">En l\u2019era de la comunicaci\u00f3 que vivim, la r\u00e0dio escolar \u00e9s una bona eina educativa. Gr\u00e0cies Pitu per la divulgaci\u00f3!<\/span><\/span><\/p>\n<p align=\"justify\"><img loading=\"lazy\" decoding=\"async\" class=\"aligncenter size-large wp-image-5632\" src=\"https:\/\/agora.xtec.cat\/ceip-marti-poch\/wp-content\/uploads\/usu1040\/2021\/12\/Pitu-Martinez-1024x694.jpg\" alt=\"\" width=\"1024\" height=\"694\" srcset=\"https:\/\/agora.xtec.cat\/ceip-marti-poch\/wp-content\/uploads\/usu1040\/2021\/12\/Pitu-Martinez-1024x694.jpg 1024w, https:\/\/agora.xtec.cat\/ceip-marti-poch\/wp-content\/uploads\/usu1040\/2021\/12\/Pitu-Martinez-300x203.jpg 300w, https:\/\/agora.xtec.cat\/ceip-marti-poch\/wp-content\/uploads\/usu1040\/2021\/12\/Pitu-Martinez-768x520.jpg 768w, https:\/\/agora.xtec.cat\/ceip-marti-poch\/wp-content\/uploads\/usu1040\/2021\/12\/Pitu-Martinez.jpg 1200w\" sizes=\"auto, (max-width: 1024px) 100vw, 1024px\" \/><\/p>\n","protected":false},"excerpt":{"rendered":"<p>L\u2019EMPr\u00e0dio, present al programa \u00abL\u2019altra r\u00e0dio\u00bb de R\u00e0dio4<br \/>\nGr\u00e0cies a Pitu Mart\u00ednez, responsable de divulgaci\u00f3 de cultura digital i audiovisual del Departament d\u2019Educaci\u00f3, la r\u00e0dio escolar del nostre centre ser\u00e0 present al programa L\u2019altra r\u00e0dio.<br \/>\nEn aquest cas, parlar\u00e0 sobre audiovisuals i tecnologies a l\u2019escola. Un&hellip;  <a href=\"https:\/\/agora.xtec.cat\/ceip-marti-poch\/portada\/lempradio-present-a-radio4\/\" title=\"Read L\u2019EMPr\u00e0dio PRESENT A R\u00c0DIO4\">Llegeix m\u00e9s\u00bb<\/a><\/p>\n","protected":false},"author":1,"featured_media":5632,"comment_status":"open","ping_status":"closed","sticky":false,"template":"","format":"standard","meta":{"_bbp_topic_count":0,"_bbp_reply_count":0,"_bbp_total_topic_count":0,"_bbp_total_reply_count":0,"_bbp_voice_count":0,"_bbp_anonymous_reply_count":0,"_bbp_topic_count_hidden":0,"_bbp_reply_count_hidden":0,"_bbp_forum_subforum_count":0,"footnotes":""},"categories":[135,4,94],"tags":[],"class_list":["post-5631","post","type-post","status-publish","format-standard","has-post-thumbnail","hentry","category-entrevistes","category-portada","category-radio"],"post_mailing_queue_ids":[],"_links":{"self":[{"href":"https:\/\/agora.xtec.cat\/ceip-marti-poch\/wp-json\/wp\/v2\/posts\/5631","targetHints":{"allow":["GET"]}}],"collection":[{"href":"https:\/\/agora.xtec.cat\/ceip-marti-poch\/wp-json\/wp\/v2\/posts"}],"about":[{"href":"https:\/\/agora.xtec.cat\/ceip-marti-poch\/wp-json\/wp\/v2\/types\/post"}],"author":[{"embeddable":true,"href":"https:\/\/agora.xtec.cat\/ceip-marti-poch\/wp-json\/wp\/v2\/users\/1"}],"replies":[{"embeddable":true,"href":"https:\/\/agora.xtec.cat\/ceip-marti-poch\/wp-json\/wp\/v2\/comments?post=5631"}],"version-history":[{"count":2,"href":"https:\/\/agora.xtec.cat\/ceip-marti-poch\/wp-json\/wp\/v2\/posts\/5631\/revisions"}],"predecessor-version":[{"id":5635,"href":"https:\/\/agora.xtec.cat\/ceip-marti-poch\/wp-json\/wp\/v2\/posts\/5631\/revisions\/5635"}],"wp:featuredmedia":[{"embeddable":true,"href":"https:\/\/agora.xtec.cat\/ceip-marti-poch\/wp-json\/wp\/v2\/media\/5632"}],"wp:attachment":[{"href":"https:\/\/agora.xtec.cat\/ceip-marti-poch\/wp-json\/wp\/v2\/media?parent=5631"}],"wp:term":[{"taxonomy":"category","embeddable":true,"href":"https:\/\/agora.xtec.cat\/ceip-marti-poch\/wp-json\/wp\/v2\/categories?post=5631"},{"taxonomy":"post_tag","embeddable":true,"href":"https:\/\/agora.xtec.cat\/ceip-marti-poch\/wp-json\/wp\/v2\/tags?post=5631"}],"curies":[{"name":"wp","href":"https:\/\/api.w.org\/{rel}","templated":true}]}}