{"id":5122,"date":"2021-06-21T11:34:15","date_gmt":"2021-06-21T09:34:15","guid":{"rendered":"http:\/\/agora.xtec.cat\/ceip-marti-poch\/?p=5122"},"modified":"2021-06-21T11:37:46","modified_gmt":"2021-06-21T09:37:46","slug":"la-veu-de-la-terra","status":"publish","type":"post","link":"https:\/\/agora.xtec.cat\/ceip-marti-poch\/general\/la-veu-de-la-terra\/","title":{"rendered":"LA VEU DE LA TERRA"},"content":{"rendered":"<p style=\"text-align: justify;\">Amb la cantata <strong>La Veu de la Terra<\/strong>, una proposta del <a href=\"https:\/\/cdapaucasals.com\/la-veu-de-la-terra\/\">CdA Pau Casals<\/a>, tanquem aquest curs dedicat a l&#8217;<strong>emerg\u00e8ncia clim\u00e0tica<\/strong>. Els alumnes ens presenten la tem\u00e0tica central de cadascuna de les can\u00e7ons amb diversos recursos expressius.<\/p>\n<h3 style=\"text-align: justify;\">Desitgem que en pugueu gaudir i a la vegada ens fem conscients del repte social que tenim.<\/h3>\n<div><\/div>\n<div><\/div>\n<div style=\"text-align: center;\"><iframe loading=\"lazy\" src=\"\/\/www.youtube.com\/embed\/ycMBfQHtE2w\" width=\"560\" height=\"314\"><\/iframe><\/div>\n<div><\/div>\n<div style=\"text-align: center;\"><iframe loading=\"lazy\" src=\"\/\/www.youtube.com\/embed\/sn3b8hSWUOQ\" width=\"560\" height=\"314\"><\/iframe><\/div>\n<div><\/div>\n<div style=\"text-align: center;\"><iframe loading=\"lazy\" src=\"\/\/www.youtube.com\/embed\/VTFvrtrsBKE\" width=\"560\" height=\"314\"><\/iframe><\/div>\n<div><\/div>\n<div style=\"text-align: center;\"><iframe loading=\"lazy\" src=\"\/\/www.youtube.com\/embed\/dhF6kKpoun8\" width=\"560\" height=\"314\"><\/iframe><\/div>\n<div><\/div>\n<div style=\"text-align: center;\"><iframe loading=\"lazy\" src=\"\/\/www.youtube.com\/embed\/06xtIP58vsg\" width=\"560\" height=\"314\"><\/iframe><\/div>\n<div><\/div>\n<div style=\"text-align: center;\"><iframe loading=\"lazy\" src=\"\/\/www.youtube.com\/embed\/VCtXjGWeaf4\" width=\"560\" height=\"314\"><\/iframe><\/div>\n<div><\/div>\n<div style=\"text-align: center;\"><iframe loading=\"lazy\" src=\"\/\/www.youtube.com\/embed\/7xtwDRTDlVk\" width=\"560\" height=\"314\"><\/iframe><\/div>\n<div><\/div>\n<h3 style=\"text-align: center;\">Us mereixeu unes bones i merescudes vacances.<\/h3>\n<h1 style=\"text-align: center;\">Bon estiu!<\/h1>\n<div><\/div>\n","protected":false},"excerpt":{"rendered":"<p>Amb la cantata La Veu de la Terra, una proposta del <a href=\"https:\/\/cdapaucasals.com\/la-veu-de-la-terra\/\">CdA Pau Casals<\/a>, tanquem aquest curs dedicat a l&#8217;emerg\u00e8ncia clim\u00e0tica. Els alumnes ens presenten la tem\u00e0tica central de cadascuna de les can\u00e7ons amb diversos recursos expressius.<br \/>\nDesitgem que en pugueu gaudir i a la&hellip;  <a href=\"https:\/\/agora.xtec.cat\/ceip-marti-poch\/general\/la-veu-de-la-terra\/\" title=\"Read LA VEU DE LA TERRA\">Llegeix m\u00e9s\u00bb<\/a><\/p>\n","protected":false},"author":1,"featured_media":5134,"comment_status":"open","ping_status":"closed","sticky":false,"template":"","format":"standard","meta":{"_bbp_topic_count":0,"_bbp_reply_count":0,"_bbp_total_topic_count":0,"_bbp_total_reply_count":0,"_bbp_voice_count":0,"_bbp_anonymous_reply_count":0,"_bbp_topic_count_hidden":0,"_bbp_reply_count_hidden":0,"_bbp_forum_subforum_count":0,"footnotes":""},"categories":[10,11,12,13,14,15,60,1,3,8,9,2,97,4,5,61],"tags":[178,161],"class_list":["post-5122","post","type-post","status-publish","format-standard","has-post-thumbnail","hentry","category-1r","category-2n","category-3r","category-4t","category-5e","category-6e","category-escoles-verdes","category-general","category-i3","category-i4","category-i5","category-infantil","category-musica","category-portada","category-primaria","category-projecte-interdisciplinar","tag-emergencia-climatica","tag-ods"],"post_mailing_queue_ids":[],"_links":{"self":[{"href":"https:\/\/agora.xtec.cat\/ceip-marti-poch\/wp-json\/wp\/v2\/posts\/5122","targetHints":{"allow":["GET"]}}],"collection":[{"href":"https:\/\/agora.xtec.cat\/ceip-marti-poch\/wp-json\/wp\/v2\/posts"}],"about":[{"href":"https:\/\/agora.xtec.cat\/ceip-marti-poch\/wp-json\/wp\/v2\/types\/post"}],"author":[{"embeddable":true,"href":"https:\/\/agora.xtec.cat\/ceip-marti-poch\/wp-json\/wp\/v2\/users\/1"}],"replies":[{"embeddable":true,"href":"https:\/\/agora.xtec.cat\/ceip-marti-poch\/wp-json\/wp\/v2\/comments?post=5122"}],"version-history":[{"count":3,"href":"https:\/\/agora.xtec.cat\/ceip-marti-poch\/wp-json\/wp\/v2\/posts\/5122\/revisions"}],"predecessor-version":[{"id":5137,"href":"https:\/\/agora.xtec.cat\/ceip-marti-poch\/wp-json\/wp\/v2\/posts\/5122\/revisions\/5137"}],"wp:featuredmedia":[{"embeddable":true,"href":"https:\/\/agora.xtec.cat\/ceip-marti-poch\/wp-json\/wp\/v2\/media\/5134"}],"wp:attachment":[{"href":"https:\/\/agora.xtec.cat\/ceip-marti-poch\/wp-json\/wp\/v2\/media?parent=5122"}],"wp:term":[{"taxonomy":"category","embeddable":true,"href":"https:\/\/agora.xtec.cat\/ceip-marti-poch\/wp-json\/wp\/v2\/categories?post=5122"},{"taxonomy":"post_tag","embeddable":true,"href":"https:\/\/agora.xtec.cat\/ceip-marti-poch\/wp-json\/wp\/v2\/tags?post=5122"}],"curies":[{"name":"wp","href":"https:\/\/api.w.org\/{rel}","templated":true}]}}