{"id":4900,"date":"2021-04-29T15:16:02","date_gmt":"2021-04-29T13:16:02","guid":{"rendered":"http:\/\/agora.xtec.cat\/ceip-marti-poch\/?p=4900"},"modified":"2021-04-29T15:18:12","modified_gmt":"2021-04-29T13:18:12","slug":"lescola-celebra-sant-jordi-amb-un-gran-ventall-dactivitats","status":"publish","type":"post","link":"https:\/\/agora.xtec.cat\/ceip-marti-poch\/general\/lescola-celebra-sant-jordi-amb-un-gran-ventall-dactivitats\/","title":{"rendered":"L&#8217;ESCOLA CELEBRA SANT JORDI AMB UN GRAN VENTALL D&#8217;ACTIVITATS!"},"content":{"rendered":"<p>El passat 23 d&#8217;abril l&#8217;Escola Mart\u00ed Poch va celebrar la diada de Sant Jordi amb una gran varietat d&#8217;activitats per a tots els cursos, dels m\u00e9s petits als m\u00e9s grans.<\/p>\n<p>Les activitats que es van anar realitzant al llarg de tota la setmana estaven relaciones amb la diada de Sant Jordi. Aquest any, i degut a la situaci\u00f3 actual, es van adaptar totes les activitats seguint les normes de seguretat establertes.<\/p>\n<p><img loading=\"lazy\" decoding=\"async\" class=\"aligncenter size-large wp-image-4897\" src=\"https:\/\/agora.xtec.cat\/ceip-marti-poch\/wp-content\/uploads\/usu1040\/2021\/04\/3-2-1024x768.jpg\" alt=\"\" width=\"1024\" height=\"768\" srcset=\"https:\/\/agora.xtec.cat\/ceip-marti-poch\/wp-content\/uploads\/usu1040\/2021\/04\/3-2-1024x768.jpg 1024w, https:\/\/agora.xtec.cat\/ceip-marti-poch\/wp-content\/uploads\/usu1040\/2021\/04\/3-2-300x225.jpg 300w, https:\/\/agora.xtec.cat\/ceip-marti-poch\/wp-content\/uploads\/usu1040\/2021\/04\/3-2-768x576.jpg 768w, https:\/\/agora.xtec.cat\/ceip-marti-poch\/wp-content\/uploads\/usu1040\/2021\/04\/3-2-200x150.jpg 200w, https:\/\/agora.xtec.cat\/ceip-marti-poch\/wp-content\/uploads\/usu1040\/2021\/04\/3-2.jpg 1040w\" sizes=\"auto, (max-width: 1024px) 100vw, 1024px\" \/><\/p>\n<p>Cal destacar la 6\u00aa Mostra de lectura de en veu alta celebrada pels alumnes de prim\u00e0ria aix\u00ed com l&#8217;activitat d&#8217;explicar contes adre\u00e7ades als alumnes d&#8217;educaci\u00f3 Infantil.<\/p>\n<p><img loading=\"lazy\" decoding=\"async\" class=\"aligncenter size-large wp-image-4919\" src=\"https:\/\/agora.xtec.cat\/ceip-marti-poch\/wp-content\/uploads\/usu1040\/2021\/04\/F3674680_8178_4427_AD9F_D5F1AAF47DEC-1024x768.jpg\" alt=\"\" width=\"1024\" height=\"768\" srcset=\"https:\/\/agora.xtec.cat\/ceip-marti-poch\/wp-content\/uploads\/usu1040\/2021\/04\/F3674680_8178_4427_AD9F_D5F1AAF47DEC-1024x768.jpg 1024w, https:\/\/agora.xtec.cat\/ceip-marti-poch\/wp-content\/uploads\/usu1040\/2021\/04\/F3674680_8178_4427_AD9F_D5F1AAF47DEC-300x225.jpg 300w, https:\/\/agora.xtec.cat\/ceip-marti-poch\/wp-content\/uploads\/usu1040\/2021\/04\/F3674680_8178_4427_AD9F_D5F1AAF47DEC-768x576.jpg 768w, https:\/\/agora.xtec.cat\/ceip-marti-poch\/wp-content\/uploads\/usu1040\/2021\/04\/F3674680_8178_4427_AD9F_D5F1AAF47DEC-200x150.jpg 200w\" sizes=\"auto, (max-width: 1024px) 100vw, 1024px\" \/><\/p>\n<p>Tamb\u00e9 es van realitzar sortides a la biblioteca municipal Moss\u00e8n Ramon Muntanyola, on la N\u00faria Estadella, va fer gaudir als alumnes amb les seves llegendes divertides.<\/p>\n<p><img loading=\"lazy\" decoding=\"async\" class=\"aligncenter size-large wp-image-4917\" src=\"https:\/\/agora.xtec.cat\/ceip-marti-poch\/wp-content\/uploads\/usu1040\/2021\/04\/B6D54FCE_122C_40B6_95A8_F456ACDA19AD-1024x768.jpg\" alt=\"\" width=\"1024\" height=\"768\" srcset=\"https:\/\/agora.xtec.cat\/ceip-marti-poch\/wp-content\/uploads\/usu1040\/2021\/04\/B6D54FCE_122C_40B6_95A8_F456ACDA19AD-1024x768.jpg 1024w, https:\/\/agora.xtec.cat\/ceip-marti-poch\/wp-content\/uploads\/usu1040\/2021\/04\/B6D54FCE_122C_40B6_95A8_F456ACDA19AD-300x225.jpg 300w, https:\/\/agora.xtec.cat\/ceip-marti-poch\/wp-content\/uploads\/usu1040\/2021\/04\/B6D54FCE_122C_40B6_95A8_F456ACDA19AD-768x576.jpg 768w, https:\/\/agora.xtec.cat\/ceip-marti-poch\/wp-content\/uploads\/usu1040\/2021\/04\/B6D54FCE_122C_40B6_95A8_F456ACDA19AD-200x150.jpg 200w\" sizes=\"auto, (max-width: 1024px) 100vw, 1024px\" \/><\/p>\n<p>Tamb\u00e9 es va realitzar un mural conjunt al vest\u00edbul de l&#8217;entrada a l&#8217;escola on cada aula anava exposant el que anava fent.<\/p>\n<p><img loading=\"lazy\" decoding=\"async\" class=\"aligncenter size-large wp-image-4918\" src=\"https:\/\/agora.xtec.cat\/ceip-marti-poch\/wp-content\/uploads\/usu1040\/2021\/04\/BC94B5E7_695B_4A0B_951D_DD3276CA258C-1024x768.jpg\" alt=\"\" width=\"1024\" height=\"768\" srcset=\"https:\/\/agora.xtec.cat\/ceip-marti-poch\/wp-content\/uploads\/usu1040\/2021\/04\/BC94B5E7_695B_4A0B_951D_DD3276CA258C-1024x768.jpg 1024w, https:\/\/agora.xtec.cat\/ceip-marti-poch\/wp-content\/uploads\/usu1040\/2021\/04\/BC94B5E7_695B_4A0B_951D_DD3276CA258C-300x225.jpg 300w, https:\/\/agora.xtec.cat\/ceip-marti-poch\/wp-content\/uploads\/usu1040\/2021\/04\/BC94B5E7_695B_4A0B_951D_DD3276CA258C-768x576.jpg 768w, https:\/\/agora.xtec.cat\/ceip-marti-poch\/wp-content\/uploads\/usu1040\/2021\/04\/BC94B5E7_695B_4A0B_951D_DD3276CA258C-200x150.jpg 200w\" sizes=\"auto, (max-width: 1024px) 100vw, 1024px\" \/><\/p>\n<p>Aqu\u00ed teniu un recull de totes les activitats que es van realitzar. \u00c9s un recull fant\u00e0stic!<\/p>\n<p>&nbsp;<\/p>\n<p><a href=\"https:\/\/padlet.com\/jandre32\/dek1szsjmgfgta67\" target=\"_blank\" rel=\"noopener noreferrer\"><img loading=\"lazy\" decoding=\"async\" class=\"wp-image-4901 size-large aligncenter\" src=\"https:\/\/agora.xtec.cat\/ceip-marti-poch\/wp-content\/uploads\/usu1040\/2021\/04\/Sense-t\u00edtol-1024x384.jpg\" alt=\"\" width=\"1024\" height=\"384\" srcset=\"https:\/\/agora.xtec.cat\/ceip-marti-poch\/wp-content\/uploads\/usu1040\/2021\/04\/Sense-t\u00edtol-1024x384.jpg 1024w, https:\/\/agora.xtec.cat\/ceip-marti-poch\/wp-content\/uploads\/usu1040\/2021\/04\/Sense-t\u00edtol-300x112.jpg 300w, https:\/\/agora.xtec.cat\/ceip-marti-poch\/wp-content\/uploads\/usu1040\/2021\/04\/Sense-t\u00edtol-768x288.jpg 768w, https:\/\/agora.xtec.cat\/ceip-marti-poch\/wp-content\/uploads\/usu1040\/2021\/04\/Sense-t\u00edtol.jpg 1342w\" sizes=\"auto, (max-width: 1024px) 100vw, 1024px\" \/> \u00a0 \u00a0 \u00a0 \u00a0 \u00a0 \u00a0 \u00a0 \u00a0 \u00a0 \u00a0 \u00a0 \u00a0 \u00a0 \u00a0 \u00a0 \u00a0 \u00a0 \u00a0 \u00a0 \u00a0 \u00a0 \u00a0 <\/a><span style=\"color: #0000ff;\">(si voleu veure el recull de les activitats, cliqueu la imatge)<\/span><\/p>\n<p>&nbsp;<\/p>\n","protected":false},"excerpt":{"rendered":"<p>El passat 23 d&#8217;abril l&#8217;Escola Mart\u00ed Poch va celebrar la diada de Sant Jordi amb una gran varietat d&#8217;activitats per a tots els cursos, dels m\u00e9s petits als m\u00e9s grans.<br \/>\nLes activitats que es van anar realitzant al llarg de tota la setmana estaven relaciones amb&hellip;  <a href=\"https:\/\/agora.xtec.cat\/ceip-marti-poch\/general\/lescola-celebra-sant-jordi-amb-un-gran-ventall-dactivitats\/\" title=\"Read L&#8217;ESCOLA CELEBRA SANT JORDI AMB UN GRAN VENTALL D&#8217;ACTIVITATS!\">Llegeix m\u00e9s\u00bb<\/a><\/p>\n","protected":false},"author":3,"featured_media":4917,"comment_status":"open","ping_status":"closed","sticky":false,"template":"","format":"standard","meta":{"_bbp_topic_count":0,"_bbp_reply_count":0,"_bbp_total_topic_count":0,"_bbp_total_reply_count":0,"_bbp_voice_count":0,"_bbp_anonymous_reply_count":0,"_bbp_topic_count_hidden":0,"_bbp_reply_count_hidden":0,"_bbp_forum_subforum_count":0,"footnotes":""},"categories":[10,11,12,13,14,15,140,72,70,1,3,8,9,2,4,5],"tags":[143,62,173,118],"class_list":["post-4900","post","type-post","status-publish","format-standard","has-post-thumbnail","hentry","category-1r","category-2n","category-3r","category-4t","category-5e","category-6e","category-biblioteca","category-biblioteca-jv","category-festes-i-tradicions","category-general","category-i3","category-i4","category-i5","category-infantil","category-portada","category-primaria","tag-biblioteca","tag-lectura","tag-lectura-en-veu-alta","tag-sant-jordi"],"post_mailing_queue_ids":[],"_links":{"self":[{"href":"https:\/\/agora.xtec.cat\/ceip-marti-poch\/wp-json\/wp\/v2\/posts\/4900","targetHints":{"allow":["GET"]}}],"collection":[{"href":"https:\/\/agora.xtec.cat\/ceip-marti-poch\/wp-json\/wp\/v2\/posts"}],"about":[{"href":"https:\/\/agora.xtec.cat\/ceip-marti-poch\/wp-json\/wp\/v2\/types\/post"}],"author":[{"embeddable":true,"href":"https:\/\/agora.xtec.cat\/ceip-marti-poch\/wp-json\/wp\/v2\/users\/3"}],"replies":[{"embeddable":true,"href":"https:\/\/agora.xtec.cat\/ceip-marti-poch\/wp-json\/wp\/v2\/comments?post=4900"}],"version-history":[{"count":2,"href":"https:\/\/agora.xtec.cat\/ceip-marti-poch\/wp-json\/wp\/v2\/posts\/4900\/revisions"}],"predecessor-version":[{"id":4920,"href":"https:\/\/agora.xtec.cat\/ceip-marti-poch\/wp-json\/wp\/v2\/posts\/4900\/revisions\/4920"}],"wp:featuredmedia":[{"embeddable":true,"href":"https:\/\/agora.xtec.cat\/ceip-marti-poch\/wp-json\/wp\/v2\/media\/4917"}],"wp:attachment":[{"href":"https:\/\/agora.xtec.cat\/ceip-marti-poch\/wp-json\/wp\/v2\/media?parent=4900"}],"wp:term":[{"taxonomy":"category","embeddable":true,"href":"https:\/\/agora.xtec.cat\/ceip-marti-poch\/wp-json\/wp\/v2\/categories?post=4900"},{"taxonomy":"post_tag","embeddable":true,"href":"https:\/\/agora.xtec.cat\/ceip-marti-poch\/wp-json\/wp\/v2\/tags?post=4900"}],"curies":[{"name":"wp","href":"https:\/\/api.w.org\/{rel}","templated":true}]}}