{"id":4773,"date":"2021-03-24T15:21:08","date_gmt":"2021-03-24T14:21:08","guid":{"rendered":"http:\/\/agora.xtec.cat\/ceip-marti-poch\/?p=4773"},"modified":"2021-03-24T15:26:33","modified_gmt":"2021-03-24T14:26:33","slug":"dia-mundial-de-la-poesia-i-dia-mundial-de-laigua","status":"publish","type":"post","link":"https:\/\/agora.xtec.cat\/ceip-marti-poch\/general\/dia-mundial-de-la-poesia-i-dia-mundial-de-laigua\/","title":{"rendered":"DIA MUNDIAL DE LA POESIA I DIA MUNDIAL DE L\u2019AIGUA"},"content":{"rendered":"<h4 style=\"text-align: center;\"><strong>L\u2019Escola Mart\u00ed Poch ha realitzat un recorregut per les fonts de l\u2019Espluga de Francol\u00ed per commemorar <\/strong><\/h4>\n<h4 style=\"text-align: center;\"><strong>el Dia Mundial de la Poesia i el Dia Mundial de l\u2019Aigua.<\/strong><\/h4>\n<p><img loading=\"lazy\" decoding=\"async\" class=\"size-large wp-image-4771 aligncenter\" src=\"https:\/\/agora.xtec.cat\/ceip-marti-poch\/wp-content\/uploads\/usu1040\/2021\/03\/DEGOTEIG-DE-POEMES-1024x724.png\" alt=\"\" width=\"1024\" height=\"724\" srcset=\"https:\/\/agora.xtec.cat\/ceip-marti-poch\/wp-content\/uploads\/usu1040\/2021\/03\/DEGOTEIG-DE-POEMES-1024x724.png 1024w, https:\/\/agora.xtec.cat\/ceip-marti-poch\/wp-content\/uploads\/usu1040\/2021\/03\/DEGOTEIG-DE-POEMES-300x212.png 300w, https:\/\/agora.xtec.cat\/ceip-marti-poch\/wp-content\/uploads\/usu1040\/2021\/03\/DEGOTEIG-DE-POEMES-768x543.png 768w, https:\/\/agora.xtec.cat\/ceip-marti-poch\/wp-content\/uploads\/usu1040\/2021\/03\/DEGOTEIG-DE-POEMES.png 1123w\" sizes=\"auto, (max-width: 1024px) 100vw, 1024px\" \/><\/p>\n<p style=\"text-align: justify;\"><span style=\"font-weight: 400;\">Els infants de l&#8217;escola des de P3 a 6\u00e8, han realitzat <strong>diferents recorreguts per con\u00e8ixer les fonts<\/strong> de la poblaci\u00f3 i han llegit diferents poemes relacionats amb l\u2019aigua.<\/span><\/p>\n<p style=\"text-align: justify;\"><strong>Els alumnes s\u2018han distribu\u00eft en cicles i acompanyats pels docents han visitat la Font del Centenari, la Font Baixa, la Font Major, la Font del IX\u00e8 Centenari, la Font del Castell, la Font de la Urbanitzaci\u00f3 Carreras, el Riu Francol\u00ed, la zona zero de la Riuada, el Safareig del MVR, la Font de Sant Dom\u00e8nec o Tendera i la Font de Sant Isidre.<\/strong><\/p>\n<p><img loading=\"lazy\" decoding=\"async\" class=\"aligncenter wp-image-4774 size-large\" src=\"https:\/\/agora.xtec.cat\/ceip-marti-poch\/wp-content\/uploads\/usu1040\/2021\/03\/IMG_2703-1024x768.jpg\" alt=\"\" width=\"1024\" height=\"768\" srcset=\"https:\/\/agora.xtec.cat\/ceip-marti-poch\/wp-content\/uploads\/usu1040\/2021\/03\/IMG_2703-1024x768.jpg 1024w, https:\/\/agora.xtec.cat\/ceip-marti-poch\/wp-content\/uploads\/usu1040\/2021\/03\/IMG_2703-300x225.jpg 300w, https:\/\/agora.xtec.cat\/ceip-marti-poch\/wp-content\/uploads\/usu1040\/2021\/03\/IMG_2703-768x576.jpg 768w, https:\/\/agora.xtec.cat\/ceip-marti-poch\/wp-content\/uploads\/usu1040\/2021\/03\/IMG_2703-200x150.jpg 200w\" sizes=\"auto, (max-width: 1024px) 100vw, 1024px\" \/><\/p>\n<p style=\"text-align: justify;\"><strong>Antoni Vendrell<\/strong>, avi de la Janna i la Bruna ha participat de la jornada explicant com es va <strong>construir la Font del Centenari<\/strong>, una <span style=\"font-weight: 400;\">obra realitzada en pedra pel seu pare, el picapedrer esplugu\u00ed Miquel Vendrell.<\/span><\/p>\n<p><img loading=\"lazy\" decoding=\"async\" class=\"aligncenter size-large wp-image-4775\" src=\"https:\/\/agora.xtec.cat\/ceip-marti-poch\/wp-content\/uploads\/usu1040\/2021\/03\/IMG_6705-1024x768.jpg\" alt=\"\" width=\"1024\" height=\"768\" srcset=\"https:\/\/agora.xtec.cat\/ceip-marti-poch\/wp-content\/uploads\/usu1040\/2021\/03\/IMG_6705-1024x768.jpg 1024w, https:\/\/agora.xtec.cat\/ceip-marti-poch\/wp-content\/uploads\/usu1040\/2021\/03\/IMG_6705-300x225.jpg 300w, https:\/\/agora.xtec.cat\/ceip-marti-poch\/wp-content\/uploads\/usu1040\/2021\/03\/IMG_6705-768x576.jpg 768w, https:\/\/agora.xtec.cat\/ceip-marti-poch\/wp-content\/uploads\/usu1040\/2021\/03\/IMG_6705-200x150.jpg 200w\" sizes=\"auto, (max-width: 1024px) 100vw, 1024px\" \/><\/p>\n<p style=\"text-align: justify;\"><span style=\"font-weight: 400;\">Durant la jornada s\u2019ha pogut gaudir dels poemes com \u201cBombolles\u201d i \u201cEl Rierol\u201d de <strong>Joana Raspall<\/strong>, \u201cL\u2019aigua\u201d de l\u2019<strong>Andrea Salvador<\/strong>, \u201cLa Font Baixa\u201d de <strong>Josep Farr\u00e9 i Gual<\/strong> i tamb\u00e9 s\u2019ha llegit un petit poema del cantautor esplugu\u00ed <strong>Jordi Francol\u00ed<\/strong>.<\/span><\/p>\n<p style=\"text-align: justify;\">El <strong>safareig del Museu de la Vida Rural<\/strong> tamb\u00e9 ha estat l&#8217;epicentre de les lectures de poemes de creaci\u00f3 pr\u00f2pia dels infants de cicle mitj\u00e0.<\/p>\n<p style=\"text-align: justify;\"><img loading=\"lazy\" decoding=\"async\" class=\"aligncenter size-large wp-image-4776\" src=\"https:\/\/agora.xtec.cat\/ceip-marti-poch\/wp-content\/uploads\/usu1040\/2021\/03\/IMG_7201-1024x768.jpg\" alt=\"\" width=\"1024\" height=\"768\" srcset=\"https:\/\/agora.xtec.cat\/ceip-marti-poch\/wp-content\/uploads\/usu1040\/2021\/03\/IMG_7201-1024x768.jpg 1024w, https:\/\/agora.xtec.cat\/ceip-marti-poch\/wp-content\/uploads\/usu1040\/2021\/03\/IMG_7201-300x225.jpg 300w, https:\/\/agora.xtec.cat\/ceip-marti-poch\/wp-content\/uploads\/usu1040\/2021\/03\/IMG_7201-768x576.jpg 768w, https:\/\/agora.xtec.cat\/ceip-marti-poch\/wp-content\/uploads\/usu1040\/2021\/03\/IMG_7201-200x150.jpg 200w, https:\/\/agora.xtec.cat\/ceip-marti-poch\/wp-content\/uploads\/usu1040\/2021\/03\/IMG_7201.jpg 1632w\" sizes=\"auto, (max-width: 1024px) 100vw, 1024px\" \/><\/p>\n<p style=\"text-align: justify;\"><span style=\"font-weight: 400;\">Els m\u00e9s petits de l&#8217;escola tamb\u00e9 han aprofitat l&#8217;ocasi\u00f3 per fer <strong>lectures d\u2019endevinalles i recitar un poema de l\u2019aigua<\/strong> a la font de la Urbanitzaci\u00f3 Carreras i a la Font del IX\u00e8 Centenari.<\/span><\/p>\n<p><img loading=\"lazy\" decoding=\"async\" class=\"size-full wp-image-4782 aligncenter\" src=\"https:\/\/agora.xtec.cat\/ceip-marti-poch\/wp-content\/uploads\/usu1040\/2021\/03\/3-2.jpg\" alt=\"\" width=\"1007\" height=\"755\" srcset=\"https:\/\/agora.xtec.cat\/ceip-marti-poch\/wp-content\/uploads\/usu1040\/2021\/03\/3-2.jpg 1007w, https:\/\/agora.xtec.cat\/ceip-marti-poch\/wp-content\/uploads\/usu1040\/2021\/03\/3-2-300x225.jpg 300w, https:\/\/agora.xtec.cat\/ceip-marti-poch\/wp-content\/uploads\/usu1040\/2021\/03\/3-2-768x576.jpg 768w, https:\/\/agora.xtec.cat\/ceip-marti-poch\/wp-content\/uploads\/usu1040\/2021\/03\/3-2-200x150.jpg 200w\" sizes=\"auto, (max-width: 1007px) 100vw, 1007px\" \/><\/p>\n<p style=\"text-align: justify;\"><span style=\"font-weight: 400;\">En diversos indrets i fonts s\u2019han recitat poemes relacionats amb les fonts de l\u2019Espluga com <strong>La font de Sant Miquel<\/strong>, <strong>La Font Baixa<\/strong> i la <strong>Font del Castell <\/strong>i en tots els espais i fonts s&#8217;ha explicat una mica de la seva hist\u00f2ria.<\/span><\/p>\n<p><img loading=\"lazy\" decoding=\"async\" class=\"size-large wp-image-4780 aligncenter\" src=\"https:\/\/agora.xtec.cat\/ceip-marti-poch\/wp-content\/uploads\/usu1040\/2021\/03\/1-4-1024x768.jpg\" alt=\"\" width=\"1024\" height=\"768\" srcset=\"https:\/\/agora.xtec.cat\/ceip-marti-poch\/wp-content\/uploads\/usu1040\/2021\/03\/1-4-1024x768.jpg 1024w, https:\/\/agora.xtec.cat\/ceip-marti-poch\/wp-content\/uploads\/usu1040\/2021\/03\/1-4-300x225.jpg 300w, https:\/\/agora.xtec.cat\/ceip-marti-poch\/wp-content\/uploads\/usu1040\/2021\/03\/1-4-768x576.jpg 768w, https:\/\/agora.xtec.cat\/ceip-marti-poch\/wp-content\/uploads\/usu1040\/2021\/03\/1-4-200x150.jpg 200w, https:\/\/agora.xtec.cat\/ceip-marti-poch\/wp-content\/uploads\/usu1040\/2021\/03\/1-4.jpg 1120w\" sizes=\"auto, (max-width: 1024px) 100vw, 1024px\" \/><\/p>\n<p style=\"text-align: justify;\"><span style=\"font-weight: 400;\">S\u2019han fet lectures de poemes de <strong>Lola Casas<\/strong>, de <strong>Moss\u00e8n Ramon Muntanyola<\/strong>, d\u2019<strong>Isidre Estivill<\/strong> i de<strong> D\u00e0maris Gelabert<\/strong>.<\/span><\/p>\n<p><img loading=\"lazy\" decoding=\"async\" class=\"size-large wp-image-4783 aligncenter\" src=\"https:\/\/agora.xtec.cat\/ceip-marti-poch\/wp-content\/uploads\/usu1040\/2021\/03\/5-1-1024x768.jpg\" alt=\"\" width=\"1024\" height=\"768\" srcset=\"https:\/\/agora.xtec.cat\/ceip-marti-poch\/wp-content\/uploads\/usu1040\/2021\/03\/5-1-1024x768.jpg 1024w, https:\/\/agora.xtec.cat\/ceip-marti-poch\/wp-content\/uploads\/usu1040\/2021\/03\/5-1-300x225.jpg 300w, https:\/\/agora.xtec.cat\/ceip-marti-poch\/wp-content\/uploads\/usu1040\/2021\/03\/5-1-768x576.jpg 768w, https:\/\/agora.xtec.cat\/ceip-marti-poch\/wp-content\/uploads\/usu1040\/2021\/03\/5-1-200x150.jpg 200w, https:\/\/agora.xtec.cat\/ceip-marti-poch\/wp-content\/uploads\/usu1040\/2021\/03\/5-1.jpg 1120w\" sizes=\"auto, (max-width: 1024px) 100vw, 1024px\" \/><\/p>\n<p style=\"text-align: justify;\"><span style=\"font-weight: 400;\">Els alumnes de tercer realitzaran l\u2019<strong>apadrinarem de les fonts i la georeferenciaci\u00f3 d\u2019aquesta ruta<\/strong> perqu\u00e8 tothom en pugui gaudir al MHM.<\/span><\/p>\n<p><img loading=\"lazy\" decoding=\"async\" class=\"size-full wp-image-4781 aligncenter\" src=\"https:\/\/agora.xtec.cat\/ceip-marti-poch\/wp-content\/uploads\/usu1040\/2021\/03\/2-2.jpg\" alt=\"\" width=\"1007\" height=\"755\" srcset=\"https:\/\/agora.xtec.cat\/ceip-marti-poch\/wp-content\/uploads\/usu1040\/2021\/03\/2-2.jpg 1007w, https:\/\/agora.xtec.cat\/ceip-marti-poch\/wp-content\/uploads\/usu1040\/2021\/03\/2-2-300x225.jpg 300w, https:\/\/agora.xtec.cat\/ceip-marti-poch\/wp-content\/uploads\/usu1040\/2021\/03\/2-2-768x576.jpg 768w, https:\/\/agora.xtec.cat\/ceip-marti-poch\/wp-content\/uploads\/usu1040\/2021\/03\/2-2-200x150.jpg 200w\" sizes=\"auto, (max-width: 1007px) 100vw, 1007px\" \/><\/p>\n<p style=\"text-align: justify;\"><span style=\"font-weight: 400;\">Tamb\u00e9 s\u2019ha fet una lectura en veu alta del poema <strong>\u201cNo em despulleu\u201d<\/strong> de l\u2019escriptora <strong>Fel\u00edcia Fuster<\/strong> en diferents lleng\u00fces com el castell\u00e0, angl\u00e8s, \u00e0rab o el franc\u00e8s.<\/span><img loading=\"lazy\" decoding=\"async\" class=\"aligncenter size-large wp-image-4777\" src=\"https:\/\/agora.xtec.cat\/ceip-marti-poch\/wp-content\/uploads\/usu1040\/2021\/03\/IMG_6710-1024x768.jpg\" alt=\"\" width=\"1024\" height=\"768\" srcset=\"https:\/\/agora.xtec.cat\/ceip-marti-poch\/wp-content\/uploads\/usu1040\/2021\/03\/IMG_6710-1024x768.jpg 1024w, https:\/\/agora.xtec.cat\/ceip-marti-poch\/wp-content\/uploads\/usu1040\/2021\/03\/IMG_6710-300x225.jpg 300w, https:\/\/agora.xtec.cat\/ceip-marti-poch\/wp-content\/uploads\/usu1040\/2021\/03\/IMG_6710-768x576.jpg 768w, https:\/\/agora.xtec.cat\/ceip-marti-poch\/wp-content\/uploads\/usu1040\/2021\/03\/IMG_6710-200x150.jpg 200w\" sizes=\"auto, (max-width: 1024px) 100vw, 1024px\" \/><\/p>\n<p style=\"text-align: justify;\">Aquesta proposta que sorgeix del Comit\u00e8 Verd s&#8217;emmarca dins el projecte interdisciplinari de centre <strong>&#8220;Emerg\u00e8ncia clim\u00e0tica. Implica&#8217;t&#8221;,<\/strong> el projecte <strong>Biblioteca escolar<\/strong> i el programa de sostenibilitat i medi ambient d&#8217;<strong>Escoles Verdes.\u00a0<\/strong><\/p>\n<h4 style=\"text-align: justify;\"><span style=\"color: #008000;\"><strong>Una bonica jornada de conviv\u00e8ncia, lectura i passejada a l&#8217;aire lliure en bona companyia per con\u00e8ixer, estimar i valorar una mica m\u00e9s on vivim!<\/strong><\/span><\/h4>\n<p><img loading=\"lazy\" decoding=\"async\" class=\"alignnone wp-image-4788 size-large\" src=\"https:\/\/agora.xtec.cat\/ceip-marti-poch\/wp-content\/uploads\/usu1040\/2021\/03\/99-1024x768.jpg\" alt=\"\" width=\"1024\" height=\"768\" srcset=\"https:\/\/agora.xtec.cat\/ceip-marti-poch\/wp-content\/uploads\/usu1040\/2021\/03\/99-1024x768.jpg 1024w, https:\/\/agora.xtec.cat\/ceip-marti-poch\/wp-content\/uploads\/usu1040\/2021\/03\/99-300x225.jpg 300w, https:\/\/agora.xtec.cat\/ceip-marti-poch\/wp-content\/uploads\/usu1040\/2021\/03\/99-768x576.jpg 768w, https:\/\/agora.xtec.cat\/ceip-marti-poch\/wp-content\/uploads\/usu1040\/2021\/03\/99-200x150.jpg 200w, https:\/\/agora.xtec.cat\/ceip-marti-poch\/wp-content\/uploads\/usu1040\/2021\/03\/99.jpg 1120w\" sizes=\"auto, (max-width: 1024px) 100vw, 1024px\" \/><\/p>\n","protected":false},"excerpt":{"rendered":"<p>L\u2019Escola Mart\u00ed Poch ha realitzat un recorregut per les fonts de l\u2019Espluga de Francol\u00ed per commemorar<br \/>\nel Dia Mundial de la Poesia i el Dia Mundial de l\u2019Aigua.<\/p>\n<p>Els infants de l&#8217;escola des de P3 a 6\u00e8, han realitzat diferents recorreguts per con\u00e8ixer les fonts de&hellip;  <a href=\"https:\/\/agora.xtec.cat\/ceip-marti-poch\/general\/dia-mundial-de-la-poesia-i-dia-mundial-de-laigua\/\" title=\"Read DIA MUNDIAL DE LA POESIA I DIA MUNDIAL DE L\u2019AIGUA\">Llegeix m\u00e9s\u00bb<\/a><\/p>\n","protected":false},"author":3,"featured_media":4792,"comment_status":"open","ping_status":"closed","sticky":false,"template":"","format":"standard","meta":{"_bbp_topic_count":0,"_bbp_reply_count":0,"_bbp_total_topic_count":0,"_bbp_total_reply_count":0,"_bbp_voice_count":0,"_bbp_anonymous_reply_count":0,"_bbp_topic_count_hidden":0,"_bbp_reply_count_hidden":0,"_bbp_forum_subforum_count":0,"footnotes":""},"categories":[10,11,12,13,14,15,72,60,1,3,8,9,2,150,4,5,61,74,91],"tags":[143,152,147,62,153,146,160],"class_list":["post-4773","post","type-post","status-publish","format-standard","has-post-thumbnail","hentry","category-1r","category-2n","category-3r","category-4t","category-5e","category-6e","category-biblioteca-jv","category-escoles-verdes","category-general","category-i3","category-i4","category-i5","category-infantil","category-natura","category-portada","category-primaria","category-projecte-interdisciplinar","category-projectes","category-sortides","tag-biblioteca","tag-bjv","tag-escoles-verdes","tag-lectura","tag-llegir","tag-natura","tag-sostenibilitat"],"post_mailing_queue_ids":[],"_links":{"self":[{"href":"https:\/\/agora.xtec.cat\/ceip-marti-poch\/wp-json\/wp\/v2\/posts\/4773","targetHints":{"allow":["GET"]}}],"collection":[{"href":"https:\/\/agora.xtec.cat\/ceip-marti-poch\/wp-json\/wp\/v2\/posts"}],"about":[{"href":"https:\/\/agora.xtec.cat\/ceip-marti-poch\/wp-json\/wp\/v2\/types\/post"}],"author":[{"embeddable":true,"href":"https:\/\/agora.xtec.cat\/ceip-marti-poch\/wp-json\/wp\/v2\/users\/3"}],"replies":[{"embeddable":true,"href":"https:\/\/agora.xtec.cat\/ceip-marti-poch\/wp-json\/wp\/v2\/comments?post=4773"}],"version-history":[{"count":4,"href":"https:\/\/agora.xtec.cat\/ceip-marti-poch\/wp-json\/wp\/v2\/posts\/4773\/revisions"}],"predecessor-version":[{"id":4802,"href":"https:\/\/agora.xtec.cat\/ceip-marti-poch\/wp-json\/wp\/v2\/posts\/4773\/revisions\/4802"}],"wp:featuredmedia":[{"embeddable":true,"href":"https:\/\/agora.xtec.cat\/ceip-marti-poch\/wp-json\/wp\/v2\/media\/4792"}],"wp:attachment":[{"href":"https:\/\/agora.xtec.cat\/ceip-marti-poch\/wp-json\/wp\/v2\/media?parent=4773"}],"wp:term":[{"taxonomy":"category","embeddable":true,"href":"https:\/\/agora.xtec.cat\/ceip-marti-poch\/wp-json\/wp\/v2\/categories?post=4773"},{"taxonomy":"post_tag","embeddable":true,"href":"https:\/\/agora.xtec.cat\/ceip-marti-poch\/wp-json\/wp\/v2\/tags?post=4773"}],"curies":[{"name":"wp","href":"https:\/\/api.w.org\/{rel}","templated":true}]}}