{"id":4663,"date":"2021-03-04T15:49:18","date_gmt":"2021-03-04T14:49:18","guid":{"rendered":"http:\/\/agora.xtec.cat\/ceip-marti-poch\/?p=4663"},"modified":"2021-03-04T20:20:47","modified_gmt":"2021-03-04T19:20:47","slug":"una-bonica-jornada-daprenentatge-i-convivencia-a-plena-natura-dels-infants-deducacio-infantil-gracies-al-pnin-cel-rogent","status":"publish","type":"post","link":"https:\/\/agora.xtec.cat\/ceip-marti-poch\/general\/una-bonica-jornada-daprenentatge-i-convivencia-a-plena-natura-dels-infants-deducacio-infantil-gracies-al-pnin-cel-rogent\/","title":{"rendered":"UNA BONICA JORNADA D&#8217;APRENENTATGE I CONVIV\u00c8NCIA A PLENA NATURA  GR\u00c0CIES AL PNIN I CEL ROGENT. EDUCACI\u00d3 INFANTIL"},"content":{"rendered":"<p style=\"text-align: justify;\">La Marta, guia del Cel Rogent, ens ha portat de <strong>ruta pels boscos de l&#8217;Espluga de Francol\u00ed.<\/strong> Al llarg del cam\u00ed d&#8217;aproximadament 2 quil\u00f2metres entorn el cam\u00ed de la cometa hem descobert molts secrets que s&#8217;amaguen al bell mig del bosc!<\/p>\n<p><img loading=\"lazy\" decoding=\"async\" class=\"alignnone size-large wp-image-4664\" src=\"https:\/\/agora.xtec.cat\/ceip-marti-poch\/wp-content\/uploads\/usu1040\/2021\/03\/20210302_095503-1024x576.jpg\" alt=\"\" width=\"1024\" height=\"576\" srcset=\"https:\/\/agora.xtec.cat\/ceip-marti-poch\/wp-content\/uploads\/usu1040\/2021\/03\/20210302_095503-1024x576.jpg 1024w, https:\/\/agora.xtec.cat\/ceip-marti-poch\/wp-content\/uploads\/usu1040\/2021\/03\/20210302_095503-300x169.jpg 300w, https:\/\/agora.xtec.cat\/ceip-marti-poch\/wp-content\/uploads\/usu1040\/2021\/03\/20210302_095503-768x432.jpg 768w, https:\/\/agora.xtec.cat\/ceip-marti-poch\/wp-content\/uploads\/usu1040\/2021\/03\/20210302_095503.jpg 1280w\" sizes=\"auto, (max-width: 1024px) 100vw, 1024px\" \/><\/p>\n<p style=\"text-align: justify;\">Amb molta cura ens ha preparat <strong>tot un seguit de propostes relacionades amb la flora i la fauna<\/strong>. Hem apr\u00e8s a recon\u00e8ixer el cant dels ocells que viuen a la zona, hem elaborat una paleta de colors amb elements naturals que ens trobem al bosc, i a trav\u00e9s del joc tamb\u00e9 s&#8217;ha descobert quins animals podem trobar-hi i ens hem interessat per saber qu\u00e8 mengen i com viuen.<\/p>\n<p><img loading=\"lazy\" decoding=\"async\" class=\"alignnone size-large wp-image-4665\" src=\"https:\/\/agora.xtec.cat\/ceip-marti-poch\/wp-content\/uploads\/usu1040\/2021\/03\/24372de0-60d4-4c6f-a6ae-115a509ccbae-2-1024x768.jpg\" alt=\"\" width=\"1024\" height=\"768\" srcset=\"https:\/\/agora.xtec.cat\/ceip-marti-poch\/wp-content\/uploads\/usu1040\/2021\/03\/24372de0-60d4-4c6f-a6ae-115a509ccbae-2-1024x768.jpg 1024w, https:\/\/agora.xtec.cat\/ceip-marti-poch\/wp-content\/uploads\/usu1040\/2021\/03\/24372de0-60d4-4c6f-a6ae-115a509ccbae-2-300x225.jpg 300w, https:\/\/agora.xtec.cat\/ceip-marti-poch\/wp-content\/uploads\/usu1040\/2021\/03\/24372de0-60d4-4c6f-a6ae-115a509ccbae-2-768x576.jpg 768w, https:\/\/agora.xtec.cat\/ceip-marti-poch\/wp-content\/uploads\/usu1040\/2021\/03\/24372de0-60d4-4c6f-a6ae-115a509ccbae-2-200x150.jpg 200w, https:\/\/agora.xtec.cat\/ceip-marti-poch\/wp-content\/uploads\/usu1040\/2021\/03\/24372de0-60d4-4c6f-a6ae-115a509ccbae-2.jpg 1600w\" sizes=\"auto, (max-width: 1024px) 100vw, 1024px\" \/><\/p>\n<p><img loading=\"lazy\" decoding=\"async\" class=\"alignnone size-large wp-image-4668\" src=\"https:\/\/agora.xtec.cat\/ceip-marti-poch\/wp-content\/uploads\/usu1040\/2021\/03\/20210302_101521-1024x576.jpg\" alt=\"\" width=\"1024\" height=\"576\" srcset=\"https:\/\/agora.xtec.cat\/ceip-marti-poch\/wp-content\/uploads\/usu1040\/2021\/03\/20210302_101521-1024x576.jpg 1024w, https:\/\/agora.xtec.cat\/ceip-marti-poch\/wp-content\/uploads\/usu1040\/2021\/03\/20210302_101521-300x169.jpg 300w, https:\/\/agora.xtec.cat\/ceip-marti-poch\/wp-content\/uploads\/usu1040\/2021\/03\/20210302_101521-768x432.jpg 768w, https:\/\/agora.xtec.cat\/ceip-marti-poch\/wp-content\/uploads\/usu1040\/2021\/03\/20210302_101521.jpg 1341w\" sizes=\"auto, (max-width: 1024px) 100vw, 1024px\" \/><\/p>\n<p style=\"text-align: justify;\">A trav\u00e9s d&#8217;una mascota d&#8217;un esquirol tamb\u00e9 hem classificat per colors els diversos elements de la natura: <strong>floretes, fulles de diverses plantes i arbustos, hem olorat el roman\u00ed i la farigola, hem vist diversos tipus d&#8217;arbres, hem descobert que podem trobar-hi molt i petits cargolets.<\/strong><\/p>\n<p><img loading=\"lazy\" decoding=\"async\" class=\"alignnone size-large wp-image-4666\" src=\"https:\/\/agora.xtec.cat\/ceip-marti-poch\/wp-content\/uploads\/usu1040\/2021\/03\/IMG_6812-1024x768.jpg\" alt=\"\" width=\"1024\" height=\"768\" srcset=\"https:\/\/agora.xtec.cat\/ceip-marti-poch\/wp-content\/uploads\/usu1040\/2021\/03\/IMG_6812-1024x768.jpg 1024w, https:\/\/agora.xtec.cat\/ceip-marti-poch\/wp-content\/uploads\/usu1040\/2021\/03\/IMG_6812-300x225.jpg 300w, https:\/\/agora.xtec.cat\/ceip-marti-poch\/wp-content\/uploads\/usu1040\/2021\/03\/IMG_6812-768x576.jpg 768w, https:\/\/agora.xtec.cat\/ceip-marti-poch\/wp-content\/uploads\/usu1040\/2021\/03\/IMG_6812-200x150.jpg 200w, https:\/\/agora.xtec.cat\/ceip-marti-poch\/wp-content\/uploads\/usu1040\/2021\/03\/IMG_6812.jpg 1280w\" sizes=\"auto, (max-width: 1024px) 100vw, 1024px\" \/><\/p>\n<p><img loading=\"lazy\" decoding=\"async\" class=\"alignnone size-large wp-image-4670\" src=\"https:\/\/agora.xtec.cat\/ceip-marti-poch\/wp-content\/uploads\/usu1040\/2021\/03\/20210302_092536-1024x576.jpg\" alt=\"\" width=\"1024\" height=\"576\" srcset=\"https:\/\/agora.xtec.cat\/ceip-marti-poch\/wp-content\/uploads\/usu1040\/2021\/03\/20210302_092536-1024x576.jpg 1024w, https:\/\/agora.xtec.cat\/ceip-marti-poch\/wp-content\/uploads\/usu1040\/2021\/03\/20210302_092536-300x169.jpg 300w, https:\/\/agora.xtec.cat\/ceip-marti-poch\/wp-content\/uploads\/usu1040\/2021\/03\/20210302_092536-768x432.jpg 768w, https:\/\/agora.xtec.cat\/ceip-marti-poch\/wp-content\/uploads\/usu1040\/2021\/03\/20210302_092536.jpg 1341w\" sizes=\"auto, (max-width: 1024px) 100vw, 1024px\" \/><\/p>\n<p><img loading=\"lazy\" decoding=\"async\" class=\"alignnone size-large wp-image-4667\" src=\"https:\/\/agora.xtec.cat\/ceip-marti-poch\/wp-content\/uploads\/usu1040\/2021\/03\/IMG_6834-1024x768.jpg\" alt=\"\" width=\"1024\" height=\"768\" srcset=\"https:\/\/agora.xtec.cat\/ceip-marti-poch\/wp-content\/uploads\/usu1040\/2021\/03\/IMG_6834-1024x768.jpg 1024w, https:\/\/agora.xtec.cat\/ceip-marti-poch\/wp-content\/uploads\/usu1040\/2021\/03\/IMG_6834-300x225.jpg 300w, https:\/\/agora.xtec.cat\/ceip-marti-poch\/wp-content\/uploads\/usu1040\/2021\/03\/IMG_6834-768x576.jpg 768w, https:\/\/agora.xtec.cat\/ceip-marti-poch\/wp-content\/uploads\/usu1040\/2021\/03\/IMG_6834-200x150.jpg 200w, https:\/\/agora.xtec.cat\/ceip-marti-poch\/wp-content\/uploads\/usu1040\/2021\/03\/IMG_6834.jpg 1280w\" sizes=\"auto, (max-width: 1024px) 100vw, 1024px\" \/><\/p>\n<p style=\"text-align: justify;\">Finalitzem la sortida amb una <strong>creaci\u00f3 art\u00edstica conjunta inspirada amb l\u2019obra de Palau Ferr\u00e9<\/strong> que ens ensenya a estimar, respectar i cuidar el nostre entorn. <strong>Descobrim que vivim en un entorn privilegiat envoltats d&#8217;una fant\u00e0stica naturalesa.<\/strong>\u00a0<img loading=\"lazy\" decoding=\"async\" class=\"alignnone size-large wp-image-4671\" src=\"https:\/\/agora.xtec.cat\/ceip-marti-poch\/wp-content\/uploads\/usu1040\/2021\/03\/58041568-7ecc-4f2b-a6bb-69522dcead38-1024x768.jpg\" alt=\"\" width=\"1024\" height=\"768\" srcset=\"https:\/\/agora.xtec.cat\/ceip-marti-poch\/wp-content\/uploads\/usu1040\/2021\/03\/58041568-7ecc-4f2b-a6bb-69522dcead38-1024x768.jpg 1024w, https:\/\/agora.xtec.cat\/ceip-marti-poch\/wp-content\/uploads\/usu1040\/2021\/03\/58041568-7ecc-4f2b-a6bb-69522dcead38-300x225.jpg 300w, https:\/\/agora.xtec.cat\/ceip-marti-poch\/wp-content\/uploads\/usu1040\/2021\/03\/58041568-7ecc-4f2b-a6bb-69522dcead38-768x576.jpg 768w, https:\/\/agora.xtec.cat\/ceip-marti-poch\/wp-content\/uploads\/usu1040\/2021\/03\/58041568-7ecc-4f2b-a6bb-69522dcead38-200x150.jpg 200w, https:\/\/agora.xtec.cat\/ceip-marti-poch\/wp-content\/uploads\/usu1040\/2021\/03\/58041568-7ecc-4f2b-a6bb-69522dcead38.jpg 1600w\" sizes=\"auto, (max-width: 1024px) 100vw, 1024px\" \/><\/p>\n<p><img loading=\"lazy\" decoding=\"async\" class=\"alignnone size-full wp-image-4669\" src=\"https:\/\/agora.xtec.cat\/ceip-marti-poch\/wp-content\/uploads\/usu1040\/2021\/03\/IMG_6876.jpg\" alt=\"\" width=\"1005\" height=\"754\" srcset=\"https:\/\/agora.xtec.cat\/ceip-marti-poch\/wp-content\/uploads\/usu1040\/2021\/03\/IMG_6876.jpg 1005w, https:\/\/agora.xtec.cat\/ceip-marti-poch\/wp-content\/uploads\/usu1040\/2021\/03\/IMG_6876-300x225.jpg 300w, https:\/\/agora.xtec.cat\/ceip-marti-poch\/wp-content\/uploads\/usu1040\/2021\/03\/IMG_6876-768x576.jpg 768w, https:\/\/agora.xtec.cat\/ceip-marti-poch\/wp-content\/uploads\/usu1040\/2021\/03\/IMG_6876-200x150.jpg 200w\" sizes=\"auto, (max-width: 1005px) 100vw, 1005px\" \/><\/p>\n<h5 style=\"text-align: center;\"><strong>Els nens i nenes d&#8217;educaci\u00f3 infantil han gaudit\u00a0<\/strong><strong>d&#8217;una bonica jornada d\u2019aprenentatge i conviv\u00e8ncia a la natura gr\u00e0cies al PNIN i Cel Rogent.<\/strong><\/h5>\n<p><img loading=\"lazy\" decoding=\"async\" class=\"alignnone size-full wp-image-4672\" src=\"https:\/\/agora.xtec.cat\/ceip-marti-poch\/wp-content\/uploads\/usu1040\/2021\/03\/IMG_6780.jpg\" alt=\"\" width=\"1005\" height=\"754\" srcset=\"https:\/\/agora.xtec.cat\/ceip-marti-poch\/wp-content\/uploads\/usu1040\/2021\/03\/IMG_6780.jpg 1005w, https:\/\/agora.xtec.cat\/ceip-marti-poch\/wp-content\/uploads\/usu1040\/2021\/03\/IMG_6780-300x225.jpg 300w, https:\/\/agora.xtec.cat\/ceip-marti-poch\/wp-content\/uploads\/usu1040\/2021\/03\/IMG_6780-768x576.jpg 768w, https:\/\/agora.xtec.cat\/ceip-marti-poch\/wp-content\/uploads\/usu1040\/2021\/03\/IMG_6780-200x150.jpg 200w\" sizes=\"auto, (max-width: 1005px) 100vw, 1005px\" \/><\/p>\n<p>&nbsp;<\/p>\n","protected":false},"excerpt":{"rendered":"<p>La Marta, guia del Cel Rogent, ens ha portat de ruta pels boscos de l&#8217;Espluga de Francol\u00ed. Al llarg del cam\u00ed d&#8217;aproximadament 2 quil\u00f2metres entorn el cam\u00ed de la cometa hem descobert molts secrets que s&#8217;amaguen al bell mig del bosc!<\/p>\n<p>Amb molta cura ens ha&hellip;  <a href=\"https:\/\/agora.xtec.cat\/ceip-marti-poch\/general\/una-bonica-jornada-daprenentatge-i-convivencia-a-plena-natura-dels-infants-deducacio-infantil-gracies-al-pnin-cel-rogent\/\" title=\"Read UNA BONICA JORNADA D&#8217;APRENENTATGE I CONVIV\u00c8NCIA A PLENA NATURA  GR\u00c0CIES AL PNIN I CEL ROGENT. EDUCACI\u00d3 INFANTIL\">Llegeix m\u00e9s\u00bb<\/a><\/p>\n","protected":false},"author":4,"featured_media":4672,"comment_status":"open","ping_status":"closed","sticky":false,"template":"","format":"standard","meta":{"_bbp_topic_count":0,"_bbp_reply_count":0,"_bbp_total_topic_count":0,"_bbp_total_reply_count":0,"_bbp_voice_count":0,"_bbp_anonymous_reply_count":0,"_bbp_topic_count_hidden":0,"_bbp_reply_count_hidden":0,"_bbp_forum_subforum_count":0,"footnotes":""},"categories":[157,165,60,1,3,8,9,2,150,89,164,4,69,61,74,91],"tags":[65,132,147,87,62,146,158,17,64,16],"class_list":["post-4663","post","type-post","status-publish","format-standard","has-post-thumbnail","hentry","category-any-palau-ferre","category-ciencies","category-escoles-verdes","category-general","category-i3","category-i4","category-i5","category-infantil","category-natura","category-plastica","category-pnin","category-portada","category-projecte-de-convivencia","category-projecte-interdisciplinar","category-projectes","category-sortides","tag-art","tag-escola-verda","tag-escoles-verdes","tag-expressio-oral","tag-lectura","tag-natura","tag-palau-ferre","tag-plastica","tag-projectes","tag-sortides"],"post_mailing_queue_ids":[],"_links":{"self":[{"href":"https:\/\/agora.xtec.cat\/ceip-marti-poch\/wp-json\/wp\/v2\/posts\/4663","targetHints":{"allow":["GET"]}}],"collection":[{"href":"https:\/\/agora.xtec.cat\/ceip-marti-poch\/wp-json\/wp\/v2\/posts"}],"about":[{"href":"https:\/\/agora.xtec.cat\/ceip-marti-poch\/wp-json\/wp\/v2\/types\/post"}],"author":[{"embeddable":true,"href":"https:\/\/agora.xtec.cat\/ceip-marti-poch\/wp-json\/wp\/v2\/users\/4"}],"replies":[{"embeddable":true,"href":"https:\/\/agora.xtec.cat\/ceip-marti-poch\/wp-json\/wp\/v2\/comments?post=4663"}],"version-history":[{"count":3,"href":"https:\/\/agora.xtec.cat\/ceip-marti-poch\/wp-json\/wp\/v2\/posts\/4663\/revisions"}],"predecessor-version":[{"id":4680,"href":"https:\/\/agora.xtec.cat\/ceip-marti-poch\/wp-json\/wp\/v2\/posts\/4663\/revisions\/4680"}],"wp:featuredmedia":[{"embeddable":true,"href":"https:\/\/agora.xtec.cat\/ceip-marti-poch\/wp-json\/wp\/v2\/media\/4672"}],"wp:attachment":[{"href":"https:\/\/agora.xtec.cat\/ceip-marti-poch\/wp-json\/wp\/v2\/media?parent=4663"}],"wp:term":[{"taxonomy":"category","embeddable":true,"href":"https:\/\/agora.xtec.cat\/ceip-marti-poch\/wp-json\/wp\/v2\/categories?post=4663"},{"taxonomy":"post_tag","embeddable":true,"href":"https:\/\/agora.xtec.cat\/ceip-marti-poch\/wp-json\/wp\/v2\/tags?post=4663"}],"curies":[{"name":"wp","href":"https:\/\/api.w.org\/{rel}","templated":true}]}}