{"id":4444,"date":"2021-01-27T21:08:19","date_gmt":"2021-01-27T20:08:19","guid":{"rendered":"http:\/\/agora.xtec.cat\/ceip-marti-poch\/?p=4444"},"modified":"2021-02-05T15:26:21","modified_gmt":"2021-02-05T14:26:21","slug":"projecte-artistic-de-lescola-marti-poch-any-palau-ferre-2021-educacio-infantil-exposa-les-seves-creacions-artistiques","status":"publish","type":"post","link":"https:\/\/agora.xtec.cat\/ceip-marti-poch\/general\/projecte-artistic-de-lescola-marti-poch-any-palau-ferre-2021-educacio-infantil-exposa-les-seves-creacions-artistiques\/","title":{"rendered":"PROJECTE ART\u00cdSTIC DE L&#8217;ESCOLA MART\u00cd POCH. ANY PALAU FERR\u00c9 2021. EDUCACI\u00d3 INFANTIL EXPOSA LES SEVES CREACIONS ART\u00cdSTIQUES"},"content":{"rendered":"<h4 style=\"text-align: center;\"><strong>PROJECTE ART\u00cdSTIC DE L&#8217;ESCOLA MART\u00cd POCH<\/strong><\/h4>\n<p style=\"text-align: center;\"><strong>MATIES PALAU FERR\u00c9. PINTOR, ESCULTOR I CERAMISTA<\/strong><\/p>\n<p style=\"text-align: center;\">EDUCACI\u00d3 INFANTIL EXPOSA LES SEVES CREACIONS A L&#8217;ENTRADA DE L&#8217;ESCOLA<\/p>\n<hr \/>\n<p style=\"text-align: justify;\">\u00a0\u00a0\u00a0\u00a0<img loading=\"lazy\" decoding=\"async\" class=\"alignnone size-large wp-image-4450\" src=\"https:\/\/agora.xtec.cat\/ceip-marti-poch\/wp-content\/uploads\/usu1040\/2021\/01\/tempImagezo1s7n-1024x768.jpg\" alt=\"\" width=\"1024\" height=\"768\" srcset=\"https:\/\/agora.xtec.cat\/ceip-marti-poch\/wp-content\/uploads\/usu1040\/2021\/01\/tempImagezo1s7n.jpg 1024w, https:\/\/agora.xtec.cat\/ceip-marti-poch\/wp-content\/uploads\/usu1040\/2021\/01\/tempImagezo1s7n-300x225.jpg 300w, https:\/\/agora.xtec.cat\/ceip-marti-poch\/wp-content\/uploads\/usu1040\/2021\/01\/tempImagezo1s7n-768x576.jpg 768w, https:\/\/agora.xtec.cat\/ceip-marti-poch\/wp-content\/uploads\/usu1040\/2021\/01\/tempImagezo1s7n-200x150.jpg 200w\" sizes=\"auto, (max-width: 1024px) 100vw, 1024px\" \/><\/p>\n<p style=\"text-align: justify;\">A trav\u00e9s de la visualitzaci\u00f3 de diversos quadres de l&#8217;artista anem descobrint <strong>els elements que dibuixava<\/strong>, les tem\u00e0tiques m\u00e9s destacades, les t\u00e8cniques que utilitzava, on vivia, quins colors utilitzava, quines lletres tenia el seu nom&#8230;<\/p>\n<p style=\"text-align: center;\"><img loading=\"lazy\" decoding=\"async\" class=\"alignnone size-large wp-image-4455\" src=\"https:\/\/agora.xtec.cat\/ceip-marti-poch\/wp-content\/uploads\/usu1040\/2021\/01\/tempImageLv82IO-1024x573.jpg\" alt=\"\" width=\"1024\" height=\"573\" srcset=\"https:\/\/agora.xtec.cat\/ceip-marti-poch\/wp-content\/uploads\/usu1040\/2021\/01\/tempImageLv82IO.jpg 1024w, https:\/\/agora.xtec.cat\/ceip-marti-poch\/wp-content\/uploads\/usu1040\/2021\/01\/tempImageLv82IO-300x168.jpg 300w, https:\/\/agora.xtec.cat\/ceip-marti-poch\/wp-content\/uploads\/usu1040\/2021\/01\/tempImageLv82IO-768x430.jpg 768w\" sizes=\"auto, (max-width: 1024px) 100vw, 1024px\" \/><\/p>\n<p style=\"text-align: justify;\">Aquest llibre exposat \u00e9s una recull de dibuixos de tots els infants d&#8217;educaci\u00f3 infantil previs a con\u00e8ixer l&#8217;artista. <strong>Com ens imaginem que era?<\/strong>\u00a0Parlem-ne! Dibuixem! i&#8230; despr\u00e9s descobrim com era!<\/p>\n<p><img loading=\"lazy\" decoding=\"async\" class=\"size-large wp-image-4454 aligncenter\" src=\"https:\/\/agora.xtec.cat\/ceip-marti-poch\/wp-content\/uploads\/usu1040\/2021\/01\/tempImageZUrGXe-768x1024.jpg\" alt=\"\" width=\"768\" height=\"1024\" srcset=\"https:\/\/agora.xtec.cat\/ceip-marti-poch\/wp-content\/uploads\/usu1040\/2021\/01\/tempImageZUrGXe.jpg 768w, https:\/\/agora.xtec.cat\/ceip-marti-poch\/wp-content\/uploads\/usu1040\/2021\/01\/tempImageZUrGXe-225x300.jpg 225w\" sizes=\"auto, (max-width: 768px) 100vw, 768px\" \/><\/p>\n<p style=\"text-align: justify;\"><strong>Les capses tem\u00e0tiques!<\/strong> Palau Ferr\u00e9 dibuixava entorn a 12 tem\u00e0tiques. Aquestes estan recollides en unes capses de cartr\u00f3, cada cara fa refer\u00e8ncia a un tema. Tamb\u00e9 hi trobem informaci\u00f3 general de l&#8217;artista, el seu nom, el logo, la seva foto i dels seus familiars. Entre els infants, anem descobrint qu\u00e8 li agradava dibuixar a Palau Ferr\u00e9 i ho compartim!<\/p>\n<p><img loading=\"lazy\" decoding=\"async\" class=\"size-large wp-image-4452 aligncenter\" src=\"https:\/\/agora.xtec.cat\/ceip-marti-poch\/wp-content\/uploads\/usu1040\/2021\/01\/tempImage8wKREr-768x1024.jpg\" alt=\"\" width=\"768\" height=\"1024\" srcset=\"https:\/\/agora.xtec.cat\/ceip-marti-poch\/wp-content\/uploads\/usu1040\/2021\/01\/tempImage8wKREr.jpg 768w, https:\/\/agora.xtec.cat\/ceip-marti-poch\/wp-content\/uploads\/usu1040\/2021\/01\/tempImage8wKREr-225x300.jpg 225w\" sizes=\"auto, (max-width: 768px) 100vw, 768px\" \/><\/p>\n<p style=\"text-align: center;\"><strong>Interactuem amb les l\u00ednies de l&#8217;artista!<\/strong> Objectiu: posar el dit a l&#8217;inici i seguir la l\u00ednia fins al final<\/p>\n<p><img loading=\"lazy\" decoding=\"async\" class=\"size-large wp-image-4446 aligncenter\" src=\"https:\/\/agora.xtec.cat\/ceip-marti-poch\/wp-content\/uploads\/usu1040\/2021\/01\/tempImage1D3jtG-768x1024.jpg\" alt=\"\" width=\"768\" height=\"1024\" srcset=\"https:\/\/agora.xtec.cat\/ceip-marti-poch\/wp-content\/uploads\/usu1040\/2021\/01\/tempImage1D3jtG.jpg 768w, https:\/\/agora.xtec.cat\/ceip-marti-poch\/wp-content\/uploads\/usu1040\/2021\/01\/tempImage1D3jtG-225x300.jpg 225w\" sizes=\"auto, (max-width: 768px) 100vw, 768px\" \/><\/p>\n<p style=\"text-align: justify;\">Creem <strong>elements representatius de les seves obres:<\/strong> flors, peixos, gerros, muralles, persones, fruites, rius, gira-sols, terres de cultiu, coloms, trens&#8230; amb <strong>materials i objectes reciclats!\u00a0<\/strong><\/p>\n<p><img loading=\"lazy\" decoding=\"async\" class=\"alignnone size-large wp-image-4445\" src=\"https:\/\/agora.xtec.cat\/ceip-marti-poch\/wp-content\/uploads\/usu1040\/2021\/01\/20210122_152958-1024x576.jpg\" alt=\"\" width=\"1024\" height=\"576\" srcset=\"https:\/\/agora.xtec.cat\/ceip-marti-poch\/wp-content\/uploads\/usu1040\/2021\/01\/20210122_152958.jpg 1024w, https:\/\/agora.xtec.cat\/ceip-marti-poch\/wp-content\/uploads\/usu1040\/2021\/01\/20210122_152958-300x169.jpg 300w, https:\/\/agora.xtec.cat\/ceip-marti-poch\/wp-content\/uploads\/usu1040\/2021\/01\/20210122_152958-768x432.jpg 768w\" sizes=\"auto, (max-width: 1024px) 100vw, 1024px\" \/><\/p>\n<p><img loading=\"lazy\" decoding=\"async\" class=\"alignnone size-large wp-image-4449\" src=\"https:\/\/agora.xtec.cat\/ceip-marti-poch\/wp-content\/uploads\/usu1040\/2021\/01\/tempImagekXo8w8-1024x768.jpg\" alt=\"\" width=\"1024\" height=\"768\" srcset=\"https:\/\/agora.xtec.cat\/ceip-marti-poch\/wp-content\/uploads\/usu1040\/2021\/01\/tempImagekXo8w8.jpg 1024w, https:\/\/agora.xtec.cat\/ceip-marti-poch\/wp-content\/uploads\/usu1040\/2021\/01\/tempImagekXo8w8-300x225.jpg 300w, https:\/\/agora.xtec.cat\/ceip-marti-poch\/wp-content\/uploads\/usu1040\/2021\/01\/tempImagekXo8w8-768x576.jpg 768w, https:\/\/agora.xtec.cat\/ceip-marti-poch\/wp-content\/uploads\/usu1040\/2021\/01\/tempImagekXo8w8-200x150.jpg 200w\" sizes=\"auto, (max-width: 1024px) 100vw, 1024px\" \/><\/p>\n<p><img loading=\"lazy\" decoding=\"async\" class=\"alignnone size-large wp-image-4461\" src=\"https:\/\/agora.xtec.cat\/ceip-marti-poch\/wp-content\/uploads\/usu1040\/2021\/01\/RNFetchBlobTmp_dca73euflo48q8x97732v-1024x644.jpg\" alt=\"\" width=\"1024\" height=\"644\" srcset=\"https:\/\/agora.xtec.cat\/ceip-marti-poch\/wp-content\/uploads\/usu1040\/2021\/01\/RNFetchBlobTmp_dca73euflo48q8x97732v.jpg 1024w, https:\/\/agora.xtec.cat\/ceip-marti-poch\/wp-content\/uploads\/usu1040\/2021\/01\/RNFetchBlobTmp_dca73euflo48q8x97732v-300x189.jpg 300w, https:\/\/agora.xtec.cat\/ceip-marti-poch\/wp-content\/uploads\/usu1040\/2021\/01\/RNFetchBlobTmp_dca73euflo48q8x97732v-768x483.jpg 768w\" sizes=\"auto, (max-width: 1024px) 100vw, 1024px\" \/><\/p>\n<p><strong>El pintor que cremava els seus quadres.<\/strong> Un mural representatiu dels 10 anys que va estar cremant les seves obres d&#8217;art!<\/p>\n<p><img loading=\"lazy\" decoding=\"async\" class=\"alignnone size-large wp-image-4453\" src=\"https:\/\/agora.xtec.cat\/ceip-marti-poch\/wp-content\/uploads\/usu1040\/2021\/01\/tempImagedYE6F6-1024x768.jpg\" alt=\"\" width=\"1024\" height=\"768\" srcset=\"https:\/\/agora.xtec.cat\/ceip-marti-poch\/wp-content\/uploads\/usu1040\/2021\/01\/tempImagedYE6F6.jpg 1024w, https:\/\/agora.xtec.cat\/ceip-marti-poch\/wp-content\/uploads\/usu1040\/2021\/01\/tempImagedYE6F6-300x225.jpg 300w, https:\/\/agora.xtec.cat\/ceip-marti-poch\/wp-content\/uploads\/usu1040\/2021\/01\/tempImagedYE6F6-768x576.jpg 768w, https:\/\/agora.xtec.cat\/ceip-marti-poch\/wp-content\/uploads\/usu1040\/2021\/01\/tempImagedYE6F6-200x150.jpg 200w\" sizes=\"auto, (max-width: 1024px) 100vw, 1024px\" \/><\/p>\n<p>Un projecte engrescador que els infants <strong>animen a les seves fam\u00edlies a fer d&#8217;artistes<\/strong>! Ho porten i ho comparteixen!<\/p>\n<p><img loading=\"lazy\" decoding=\"async\" class=\"alignnone size-large wp-image-4456\" src=\"https:\/\/agora.xtec.cat\/ceip-marti-poch\/wp-content\/uploads\/usu1040\/2021\/01\/tempImageX6XObH-1024x768.jpg\" alt=\"\" width=\"1024\" height=\"768\" srcset=\"https:\/\/agora.xtec.cat\/ceip-marti-poch\/wp-content\/uploads\/usu1040\/2021\/01\/tempImageX6XObH.jpg 1024w, https:\/\/agora.xtec.cat\/ceip-marti-poch\/wp-content\/uploads\/usu1040\/2021\/01\/tempImageX6XObH-300x225.jpg 300w, https:\/\/agora.xtec.cat\/ceip-marti-poch\/wp-content\/uploads\/usu1040\/2021\/01\/tempImageX6XObH-768x576.jpg 768w, https:\/\/agora.xtec.cat\/ceip-marti-poch\/wp-content\/uploads\/usu1040\/2021\/01\/tempImageX6XObH-200x150.jpg 200w\" sizes=\"auto, (max-width: 1024px) 100vw, 1024px\" \/><\/p>\n<p><img loading=\"lazy\" decoding=\"async\" class=\"size-large wp-image-4451 aligncenter\" src=\"https:\/\/agora.xtec.cat\/ceip-marti-poch\/wp-content\/uploads\/usu1040\/2021\/01\/tempImageiHyILj-768x1024.jpg\" alt=\"\" width=\"768\" height=\"1024\" srcset=\"https:\/\/agora.xtec.cat\/ceip-marti-poch\/wp-content\/uploads\/usu1040\/2021\/01\/tempImageiHyILj.jpg 768w, https:\/\/agora.xtec.cat\/ceip-marti-poch\/wp-content\/uploads\/usu1040\/2021\/01\/tempImageiHyILj-225x300.jpg 225w\" sizes=\"auto, (max-width: 768px) 100vw, 768px\" \/><\/p>\n<h3 style=\"text-align: center;\"><strong>Seguim aprenent de l&#8217;artista Maties Palau Ferr\u00e9!<\/strong><\/h3>\n<h2 style=\"text-align: center;\"><strong>ART, SOLIDARITAT I VALORS!<\/strong><\/h2>\n<p><img loading=\"lazy\" decoding=\"async\" class=\"size-full wp-image-4457 aligncenter\" src=\"https:\/\/agora.xtec.cat\/ceip-marti-poch\/wp-content\/uploads\/usu1040\/2021\/01\/Captura-de-Pantalla-2021-01-27-a-les-21.01.28.png\" alt=\"\" width=\"505\" height=\"343\" srcset=\"https:\/\/agora.xtec.cat\/ceip-marti-poch\/wp-content\/uploads\/usu1040\/2021\/01\/Captura-de-Pantalla-2021-01-27-a-les-21.01.28.png 505w, https:\/\/agora.xtec.cat\/ceip-marti-poch\/wp-content\/uploads\/usu1040\/2021\/01\/Captura-de-Pantalla-2021-01-27-a-les-21.01.28-300x204.png 300w\" sizes=\"auto, (max-width: 505px) 100vw, 505px\" \/><\/p>\n<p style=\"text-align: center;\">\n","protected":false},"excerpt":{"rendered":"<p>PROJECTE ART\u00cdSTIC DE L&#8217;ESCOLA MART\u00cd POCH<br \/>\nMATIES PALAU FERR\u00c9. PINTOR, ESCULTOR I CERAMISTA<br \/>\nEDUCACI\u00d3 INFANTIL EXPOSA LES SEVES CREACIONS A L&#8217;ENTRADA DE L&#8217;ESCOLA<\/p>\n<p>\u00a0\u00a0\u00a0\u00a0<br \/>\nA trav\u00e9s de la visualitzaci\u00f3 de diversos quadres de l&#8217;artista anem descobrint els elements que dibuixava, les tem\u00e0tiques m\u00e9s destacades, les t\u00e8cniques que utilitzava, on&hellip;  <a href=\"https:\/\/agora.xtec.cat\/ceip-marti-poch\/general\/projecte-artistic-de-lescola-marti-poch-any-palau-ferre-2021-educacio-infantil-exposa-les-seves-creacions-artistiques\/\" title=\"Read PROJECTE ART\u00cdSTIC DE L&#8217;ESCOLA MART\u00cd POCH. ANY PALAU FERR\u00c9 2021. EDUCACI\u00d3 INFANTIL EXPOSA LES SEVES CREACIONS ART\u00cdSTIQUES\">Llegeix m\u00e9s\u00bb<\/a><\/p>\n","protected":false},"author":4,"featured_media":4455,"comment_status":"open","ping_status":"closed","sticky":false,"template":"","format":"standard","meta":{"_bbp_topic_count":0,"_bbp_reply_count":0,"_bbp_total_topic_count":0,"_bbp_total_reply_count":0,"_bbp_voice_count":0,"_bbp_anonymous_reply_count":0,"_bbp_topic_count_hidden":0,"_bbp_reply_count_hidden":0,"_bbp_forum_subforum_count":0,"footnotes":""},"categories":[148,157,60,1,3,8,9,2,138,89,4,61,74,137],"tags":[68,75,65,132,147,87,63,62,158,17,64],"class_list":["post-4444","post","type-post","status-publish","format-standard","has-post-thumbnail","hentry","category-alianca-mvr","category-any-palau-ferre","category-escoles-verdes","category-general","category-i3","category-i4","category-i5","category-infantil","category-mvr","category-plastica","category-portada","category-projecte-interdisciplinar","category-projectes","category-tallers","tag-aigua","tag-ambients","tag-art","tag-escola-verda","tag-escoles-verdes","tag-expressio-oral","tag-families","tag-lectura","tag-palau-ferre","tag-plastica","tag-projectes"],"post_mailing_queue_ids":[],"_links":{"self":[{"href":"https:\/\/agora.xtec.cat\/ceip-marti-poch\/wp-json\/wp\/v2\/posts\/4444","targetHints":{"allow":["GET"]}}],"collection":[{"href":"https:\/\/agora.xtec.cat\/ceip-marti-poch\/wp-json\/wp\/v2\/posts"}],"about":[{"href":"https:\/\/agora.xtec.cat\/ceip-marti-poch\/wp-json\/wp\/v2\/types\/post"}],"author":[{"embeddable":true,"href":"https:\/\/agora.xtec.cat\/ceip-marti-poch\/wp-json\/wp\/v2\/users\/4"}],"replies":[{"embeddable":true,"href":"https:\/\/agora.xtec.cat\/ceip-marti-poch\/wp-json\/wp\/v2\/comments?post=4444"}],"version-history":[{"count":4,"href":"https:\/\/agora.xtec.cat\/ceip-marti-poch\/wp-json\/wp\/v2\/posts\/4444\/revisions"}],"predecessor-version":[{"id":4496,"href":"https:\/\/agora.xtec.cat\/ceip-marti-poch\/wp-json\/wp\/v2\/posts\/4444\/revisions\/4496"}],"wp:featuredmedia":[{"embeddable":true,"href":"https:\/\/agora.xtec.cat\/ceip-marti-poch\/wp-json\/wp\/v2\/media\/4455"}],"wp:attachment":[{"href":"https:\/\/agora.xtec.cat\/ceip-marti-poch\/wp-json\/wp\/v2\/media?parent=4444"}],"wp:term":[{"taxonomy":"category","embeddable":true,"href":"https:\/\/agora.xtec.cat\/ceip-marti-poch\/wp-json\/wp\/v2\/categories?post=4444"},{"taxonomy":"post_tag","embeddable":true,"href":"https:\/\/agora.xtec.cat\/ceip-marti-poch\/wp-json\/wp\/v2\/tags?post=4444"}],"curies":[{"name":"wp","href":"https:\/\/api.w.org\/{rel}","templated":true}]}}