{"id":4396,"date":"2021-03-16T21:23:05","date_gmt":"2021-03-16T20:23:05","guid":{"rendered":"http:\/\/agora.xtec.cat\/ceip-marti-poch\/?p=4396"},"modified":"2021-03-16T22:31:16","modified_gmt":"2021-03-16T21:31:16","slug":"les-tardes-magiques-deducacio-infantil-a-la-bibli0teca-municipal","status":"publish","type":"post","link":"https:\/\/agora.xtec.cat\/ceip-marti-poch\/general\/les-tardes-magiques-deducacio-infantil-a-la-bibli0teca-municipal\/","title":{"rendered":"TARDES M\u00c0GIQUES D&#8217;EDUCACI\u00d3 INFANTIL A LA BIBLIOTECA MUNICIPAL."},"content":{"rendered":"<p style=\"text-align: justify;\">Al llarg del primer trimestre els nens i nenes d&#8217;educaci\u00f3 infantil vam anar a la <strong>Biblioteca Municipal de l&#8217;Espluga<\/strong>. Sab\u00edem que la Nuri, reponsable de la biblioteca ens estava esperant amb molta emoci\u00f3 i il\u00b7lusi\u00f3. Ens comentava que des del mes de mar\u00e7 que no tenia visites d&#8217;escolars i que tenia moltes ganes d&#8217;explicar-nos les instal\u00b7lacions de l&#8217;<strong>Antic Hospital, l&#8217;Arxiu, la Sala de plens i el funcionament de la biblioteca!<\/strong><\/p>\n<p><img loading=\"lazy\" decoding=\"async\" class=\"alignnone size-large wp-image-4400 aligncenter\" src=\"https:\/\/agora.xtec.cat\/ceip-marti-poch\/wp-content\/uploads\/usu1040\/2020\/12\/IMG_20201215_094030-1024x768.jpg\" alt=\"\" width=\"1024\" height=\"768\" srcset=\"https:\/\/agora.xtec.cat\/ceip-marti-poch\/wp-content\/uploads\/usu1040\/2020\/12\/IMG_20201215_094030-1024x768.jpg 1024w, https:\/\/agora.xtec.cat\/ceip-marti-poch\/wp-content\/uploads\/usu1040\/2020\/12\/IMG_20201215_094030-300x225.jpg 300w, https:\/\/agora.xtec.cat\/ceip-marti-poch\/wp-content\/uploads\/usu1040\/2020\/12\/IMG_20201215_094030-768x576.jpg 768w, https:\/\/agora.xtec.cat\/ceip-marti-poch\/wp-content\/uploads\/usu1040\/2020\/12\/IMG_20201215_094030-200x150.jpg 200w, https:\/\/agora.xtec.cat\/ceip-marti-poch\/wp-content\/uploads\/usu1040\/2020\/12\/IMG_20201215_094030.jpg 1174w\" sizes=\"auto, (max-width: 1024px) 100vw, 1024px\" \/><\/p>\n<p style=\"text-align: justify;\"><strong>Aquest trimestre hem tingut la sort de poder-hi tornar! \u00a0<\/strong>Els nens i nenes de P4 i P5 havien d&#8217;ajudar a la bibliotec\u00e0ria a descobrir els n\u00fameros d&#8217;un cadenat per alliberar a les dues nenes que havien quedat tancades al magatzem.<\/p>\n<p style=\"text-align: justify;\">\u00a0 <img loading=\"lazy\" decoding=\"async\" class=\"alignnone size-large wp-image-4745\" src=\"https:\/\/agora.xtec.cat\/ceip-marti-poch\/wp-content\/uploads\/usu1040\/2021\/03\/z-1024x768.jpeg\" alt=\"\" width=\"1024\" height=\"768\" srcset=\"https:\/\/agora.xtec.cat\/ceip-marti-poch\/wp-content\/uploads\/usu1040\/2021\/03\/z-1024x768.jpeg 1024w, https:\/\/agora.xtec.cat\/ceip-marti-poch\/wp-content\/uploads\/usu1040\/2021\/03\/z-300x225.jpeg 300w, https:\/\/agora.xtec.cat\/ceip-marti-poch\/wp-content\/uploads\/usu1040\/2021\/03\/z-768x576.jpeg 768w, https:\/\/agora.xtec.cat\/ceip-marti-poch\/wp-content\/uploads\/usu1040\/2021\/03\/z-200x150.jpeg 200w, https:\/\/agora.xtec.cat\/ceip-marti-poch\/wp-content\/uploads\/usu1040\/2021\/03\/z.jpeg 1280w\" sizes=\"auto, (max-width: 1024px) 100vw, 1024px\" \/><\/p>\n<p><img loading=\"lazy\" decoding=\"async\" class=\"alignnone size-large wp-image-4743\" src=\"https:\/\/agora.xtec.cat\/ceip-marti-poch\/wp-content\/uploads\/usu1040\/2021\/03\/e2680481-ca57-4993-9c9b-c46d344b4978-1024x768.jpg\" alt=\"\" width=\"1024\" height=\"768\" srcset=\"https:\/\/agora.xtec.cat\/ceip-marti-poch\/wp-content\/uploads\/usu1040\/2021\/03\/e2680481-ca57-4993-9c9b-c46d344b4978-1024x768.jpg 1024w, https:\/\/agora.xtec.cat\/ceip-marti-poch\/wp-content\/uploads\/usu1040\/2021\/03\/e2680481-ca57-4993-9c9b-c46d344b4978-300x225.jpg 300w, https:\/\/agora.xtec.cat\/ceip-marti-poch\/wp-content\/uploads\/usu1040\/2021\/03\/e2680481-ca57-4993-9c9b-c46d344b4978-768x576.jpg 768w, https:\/\/agora.xtec.cat\/ceip-marti-poch\/wp-content\/uploads\/usu1040\/2021\/03\/e2680481-ca57-4993-9c9b-c46d344b4978-200x150.jpg 200w, https:\/\/agora.xtec.cat\/ceip-marti-poch\/wp-content\/uploads\/usu1040\/2021\/03\/e2680481-ca57-4993-9c9b-c46d344b4978.jpg 1600w\" sizes=\"auto, (max-width: 1024px) 100vw, 1024px\" \/><\/p>\n<p><img loading=\"lazy\" decoding=\"async\" class=\"alignnone size-large wp-image-4748\" src=\"https:\/\/agora.xtec.cat\/ceip-marti-poch\/wp-content\/uploads\/usu1040\/2021\/03\/n-1024x768.jpeg\" alt=\"\" width=\"1024\" height=\"768\" srcset=\"https:\/\/agora.xtec.cat\/ceip-marti-poch\/wp-content\/uploads\/usu1040\/2021\/03\/n-1024x768.jpeg 1024w, https:\/\/agora.xtec.cat\/ceip-marti-poch\/wp-content\/uploads\/usu1040\/2021\/03\/n-300x225.jpeg 300w, https:\/\/agora.xtec.cat\/ceip-marti-poch\/wp-content\/uploads\/usu1040\/2021\/03\/n-768x576.jpeg 768w, https:\/\/agora.xtec.cat\/ceip-marti-poch\/wp-content\/uploads\/usu1040\/2021\/03\/n-200x150.jpeg 200w, https:\/\/agora.xtec.cat\/ceip-marti-poch\/wp-content\/uploads\/usu1040\/2021\/03\/n.jpeg 1280w\" sizes=\"auto, (max-width: 1024px) 100vw, 1024px\" \/><\/p>\n<p style=\"text-align: justify;\">Els nens i nenes de P3 es van trobar la biblioteca\u00a0potes enlaire&#8230; coixins pel terra, contes per terra, cadires cap per amunt&#8230; tot molt, molt desordenat. I a l&#8217;entrada una nota del RATOL\u00cd DE LES DENTS, el ratol\u00ed P\u00e9rez .<\/p>\n<p style=\"text-align: justify;\"><img loading=\"lazy\" decoding=\"async\" class=\"alignnone size-full wp-image-4753\" src=\"https:\/\/agora.xtec.cat\/ceip-marti-poch\/wp-content\/uploads\/usu1040\/2021\/03\/x.jpg\" alt=\"\" width=\"976\" height=\"732\" srcset=\"https:\/\/agora.xtec.cat\/ceip-marti-poch\/wp-content\/uploads\/usu1040\/2021\/03\/x.jpg 976w, https:\/\/agora.xtec.cat\/ceip-marti-poch\/wp-content\/uploads\/usu1040\/2021\/03\/x-300x225.jpg 300w, https:\/\/agora.xtec.cat\/ceip-marti-poch\/wp-content\/uploads\/usu1040\/2021\/03\/x-768x576.jpg 768w, https:\/\/agora.xtec.cat\/ceip-marti-poch\/wp-content\/uploads\/usu1040\/2021\/03\/x-200x150.jpg 200w\" sizes=\"auto, (max-width: 976px) 100vw, 976px\" \/><\/p>\n<p>Despr\u00e9s dels enigmes&#8230;. la Nuri, ens explica uns contes fant\u00e0stics que ens fan pensar, imaginar i riure!<\/p>\n<p><img loading=\"lazy\" decoding=\"async\" class=\"alignnone size-full wp-image-4754\" src=\"https:\/\/agora.xtec.cat\/ceip-marti-poch\/wp-content\/uploads\/usu1040\/2021\/03\/xx.jpg\" alt=\"\" width=\"976\" height=\"732\" srcset=\"https:\/\/agora.xtec.cat\/ceip-marti-poch\/wp-content\/uploads\/usu1040\/2021\/03\/xx.jpg 976w, https:\/\/agora.xtec.cat\/ceip-marti-poch\/wp-content\/uploads\/usu1040\/2021\/03\/xx-300x225.jpg 300w, https:\/\/agora.xtec.cat\/ceip-marti-poch\/wp-content\/uploads\/usu1040\/2021\/03\/xx-768x576.jpg 768w, https:\/\/agora.xtec.cat\/ceip-marti-poch\/wp-content\/uploads\/usu1040\/2021\/03\/xx-200x150.jpg 200w\" sizes=\"auto, (max-width: 976px) 100vw, 976px\" \/><\/p>\n<h4 style=\"text-align: center;\"><strong>De part de l&#8217;Escola Mart\u00ed Poch, molt\u00edssimes gr\u00e0cies, Nuri! <\/strong><\/h4>\n<h4 style=\"text-align: center;\"><strong>Tornarem per escoltar m\u00e9s hist\u00f2ries, m\u00e9s contes i resoldre m\u00e9s enigmes!<\/strong><\/h4>\n<p>&nbsp;<\/p>\n<p style=\"text-align: center;\">Per saber-ne m\u00e9s podeu clicar el logo de la biblioteca. Us enlla\u00e7ar\u00e0 als articles de les nostres visites!<a href=\"http:\/\/biblioteca.esplugadefrancoli.cat\"><img loading=\"lazy\" decoding=\"async\" class=\"aligncenter wp-image-4759\" src=\"https:\/\/agora.xtec.cat\/ceip-marti-poch\/wp-content\/uploads\/usu1040\/2021\/03\/logo-1024x884.png\" alt=\"\" width=\"389\" height=\"336\" srcset=\"https:\/\/agora.xtec.cat\/ceip-marti-poch\/wp-content\/uploads\/usu1040\/2021\/03\/logo-1024x884.png 1024w, https:\/\/agora.xtec.cat\/ceip-marti-poch\/wp-content\/uploads\/usu1040\/2021\/03\/logo-300x259.png 300w, https:\/\/agora.xtec.cat\/ceip-marti-poch\/wp-content\/uploads\/usu1040\/2021\/03\/logo-768x663.png 768w, https:\/\/agora.xtec.cat\/ceip-marti-poch\/wp-content\/uploads\/usu1040\/2021\/03\/logo.png 1600w\" sizes=\"auto, (max-width: 389px) 100vw, 389px\" \/><\/a><\/p>\n<h4 style=\"text-align: center;\"><\/h4>\n","protected":false},"excerpt":{"rendered":"<p>Al llarg del primer trimestre els nens i nenes d&#8217;educaci\u00f3 infantil vam anar a la Biblioteca Municipal de l&#8217;Espluga. Sab\u00edem que la Nuri, reponsable de la biblioteca ens estava esperant amb molta emoci\u00f3 i il\u00b7lusi\u00f3. Ens comentava que des del mes de mar\u00e7 que no&hellip;  <a href=\"https:\/\/agora.xtec.cat\/ceip-marti-poch\/general\/les-tardes-magiques-deducacio-infantil-a-la-bibli0teca-municipal\/\" title=\"Read TARDES M\u00c0GIQUES D&#8217;EDUCACI\u00d3 INFANTIL A LA BIBLIOTECA MUNICIPAL.\">Llegeix m\u00e9s\u00bb<\/a><\/p>\n","protected":false},"author":4,"featured_media":4754,"comment_status":"open","ping_status":"closed","sticky":false,"template":"","format":"standard","meta":{"_bbp_topic_count":0,"_bbp_reply_count":0,"_bbp_total_topic_count":0,"_bbp_total_reply_count":0,"_bbp_voice_count":0,"_bbp_anonymous_reply_count":0,"_bbp_topic_count_hidden":0,"_bbp_reply_count_hidden":0,"_bbp_forum_subforum_count":0,"footnotes":""},"categories":[140,72,1,3,8,9,2,4,74,91],"tags":[143,67,87,62,64,16],"class_list":["post-4396","post","type-post","status-publish","format-standard","has-post-thumbnail","hentry","category-biblioteca","category-biblioteca-jv","category-general","category-i3","category-i4","category-i5","category-infantil","category-portada","category-projectes","category-sortides","tag-biblioteca","tag-escriptura","tag-expressio-oral","tag-lectura","tag-projectes","tag-sortides"],"post_mailing_queue_ids":[],"_links":{"self":[{"href":"https:\/\/agora.xtec.cat\/ceip-marti-poch\/wp-json\/wp\/v2\/posts\/4396","targetHints":{"allow":["GET"]}}],"collection":[{"href":"https:\/\/agora.xtec.cat\/ceip-marti-poch\/wp-json\/wp\/v2\/posts"}],"about":[{"href":"https:\/\/agora.xtec.cat\/ceip-marti-poch\/wp-json\/wp\/v2\/types\/post"}],"author":[{"embeddable":true,"href":"https:\/\/agora.xtec.cat\/ceip-marti-poch\/wp-json\/wp\/v2\/users\/4"}],"replies":[{"embeddable":true,"href":"https:\/\/agora.xtec.cat\/ceip-marti-poch\/wp-json\/wp\/v2\/comments?post=4396"}],"version-history":[{"count":3,"href":"https:\/\/agora.xtec.cat\/ceip-marti-poch\/wp-json\/wp\/v2\/posts\/4396\/revisions"}],"predecessor-version":[{"id":4764,"href":"https:\/\/agora.xtec.cat\/ceip-marti-poch\/wp-json\/wp\/v2\/posts\/4396\/revisions\/4764"}],"wp:featuredmedia":[{"embeddable":true,"href":"https:\/\/agora.xtec.cat\/ceip-marti-poch\/wp-json\/wp\/v2\/media\/4754"}],"wp:attachment":[{"href":"https:\/\/agora.xtec.cat\/ceip-marti-poch\/wp-json\/wp\/v2\/media?parent=4396"}],"wp:term":[{"taxonomy":"category","embeddable":true,"href":"https:\/\/agora.xtec.cat\/ceip-marti-poch\/wp-json\/wp\/v2\/categories?post=4396"},{"taxonomy":"post_tag","embeddable":true,"href":"https:\/\/agora.xtec.cat\/ceip-marti-poch\/wp-json\/wp\/v2\/tags?post=4396"}],"curies":[{"name":"wp","href":"https:\/\/api.w.org\/{rel}","templated":true}]}}