{"id":4075,"date":"2020-10-19T10:44:45","date_gmt":"2020-10-19T08:44:45","guid":{"rendered":"http:\/\/agora.xtec.cat\/ceip-marti-poch\/?p=4075"},"modified":"2020-10-19T10:48:02","modified_gmt":"2020-10-19T08:48:02","slug":"fem-el-taller-laigua-en-joc-al-mvr-i-un-tomb-per-la-vora-del-riu","status":"publish","type":"post","link":"https:\/\/agora.xtec.cat\/ceip-marti-poch\/portada\/fem-el-taller-laigua-en-joc-al-mvr-i-un-tomb-per-la-vora-del-riu\/","title":{"rendered":"FEM EL TALLER \u201cL\u00b4AIGUA EN JOC\u201d AL MVR I UN TOMB PER LA VORA DEL RIU"},"content":{"rendered":"<p style=\"text-align: justify;\"><span style=\"font-weight: 400;\">El dijous dia 8 d\u00b4octubre els nens i nenes de segon vam anar al museu perqu\u00e8 aquesta setmana a la nostra escola era la <strong>Setmana de la Natura<\/strong>. Els nens i nenes de primer hi van anar el divendres dia 9.<\/span><\/p>\n<p style=\"text-align: justify;\"><span style=\"font-weight: 400;\">Per comen\u00e7ar vam veure un audiovisual molt bonic sobre l\u00b4aigua i amb uns instruments musicals an\u00e0vem fent diferents sons:\u00a0 onades,\u00a0 mar, pluja, cascada, trons, el batec del cor quan som dins la panxa&#8230;\u00a0<\/span><\/p>\n<p style=\"text-align: justify;\"><span style=\"font-weight: 400;\">Despr\u00e9s la monitora ens va ensenyar el pou i vam agafar aigua per saber com ho feien abans. Vam veure un altre v\u00eddeo on l\u00b4aigua feia anar unes pedres que xafaven el blat per fer farina, era un mol\u00ed. Despr\u00e9s van anar a veure una cuina antiga i ens va explicar que l\u00b4objecte m\u00e9s valu\u00f3s que hi havia all\u00ed abans, era l\u00b4aixeta! I per banyar-se havien d\u00b4anar a la font a buscar aigua i escalfar-la i despr\u00e9s omplir la banyera per banyar-se. Quina feinada!<\/span><\/p>\n<p style=\"text-align: justify;\"><span style=\"font-weight: 400;\">A fora, a la vora de l\u00b4hort, vam fer tres activitats m\u00e9s. Vam fer un dibuix amb un pinzell que portava un dip\u00f2sit d\u00b4aigua i dibuix\u00e0vem damunt d\u00b4un material especial i l\u00b4aigua es veia de color negre. M\u00e9s tard el dibuix desapareixia perqu\u00e8 l\u00b4aigua s\u00b4evaporava. Ens va agradar molt. Tamb\u00e9 vam anar al safareig i vam rentar roba com ho feien abans i la vam estendre. I ara ja sabem que vol dir \u201cfer safareig\u201d .Tamb\u00e9 vam veure, a galet, aigua fresca d\u00b4un c\u00e0ntir i vam provar de caminar amb ell posant-lo damunt del nostre cap.<\/span><\/p>\n<p style=\"text-align: justify;\"><span style=\"font-weight: 400;\">Per acabar vam tornar cap a l\u00b4escola passant per la vora del riu i vam veure com de mica en mica van creixent les plantes, les algues i els arbres. Vam recollir tom\u00e0quets de tomaqueres que han sortit soles. Tamb\u00e9 vam agafar una pedra bonica de la vora del riu per decorar-la amb pintura i hi vam escriure una paraula o desig relacionada amb la millora de l\u00b4entorn i del nostre planeta.<\/span><\/p>\n<p><span style=\"font-weight: 400;\">Alumnes de Segon.<\/span><\/p>\n<p><img loading=\"lazy\" decoding=\"async\" class=\"aligncenter size-large wp-image-4076\" src=\"https:\/\/agora.xtec.cat\/ceip-marti-poch\/wp-content\/uploads\/usu1040\/2020\/10\/1-2-922x1024.jpg\" alt=\"\" width=\"922\" height=\"1024\" srcset=\"https:\/\/agora.xtec.cat\/ceip-marti-poch\/wp-content\/uploads\/usu1040\/2020\/10\/1-2-922x1024.jpg 922w, https:\/\/agora.xtec.cat\/ceip-marti-poch\/wp-content\/uploads\/usu1040\/2020\/10\/1-2-270x300.jpg 270w, https:\/\/agora.xtec.cat\/ceip-marti-poch\/wp-content\/uploads\/usu1040\/2020\/10\/1-2-768x853.jpg 768w, https:\/\/agora.xtec.cat\/ceip-marti-poch\/wp-content\/uploads\/usu1040\/2020\/10\/1-2.jpg 1500w\" sizes=\"auto, (max-width: 922px) 100vw, 922px\" \/> <img loading=\"lazy\" decoding=\"async\" class=\"aligncenter size-large wp-image-4077\" src=\"https:\/\/agora.xtec.cat\/ceip-marti-poch\/wp-content\/uploads\/usu1040\/2020\/10\/2-2-1024x576.jpg\" alt=\"\" width=\"1024\" height=\"576\" srcset=\"https:\/\/agora.xtec.cat\/ceip-marti-poch\/wp-content\/uploads\/usu1040\/2020\/10\/2-2-1024x576.jpg 1024w, https:\/\/agora.xtec.cat\/ceip-marti-poch\/wp-content\/uploads\/usu1040\/2020\/10\/2-2-300x169.jpg 300w, https:\/\/agora.xtec.cat\/ceip-marti-poch\/wp-content\/uploads\/usu1040\/2020\/10\/2-2-768x432.jpg 768w\" sizes=\"auto, (max-width: 1024px) 100vw, 1024px\" \/><\/p>\n","protected":false},"excerpt":{"rendered":"<p>El dijous dia 8 d\u00b4octubre els nens i nenes de segon vam anar al museu perqu\u00e8 aquesta setmana a la nostra escola era la Setmana de la Natura. Els nens i nenes de primer hi van anar el divendres dia 9.<br \/>\nPer comen\u00e7ar vam veure un&hellip;  <a href=\"https:\/\/agora.xtec.cat\/ceip-marti-poch\/portada\/fem-el-taller-laigua-en-joc-al-mvr-i-un-tomb-per-la-vora-del-riu\/\" title=\"Read FEM EL TALLER \u201cL\u00b4AIGUA EN JOC\u201d AL MVR I UN TOMB PER LA VORA DEL RIU\">Llegeix m\u00e9s\u00bb<\/a><\/p>\n","protected":false},"author":1,"featured_media":4076,"comment_status":"open","ping_status":"closed","sticky":false,"template":"","format":"standard","meta":{"_bbp_topic_count":0,"_bbp_reply_count":0,"_bbp_total_topic_count":0,"_bbp_total_reply_count":0,"_bbp_voice_count":0,"_bbp_anonymous_reply_count":0,"_bbp_topic_count_hidden":0,"_bbp_reply_count_hidden":0,"_bbp_forum_subforum_count":0,"footnotes":""},"categories":[10,11,60,89,4,5,61,136,91,82],"tags":[],"class_list":["post-4075","post","type-post","status-publish","format-standard","has-post-thumbnail","hentry","category-1r","category-2n","category-escoles-verdes","category-plastica","category-portada","category-primaria","category-projecte-interdisciplinar","category-setmana-de-la-natura","category-sortides","category-visites"],"post_mailing_queue_ids":[],"_links":{"self":[{"href":"https:\/\/agora.xtec.cat\/ceip-marti-poch\/wp-json\/wp\/v2\/posts\/4075","targetHints":{"allow":["GET"]}}],"collection":[{"href":"https:\/\/agora.xtec.cat\/ceip-marti-poch\/wp-json\/wp\/v2\/posts"}],"about":[{"href":"https:\/\/agora.xtec.cat\/ceip-marti-poch\/wp-json\/wp\/v2\/types\/post"}],"author":[{"embeddable":true,"href":"https:\/\/agora.xtec.cat\/ceip-marti-poch\/wp-json\/wp\/v2\/users\/1"}],"replies":[{"embeddable":true,"href":"https:\/\/agora.xtec.cat\/ceip-marti-poch\/wp-json\/wp\/v2\/comments?post=4075"}],"version-history":[{"count":1,"href":"https:\/\/agora.xtec.cat\/ceip-marti-poch\/wp-json\/wp\/v2\/posts\/4075\/revisions"}],"predecessor-version":[{"id":4078,"href":"https:\/\/agora.xtec.cat\/ceip-marti-poch\/wp-json\/wp\/v2\/posts\/4075\/revisions\/4078"}],"wp:featuredmedia":[{"embeddable":true,"href":"https:\/\/agora.xtec.cat\/ceip-marti-poch\/wp-json\/wp\/v2\/media\/4076"}],"wp:attachment":[{"href":"https:\/\/agora.xtec.cat\/ceip-marti-poch\/wp-json\/wp\/v2\/media?parent=4075"}],"wp:term":[{"taxonomy":"category","embeddable":true,"href":"https:\/\/agora.xtec.cat\/ceip-marti-poch\/wp-json\/wp\/v2\/categories?post=4075"},{"taxonomy":"post_tag","embeddable":true,"href":"https:\/\/agora.xtec.cat\/ceip-marti-poch\/wp-json\/wp\/v2\/tags?post=4075"}],"curies":[{"name":"wp","href":"https:\/\/api.w.org\/{rel}","templated":true}]}}