{"id":3673,"date":"2020-04-25T09:59:15","date_gmt":"2020-04-25T07:59:15","guid":{"rendered":"http:\/\/agora.xtec.cat\/ceip-marti-poch\/?p=3673"},"modified":"2020-04-29T10:40:29","modified_gmt":"2020-04-29T08:40:29","slug":"escola-marti-poch-%c2%b7-confinament-%c2%b7-com-ens-relacionem-amb-els-mes-petits","status":"publish","type":"post","link":"https:\/\/agora.xtec.cat\/ceip-marti-poch\/general\/escola-marti-poch-%c2%b7-confinament-%c2%b7-com-ens-relacionem-amb-els-mes-petits\/","title":{"rendered":"ESCOLA MART\u00cd POCH \u00b7 CONFINAMENT \u00b7 COM ENS RELACIONEM AMB ELS M\u00c9S PETITS?"},"content":{"rendered":"<p style=\"text-align: justify;\"><b>. Aprenem tothom. <\/b><span style=\"font-weight: 400;\">Moltes persones ens estem esfor\u00e7ant per fer front a la nova situaci\u00f3 que ens ha portat la pand\u00e8mia que vivim, tant a casa com al treball, com a la vida quotidiana, com a les petites coses. Aprenem noves maneres de comunicar-nos, de manifestar-nos i de viure. L\u2019ESCOLA tamb\u00e9: no serveix all\u00f2 que hav\u00edem preparat per descobrir tots junts, per fer amb ordre i una cosa despr\u00e9s de l\u2019altra, per interactuar i seguir les pautes educatives, per treballar dia a dia, moment a moment amb els nostres petits de l\u2019escola. Els mestres ens estem tamb\u00e9 reinventant la manera de poder connectar millor amb els nostres alumnes mentre duri aquesta situaci\u00f3. No tots els docents som iguals, no tots tenim els mateixos coneixements tecnol\u00f2gics, la mateixa manera de portar una classe&#8230; Per\u00f2 a m\u00e9s dels nostres estudis i oposicions guanyades, ens continuem formant en disciplines i metodologies diferents que ens permeten adaptar-nos a situacions com les actuals i, de manera acordada, per poder establir una nova relaci\u00f3 amb els infants i les seves fam\u00edlies. I fem servir la <\/span><b>plataforma virtual Padlet.<\/b><span style=\"font-weight: 400;\">\u00a0<\/span><\/p>\n<p><img loading=\"lazy\" decoding=\"async\" class=\"alignnone wp-image-3674 size-large\" src=\"https:\/\/agora.xtec.cat\/ceip-marti-poch\/wp-content\/uploads\/usu1040\/2020\/04\/Captura-de-pantalla-2020-04-23-a-les-12.58.59-1024x506.png\" alt=\"\" width=\"1024\" height=\"506\" srcset=\"https:\/\/agora.xtec.cat\/ceip-marti-poch\/wp-content\/uploads\/usu1040\/2020\/04\/Captura-de-pantalla-2020-04-23-a-les-12.58.59-1024x506.png 1024w, https:\/\/agora.xtec.cat\/ceip-marti-poch\/wp-content\/uploads\/usu1040\/2020\/04\/Captura-de-pantalla-2020-04-23-a-les-12.58.59-300x148.png 300w, https:\/\/agora.xtec.cat\/ceip-marti-poch\/wp-content\/uploads\/usu1040\/2020\/04\/Captura-de-pantalla-2020-04-23-a-les-12.58.59-768x379.png 768w, https:\/\/agora.xtec.cat\/ceip-marti-poch\/wp-content\/uploads\/usu1040\/2020\/04\/Captura-de-pantalla-2020-04-23-a-les-12.58.59.png 1399w\" sizes=\"auto, (max-width: 1024px) 100vw, 1024px\" \/><\/p>\n<p style=\"text-align: justify;\"><b>. Com s\u00f3n aquestes plataformes virtuals?. <\/b><span style=\"font-weight: 400;\">Les <\/span><b>Padlets<\/b><span style=\"font-weight: 400;\"> s\u00f3n murals col\u00b7laboratius, espais on s\u2019ofereixen recursos multimedia ja siguin videos, audios, fotos o documents. Amb aquest poster interactiu, les mestres d&#8217;educaci\u00f3 infantil publiquem i compartim recursos, propostes de tot tipus per als m\u00e9s petits de l\u2019escola. En el terreny de l\u2019educaci\u00f3 creiem que \u00e9s una plataforma molt valuosa on fam\u00edlies i mestres hi podem treballar al mateix temps. Entre totes les propostes hi trobem espais per al\u00a0 moviment, per a les arts, per a la ci\u00e8ncia, per als idiomes, el joc, les emocions, les lectures\u2026\u00c9s un bon recull de petits reptes i propostes per a tots els gustos.\u00a0<\/span><\/p>\n<p><img loading=\"lazy\" decoding=\"async\" class=\"alignnone wp-image-3675 size-large\" src=\"https:\/\/agora.xtec.cat\/ceip-marti-poch\/wp-content\/uploads\/usu1040\/2020\/04\/Captura-de-pantalla-2020-04-23-a-les-12.58.01-1024x511.png\" alt=\"\" width=\"1024\" height=\"511\" srcset=\"https:\/\/agora.xtec.cat\/ceip-marti-poch\/wp-content\/uploads\/usu1040\/2020\/04\/Captura-de-pantalla-2020-04-23-a-les-12.58.01-1024x511.png 1024w, https:\/\/agora.xtec.cat\/ceip-marti-poch\/wp-content\/uploads\/usu1040\/2020\/04\/Captura-de-pantalla-2020-04-23-a-les-12.58.01-300x150.png 300w, https:\/\/agora.xtec.cat\/ceip-marti-poch\/wp-content\/uploads\/usu1040\/2020\/04\/Captura-de-pantalla-2020-04-23-a-les-12.58.01-768x383.png 768w, https:\/\/agora.xtec.cat\/ceip-marti-poch\/wp-content\/uploads\/usu1040\/2020\/04\/Captura-de-pantalla-2020-04-23-a-les-12.58.01.png 1379w\" sizes=\"auto, (max-width: 1024px) 100vw, 1024px\" \/><\/p>\n<p style=\"text-align: center;\">\n<p style=\"text-align: justify;\"><b>. Qu\u00e8 \u00e9s el m\u00e9s important?. <\/b><span style=\"font-weight: 400;\">Cada viv\u00e8ncia i situaci\u00f3 que viuen els nens i nenes s\u00f3n importants i \u00e9s aprenentatge. Han tingut el regal m\u00e9s bonic que \u00e9s passar m\u00e9s temps amb el seu pare i la seva mare. Que cal establir unes rutines, un ordre per petits que siguin, \u00e9s segur<\/span><b>. <\/b><span style=\"font-weight: 400;\">Per aix\u00f2 creiem que el material que facilitem cada setmana, vol ser un suport per a les fam\u00edlies, una guia per mantenir viu l\u2019inter\u00e8s per aprendre, per fer i desfer, per cr\u00e9ixer en fam\u00edlia, amb l\u2019objectiu de seguir mantenint el vincle amb el centre educatiu i les seves mestres interactuant i compartint.<\/span><\/p>\n<p><img loading=\"lazy\" decoding=\"async\" class=\"alignnone wp-image-3679 size-large\" src=\"https:\/\/agora.xtec.cat\/ceip-marti-poch\/wp-content\/uploads\/usu1040\/2020\/04\/Captura-de-pantalla-2020-04-23-a-les-12.56.57-1024x483.png\" alt=\"\" width=\"1024\" height=\"483\" srcset=\"https:\/\/agora.xtec.cat\/ceip-marti-poch\/wp-content\/uploads\/usu1040\/2020\/04\/Captura-de-pantalla-2020-04-23-a-les-12.56.57-1024x483.png 1024w, https:\/\/agora.xtec.cat\/ceip-marti-poch\/wp-content\/uploads\/usu1040\/2020\/04\/Captura-de-pantalla-2020-04-23-a-les-12.56.57-300x142.png 300w, https:\/\/agora.xtec.cat\/ceip-marti-poch\/wp-content\/uploads\/usu1040\/2020\/04\/Captura-de-pantalla-2020-04-23-a-les-12.56.57-768x362.png 768w, https:\/\/agora.xtec.cat\/ceip-marti-poch\/wp-content\/uploads\/usu1040\/2020\/04\/Captura-de-pantalla-2020-04-23-a-les-12.56.57.png 1399w\" sizes=\"auto, (max-width: 1024px) 100vw, 1024px\" \/><\/p>\n<p style=\"text-align: center;\">\n<p style=\"text-align: justify;\"><b>. Valorem.<\/b><span style=\"font-weight: 400;\"> Les mestres d\u2019infantil coneixem molt b\u00e9 i estimem els nostres infants, creiem fermament en l\u2019educaci\u00f3 dels m\u00e9s petits. Uns infants en plena efervesc\u00e8ncia emocional, una canalla que est\u00e0 descobrint el m\u00f3n a cada passa, a cada descoberta.\u00a0<\/span><\/p>\n<p style=\"text-align: justify;\"><span style=\"font-weight: 400;\">Aquesta plataforma ens ajuda a mantenir viva la comunicaci\u00f3 amb els infants i les seves fam\u00edlies. D\u2019aquesta manera tan visual i intu\u00eftiva, poden seguir veient qu\u00e8 fan els seus companys\/es a casa seva, un aspecte a tenir en compte quan estem parlant de nens i nenes de 3, 4 i 5 anys. Un espai per compartir i per enriquir-nos els uns amb els altres, fer cohesi\u00f3 de grup i aprendre plegats.\u00a0<\/span><\/p>\n<p style=\"text-align: justify;\"><span style=\"font-weight: 400;\">La comunicaci\u00f3 di\u00e0ria amb les fam\u00edlies es complementa amb videoconfer\u00e8ncies setmanals, una estona per parlar, riure, veure els amics i compartir experi\u00e8ncies.<\/span><\/p>\n<p><img loading=\"lazy\" decoding=\"async\" class=\"alignnone size-large wp-image-3677\" src=\"https:\/\/agora.xtec.cat\/ceip-marti-poch\/wp-content\/uploads\/usu1040\/2020\/04\/VIDEOTRUCADA_ANIVERSARI_JAN-1024x461.png\" alt=\"\" width=\"1024\" height=\"461\" srcset=\"https:\/\/agora.xtec.cat\/ceip-marti-poch\/wp-content\/uploads\/usu1040\/2020\/04\/VIDEOTRUCADA_ANIVERSARI_JAN-1024x461.png 1024w, https:\/\/agora.xtec.cat\/ceip-marti-poch\/wp-content\/uploads\/usu1040\/2020\/04\/VIDEOTRUCADA_ANIVERSARI_JAN-300x135.png 300w, https:\/\/agora.xtec.cat\/ceip-marti-poch\/wp-content\/uploads\/usu1040\/2020\/04\/VIDEOTRUCADA_ANIVERSARI_JAN-768x346.png 768w, https:\/\/agora.xtec.cat\/ceip-marti-poch\/wp-content\/uploads\/usu1040\/2020\/04\/VIDEOTRUCADA_ANIVERSARI_JAN.png 1105w\" sizes=\"auto, (max-width: 1024px) 100vw, 1024px\" \/><\/p>\n<p style=\"text-align: justify;\"><b>En fi, enyorem l\u2019escola f\u00edsica, la que t\u00e9 sentit, per abra\u00e7ar-nos, per mirar-nos als ulls, l\u2019escola que ens fa cr\u00e9ixer, viure i aprendre.\u00a0<\/b><\/p>\n<p><img loading=\"lazy\" decoding=\"async\" class=\"alignnone size-large wp-image-3681\" src=\"https:\/\/agora.xtec.cat\/ceip-marti-poch\/wp-content\/uploads\/usu1040\/2020\/04\/Captura-de-pantalla-2020-04-23-a-les-17.15.42-1024x527.png\" alt=\"\" width=\"1024\" height=\"527\" srcset=\"https:\/\/agora.xtec.cat\/ceip-marti-poch\/wp-content\/uploads\/usu1040\/2020\/04\/Captura-de-pantalla-2020-04-23-a-les-17.15.42-1024x527.png 1024w, https:\/\/agora.xtec.cat\/ceip-marti-poch\/wp-content\/uploads\/usu1040\/2020\/04\/Captura-de-pantalla-2020-04-23-a-les-17.15.42-300x155.png 300w, https:\/\/agora.xtec.cat\/ceip-marti-poch\/wp-content\/uploads\/usu1040\/2020\/04\/Captura-de-pantalla-2020-04-23-a-les-17.15.42-768x396.png 768w, https:\/\/agora.xtec.cat\/ceip-marti-poch\/wp-content\/uploads\/usu1040\/2020\/04\/Captura-de-pantalla-2020-04-23-a-les-17.15.42.png 1363w\" sizes=\"auto, (max-width: 1024px) 100vw, 1024px\" \/><\/p>\n<h3 style=\"text-align: center;\"><b>\u201cTens uns ESCOLA que t\u2019est\u00e0 esperant per abra\u00e7ar-te\u00a0<\/b><b>quan tot hagi passat\u201d<\/b><\/h3>\n<p>&nbsp;<\/p>\n<p style=\"text-align: justify;\"><b>Fina Minguell, Anna M. L\u00f3pez, Merc\u00e8 Palau, Marian Cort\u00e9s i Montse Farr\u00e9, mestres d\u2019Educaci\u00f3 Infantil de l\u2019Escola Mart\u00ed Poch (L\u2019Espluga de Francol\u00ed)<\/b><\/p>\n<p>&nbsp;<\/p>\n<h5><\/h5>\n<p>&nbsp;<\/p>\n","protected":false},"excerpt":{"rendered":"<p>. Aprenem tothom. Moltes persones ens estem esfor\u00e7ant per fer front a la nova situaci\u00f3 que ens ha portat la pand\u00e8mia que vivim, tant a casa com al treball, com a la vida quotidiana, com a les petites coses. Aprenem noves maneres de comunicar-nos, de&hellip;  <a href=\"https:\/\/agora.xtec.cat\/ceip-marti-poch\/general\/escola-marti-poch-%c2%b7-confinament-%c2%b7-com-ens-relacionem-amb-els-mes-petits\/\" title=\"Read ESCOLA MART\u00cd POCH \u00b7 CONFINAMENT \u00b7 COM ENS RELACIONEM AMB ELS M\u00c9S PETITS?\">Llegeix m\u00e9s\u00bb<\/a><\/p>\n","protected":false},"author":4,"featured_media":3674,"comment_status":"open","ping_status":"closed","sticky":false,"template":"","format":"standard","meta":{"_bbp_topic_count":0,"_bbp_reply_count":0,"_bbp_total_topic_count":0,"_bbp_total_reply_count":0,"_bbp_voice_count":0,"_bbp_anonymous_reply_count":0,"_bbp_topic_count_hidden":0,"_bbp_reply_count_hidden":0,"_bbp_forum_subforum_count":0,"footnotes":""},"categories":[1,3,8,9,2,116,4,74,98],"tags":[75,65,19,77,87,63,71,76,62,88,17,117,64,18,99],"class_list":["post-3673","post","type-post","status-publish","format-standard","has-post-thumbnail","hentry","category-general","category-i3","category-i4","category-i5","category-infantil","category-plataformes-virtuals","category-portada","category-projectes","category-tot-anira-be","tag-ambients","tag-art","tag-audiovisuals","tag-english","tag-expressio-oral","tag-families","tag-festes","tag-joc","tag-lectura","tag-musica","tag-plastica","tag-plataformes-virtuals","tag-projectes","tag-psicomotricitat","tag-tot-anira-be"],"post_mailing_queue_ids":[],"_links":{"self":[{"href":"https:\/\/agora.xtec.cat\/ceip-marti-poch\/wp-json\/wp\/v2\/posts\/3673","targetHints":{"allow":["GET"]}}],"collection":[{"href":"https:\/\/agora.xtec.cat\/ceip-marti-poch\/wp-json\/wp\/v2\/posts"}],"about":[{"href":"https:\/\/agora.xtec.cat\/ceip-marti-poch\/wp-json\/wp\/v2\/types\/post"}],"author":[{"embeddable":true,"href":"https:\/\/agora.xtec.cat\/ceip-marti-poch\/wp-json\/wp\/v2\/users\/4"}],"replies":[{"embeddable":true,"href":"https:\/\/agora.xtec.cat\/ceip-marti-poch\/wp-json\/wp\/v2\/comments?post=3673"}],"version-history":[{"count":3,"href":"https:\/\/agora.xtec.cat\/ceip-marti-poch\/wp-json\/wp\/v2\/posts\/3673\/revisions"}],"predecessor-version":[{"id":3708,"href":"https:\/\/agora.xtec.cat\/ceip-marti-poch\/wp-json\/wp\/v2\/posts\/3673\/revisions\/3708"}],"wp:featuredmedia":[{"embeddable":true,"href":"https:\/\/agora.xtec.cat\/ceip-marti-poch\/wp-json\/wp\/v2\/media\/3674"}],"wp:attachment":[{"href":"https:\/\/agora.xtec.cat\/ceip-marti-poch\/wp-json\/wp\/v2\/media?parent=3673"}],"wp:term":[{"taxonomy":"category","embeddable":true,"href":"https:\/\/agora.xtec.cat\/ceip-marti-poch\/wp-json\/wp\/v2\/categories?post=3673"},{"taxonomy":"post_tag","embeddable":true,"href":"https:\/\/agora.xtec.cat\/ceip-marti-poch\/wp-json\/wp\/v2\/tags?post=3673"}],"curies":[{"name":"wp","href":"https:\/\/api.w.org\/{rel}","templated":true}]}}