{"id":3414,"date":"2020-03-24T12:07:22","date_gmt":"2020-03-24T11:07:22","guid":{"rendered":"http:\/\/agora.xtec.cat\/ceip-marti-poch\/?p=3414"},"modified":"2020-03-24T12:07:48","modified_gmt":"2020-03-24T11:07:48","slug":"finalistes-del-xvi-certamen-nacional-infantil-i-juvenil-de-lectura-en-veu-alta","status":"publish","type":"post","link":"https:\/\/agora.xtec.cat\/ceip-marti-poch\/general\/finalistes-del-xvi-certamen-nacional-infantil-i-juvenil-de-lectura-en-veu-alta\/","title":{"rendered":"FINALISTES DEL XVI CERTAMEN NACIONAL INFANTIL I JUVENIL DE LECTURA EN VEU ALTA"},"content":{"rendered":"<p style=\"text-align: justify;\">El Certamen de lectura en veu alta no \u00e9s nom\u00e9s una activitat escolar, una mostra de lectura i expressi\u00f3 oral, un concurs que t\u00e9 l\u2019objectiu incentivar la lectura entre els nois i noies. Tamb\u00e9 vol ser un espai de descoberta, un generador d\u2019iniciatives i una iniciativa de creaci\u00f3 de coneixement. Creiem que amb\u00a0<strong>1.072 centres educatius inscrits<\/strong>\u00a0en aquesta\u00a0<strong>setzena edici\u00f3<\/strong>, ja podem dir que som\u00a0<strong>referents en relaci\u00f3 a la lectura en veu alta.<\/strong><\/p>\n<p style=\"text-align: justify;\">Els alumnes porten mesos treballant la lectura en veu alta. I des de fa vuit cursos realitzem una selecci\u00f3 entre els <strong>alumnes de quart i sis\u00e8<\/strong> que esdevindran els nostres representants en aquest certamen. Per fer la selecci\u00f3 hi participen alumnes, mestres i la Rosa Mateu (assessora del CRP Conca de Barber\u00e0). Aquest curs 2019-2020 hem de felicitar als nostres finalistes i suplents:<\/p>\n<p><img loading=\"lazy\" decoding=\"async\" class=\"aligncenter size-full wp-image-3489\" src=\"https:\/\/agora.xtec.cat\/ceip-marti-poch\/wp-content\/uploads\/usu1040\/2020\/03\/1-clva-e1585047494458.jpg\" alt=\"\" width=\"433\" height=\"577\" srcset=\"https:\/\/agora.xtec.cat\/ceip-marti-poch\/wp-content\/uploads\/usu1040\/2020\/03\/1-clva-e1585047494458.jpg 433w, https:\/\/agora.xtec.cat\/ceip-marti-poch\/wp-content\/uploads\/usu1040\/2020\/03\/1-clva-e1585047494458-225x300.jpg 225w\" sizes=\"auto, (max-width: 433px) 100vw, 433px\" \/><\/p>\n<p style=\"text-align: center;\">REPRESENTANTS DE CICLE MITJ\u00c0<\/p>\n<p><img loading=\"lazy\" decoding=\"async\" class=\"aligncenter size-full wp-image-3490\" src=\"https:\/\/agora.xtec.cat\/ceip-marti-poch\/wp-content\/uploads\/usu1040\/2020\/03\/2clva-e1585047535273.jpg\" alt=\"\" width=\"433\" height=\"577\" srcset=\"https:\/\/agora.xtec.cat\/ceip-marti-poch\/wp-content\/uploads\/usu1040\/2020\/03\/2clva-e1585047535273.jpg 433w, https:\/\/agora.xtec.cat\/ceip-marti-poch\/wp-content\/uploads\/usu1040\/2020\/03\/2clva-e1585047535273-225x300.jpg 225w\" sizes=\"auto, (max-width: 433px) 100vw, 433px\" \/><\/p>\n<p style=\"text-align: center;\">REPRESENTANTS DE CICLE SUPERIOR<\/p>\n<p style=\"text-align: justify;\">Per motius del confinament aquest certamen de lectura en veu alta resta ajornat. Per\u00f2 us animem a continuar llegint perqu\u00e8 quan retornem a l&#8217;escola poguem participar-hi!<\/p>\n<p>&nbsp;<\/p>\n<p>&nbsp;<\/p>\n<p>&nbsp;<\/p>\n","protected":false},"excerpt":{"rendered":"<p>El Certamen de lectura en veu alta no \u00e9s nom\u00e9s una activitat escolar, una mostra de lectura i expressi\u00f3 oral, un concurs que t\u00e9 l\u2019objectiu incentivar la lectura entre els nois i noies. Tamb\u00e9 vol ser un espai de descoberta, un generador d\u2019iniciatives i una&hellip;  <a href=\"https:\/\/agora.xtec.cat\/ceip-marti-poch\/general\/finalistes-del-xvi-certamen-nacional-infantil-i-juvenil-de-lectura-en-veu-alta\/\" title=\"Read FINALISTES DEL XVI CERTAMEN NACIONAL INFANTIL I JUVENIL DE LECTURA EN VEU ALTA\">Llegeix m\u00e9s\u00bb<\/a><\/p>\n","protected":false},"author":1,"featured_media":3491,"comment_status":"open","ping_status":"closed","sticky":false,"template":"","format":"standard","meta":{"_bbp_topic_count":0,"_bbp_reply_count":0,"_bbp_total_topic_count":0,"_bbp_total_reply_count":0,"_bbp_voice_count":0,"_bbp_anonymous_reply_count":0,"_bbp_topic_count_hidden":0,"_bbp_reply_count_hidden":0,"_bbp_forum_subforum_count":0,"footnotes":""},"categories":[12,13,14,15,72,1,4,5,74],"tags":[],"class_list":["post-3414","post","type-post","status-publish","format-standard","has-post-thumbnail","hentry","category-3r","category-4t","category-5e","category-6e","category-biblioteca-jv","category-general","category-portada","category-primaria","category-projectes"],"post_mailing_queue_ids":[],"_links":{"self":[{"href":"https:\/\/agora.xtec.cat\/ceip-marti-poch\/wp-json\/wp\/v2\/posts\/3414","targetHints":{"allow":["GET"]}}],"collection":[{"href":"https:\/\/agora.xtec.cat\/ceip-marti-poch\/wp-json\/wp\/v2\/posts"}],"about":[{"href":"https:\/\/agora.xtec.cat\/ceip-marti-poch\/wp-json\/wp\/v2\/types\/post"}],"author":[{"embeddable":true,"href":"https:\/\/agora.xtec.cat\/ceip-marti-poch\/wp-json\/wp\/v2\/users\/1"}],"replies":[{"embeddable":true,"href":"https:\/\/agora.xtec.cat\/ceip-marti-poch\/wp-json\/wp\/v2\/comments?post=3414"}],"version-history":[{"count":1,"href":"https:\/\/agora.xtec.cat\/ceip-marti-poch\/wp-json\/wp\/v2\/posts\/3414\/revisions"}],"predecessor-version":[{"id":3492,"href":"https:\/\/agora.xtec.cat\/ceip-marti-poch\/wp-json\/wp\/v2\/posts\/3414\/revisions\/3492"}],"wp:featuredmedia":[{"embeddable":true,"href":"https:\/\/agora.xtec.cat\/ceip-marti-poch\/wp-json\/wp\/v2\/media\/3491"}],"wp:attachment":[{"href":"https:\/\/agora.xtec.cat\/ceip-marti-poch\/wp-json\/wp\/v2\/media?parent=3414"}],"wp:term":[{"taxonomy":"category","embeddable":true,"href":"https:\/\/agora.xtec.cat\/ceip-marti-poch\/wp-json\/wp\/v2\/categories?post=3414"},{"taxonomy":"post_tag","embeddable":true,"href":"https:\/\/agora.xtec.cat\/ceip-marti-poch\/wp-json\/wp\/v2\/tags?post=3414"}],"curies":[{"name":"wp","href":"https:\/\/api.w.org\/{rel}","templated":true}]}}