{"id":2956,"date":"2019-12-18T13:33:11","date_gmt":"2019-12-18T12:33:11","guid":{"rendered":"http:\/\/agora.xtec.cat\/ceip-marti-poch\/?p=2956"},"modified":"2019-12-18T21:34:04","modified_gmt":"2019-12-18T20:34:04","slug":"els-infants-deducacio-infantil-canten-i-reciten-poemes-nadalencs-a-la-residencia-jaume-i","status":"publish","type":"post","link":"https:\/\/agora.xtec.cat\/ceip-marti-poch\/general\/els-infants-deducacio-infantil-canten-i-reciten-poemes-nadalencs-a-la-residencia-jaume-i\/","title":{"rendered":"ELS INFANTS D&#8217;EDUCACI\u00d3 INFANTIL CANTEN I RECITEN POEMES NADALENCS A LA RESID\u00c8NCIA JAUME I"},"content":{"rendered":"<p style=\"text-align: justify;\">Els infants d&#8217;educaci\u00f3 infantil que llu\u00efen unes boniques i acolorides corones brillants, han recitat poemes als residents de la Resid\u00e8ncia Jaume I.\u00a0 Els avis i \u00e0vies han gaudit dels poemes &#8220;\u00c9s Nadal&#8221;, &#8220;Nadal Blanc&#8221; i &#8221; El Reis d&#8217;Orient&#8221;. Tot seguit han cantat dues precioses nadales &#8220;A Betlem me&#8217;n vull anar&#8221; i &#8220;We Wish you a Merry Christmas&#8221;.<\/p>\n<p>Ens han convidat a esmorzar, una bon\u00edssima coca de sucre amb xocolata!<\/p>\n<p><img loading=\"lazy\" decoding=\"async\" class=\"size-large wp-image-2958 aligncenter\" src=\"https:\/\/agora.xtec.cat\/ceip-marti-poch\/wp-content\/uploads\/usu1040\/2019\/12\/IMG_9023.jpg\" alt=\"\" width=\"640\" height=\"480\" srcset=\"https:\/\/agora.xtec.cat\/ceip-marti-poch\/wp-content\/uploads\/usu1040\/2019\/12\/IMG_9023.jpg 640w, https:\/\/agora.xtec.cat\/ceip-marti-poch\/wp-content\/uploads\/usu1040\/2019\/12\/IMG_9023-300x225.jpg 300w, https:\/\/agora.xtec.cat\/ceip-marti-poch\/wp-content\/uploads\/usu1040\/2019\/12\/IMG_9023-200x150.jpg 200w\" sizes=\"auto, (max-width: 640px) 100vw, 640px\" \/><\/p>\n<p><img loading=\"lazy\" decoding=\"async\" class=\"size-large wp-image-2959 aligncenter\" src=\"https:\/\/agora.xtec.cat\/ceip-marti-poch\/wp-content\/uploads\/usu1040\/2019\/12\/IMG_8993.jpg\" alt=\"\" width=\"640\" height=\"480\" srcset=\"https:\/\/agora.xtec.cat\/ceip-marti-poch\/wp-content\/uploads\/usu1040\/2019\/12\/IMG_8993.jpg 640w, https:\/\/agora.xtec.cat\/ceip-marti-poch\/wp-content\/uploads\/usu1040\/2019\/12\/IMG_8993-300x225.jpg 300w, https:\/\/agora.xtec.cat\/ceip-marti-poch\/wp-content\/uploads\/usu1040\/2019\/12\/IMG_8993-200x150.jpg 200w\" sizes=\"auto, (max-width: 640px) 100vw, 640px\" \/><\/p>\n<p style=\"text-align: center;\">Ens hi han acompanyat les mestres jubilades i volunt\u00e0ries, l&#8217;Elvira Farr\u00e9 i la M.Dolors Foguet! Gr\u00e0cies!<\/p>\n<p><img loading=\"lazy\" decoding=\"async\" class=\"size-full wp-image-2960 aligncenter\" src=\"https:\/\/agora.xtec.cat\/ceip-marti-poch\/wp-content\/uploads\/usu1040\/2019\/12\/IMG_9001.jpg\" alt=\"\" width=\"640\" height=\"480\" srcset=\"https:\/\/agora.xtec.cat\/ceip-marti-poch\/wp-content\/uploads\/usu1040\/2019\/12\/IMG_9001.jpg 640w, https:\/\/agora.xtec.cat\/ceip-marti-poch\/wp-content\/uploads\/usu1040\/2019\/12\/IMG_9001-300x225.jpg 300w, https:\/\/agora.xtec.cat\/ceip-marti-poch\/wp-content\/uploads\/usu1040\/2019\/12\/IMG_9001-200x150.jpg 200w\" sizes=\"auto, (max-width: 640px) 100vw, 640px\" \/><\/p>\n<p><img loading=\"lazy\" decoding=\"async\" class=\"size-large wp-image-2962 aligncenter\" src=\"https:\/\/agora.xtec.cat\/ceip-marti-poch\/wp-content\/uploads\/usu1040\/2019\/12\/IMG_9010.jpg\" alt=\"\" width=\"640\" height=\"480\" srcset=\"https:\/\/agora.xtec.cat\/ceip-marti-poch\/wp-content\/uploads\/usu1040\/2019\/12\/IMG_9010.jpg 640w, https:\/\/agora.xtec.cat\/ceip-marti-poch\/wp-content\/uploads\/usu1040\/2019\/12\/IMG_9010-300x225.jpg 300w, https:\/\/agora.xtec.cat\/ceip-marti-poch\/wp-content\/uploads\/usu1040\/2019\/12\/IMG_9010-200x150.jpg 200w\" sizes=\"auto, (max-width: 640px) 100vw, 640px\" \/><\/p>\n<p><img loading=\"lazy\" decoding=\"async\" class=\"size-large wp-image-2963 aligncenter\" src=\"https:\/\/agora.xtec.cat\/ceip-marti-poch\/wp-content\/uploads\/usu1040\/2019\/12\/IMG_9014.jpg\" alt=\"\" width=\"640\" height=\"480\" srcset=\"https:\/\/agora.xtec.cat\/ceip-marti-poch\/wp-content\/uploads\/usu1040\/2019\/12\/IMG_9014.jpg 640w, https:\/\/agora.xtec.cat\/ceip-marti-poch\/wp-content\/uploads\/usu1040\/2019\/12\/IMG_9014-300x225.jpg 300w, https:\/\/agora.xtec.cat\/ceip-marti-poch\/wp-content\/uploads\/usu1040\/2019\/12\/IMG_9014-200x150.jpg 200w\" sizes=\"auto, (max-width: 640px) 100vw, 640px\" \/><\/p>\n<p><img loading=\"lazy\" decoding=\"async\" class=\"alignnone size-large wp-image-2967\" src=\"https:\/\/agora.xtec.cat\/ceip-marti-poch\/wp-content\/uploads\/usu1040\/2019\/12\/919533f9-1bf1-48c5-bc4e-8331125c6ba5-1024x768.jpg\" alt=\"\" width=\"1024\" height=\"768\" srcset=\"https:\/\/agora.xtec.cat\/ceip-marti-poch\/wp-content\/uploads\/usu1040\/2019\/12\/919533f9-1bf1-48c5-bc4e-8331125c6ba5-1024x768.jpg 1024w, https:\/\/agora.xtec.cat\/ceip-marti-poch\/wp-content\/uploads\/usu1040\/2019\/12\/919533f9-1bf1-48c5-bc4e-8331125c6ba5-300x225.jpg 300w, https:\/\/agora.xtec.cat\/ceip-marti-poch\/wp-content\/uploads\/usu1040\/2019\/12\/919533f9-1bf1-48c5-bc4e-8331125c6ba5-768x576.jpg 768w, https:\/\/agora.xtec.cat\/ceip-marti-poch\/wp-content\/uploads\/usu1040\/2019\/12\/919533f9-1bf1-48c5-bc4e-8331125c6ba5-200x150.jpg 200w, https:\/\/agora.xtec.cat\/ceip-marti-poch\/wp-content\/uploads\/usu1040\/2019\/12\/919533f9-1bf1-48c5-bc4e-8331125c6ba5.jpg 2016w\" sizes=\"auto, (max-width: 1024px) 100vw, 1024px\" \/><\/p>\n<p><img loading=\"lazy\" decoding=\"async\" class=\"size-large wp-image-2964 aligncenter\" src=\"https:\/\/agora.xtec.cat\/ceip-marti-poch\/wp-content\/uploads\/usu1040\/2019\/12\/IMG_9016.jpg\" alt=\"\" width=\"640\" height=\"480\" srcset=\"https:\/\/agora.xtec.cat\/ceip-marti-poch\/wp-content\/uploads\/usu1040\/2019\/12\/IMG_9016.jpg 640w, https:\/\/agora.xtec.cat\/ceip-marti-poch\/wp-content\/uploads\/usu1040\/2019\/12\/IMG_9016-300x225.jpg 300w, https:\/\/agora.xtec.cat\/ceip-marti-poch\/wp-content\/uploads\/usu1040\/2019\/12\/IMG_9016-200x150.jpg 200w\" sizes=\"auto, (max-width: 640px) 100vw, 640px\" \/><\/p>\n<p><img loading=\"lazy\" decoding=\"async\" class=\"size-large wp-image-2965 aligncenter\" src=\"https:\/\/agora.xtec.cat\/ceip-marti-poch\/wp-content\/uploads\/usu1040\/2019\/12\/IMG_9018.jpg\" alt=\"\" width=\"640\" height=\"480\" srcset=\"https:\/\/agora.xtec.cat\/ceip-marti-poch\/wp-content\/uploads\/usu1040\/2019\/12\/IMG_9018.jpg 640w, https:\/\/agora.xtec.cat\/ceip-marti-poch\/wp-content\/uploads\/usu1040\/2019\/12\/IMG_9018-300x225.jpg 300w, https:\/\/agora.xtec.cat\/ceip-marti-poch\/wp-content\/uploads\/usu1040\/2019\/12\/IMG_9018-200x150.jpg 200w\" sizes=\"auto, (max-width: 640px) 100vw, 640px\" \/><\/p>\n<h2 style=\"text-align: center;\"><strong>Creiem que feien moooooolt de goig!<\/strong><\/h2>\n<p>&nbsp;<\/p>\n","protected":false},"excerpt":{"rendered":"<p>Els infants d&#8217;educaci\u00f3 infantil que llu\u00efen unes boniques i acolorides corones brillants, han recitat poemes als residents de la Resid\u00e8ncia Jaume I.\u00a0 Els avis i \u00e0vies han gaudit dels poemes &#8220;\u00c9s Nadal&#8221;, &#8220;Nadal Blanc&#8221; i &#8221; El Reis d&#8217;Orient&#8221;. Tot seguit han cantat dues precioses&hellip;  <a href=\"https:\/\/agora.xtec.cat\/ceip-marti-poch\/general\/els-infants-deducacio-infantil-canten-i-reciten-poemes-nadalencs-a-la-residencia-jaume-i\/\" title=\"Read ELS INFANTS D&#8217;EDUCACI\u00d3 INFANTIL CANTEN I RECITEN POEMES NADALENCS A LA RESID\u00c8NCIA JAUME I\">Llegeix m\u00e9s\u00bb<\/a><\/p>\n","protected":false},"author":4,"featured_media":2958,"comment_status":"open","ping_status":"closed","sticky":false,"template":"","format":"standard","meta":{"_bbp_topic_count":0,"_bbp_reply_count":0,"_bbp_total_topic_count":0,"_bbp_total_reply_count":0,"_bbp_voice_count":0,"_bbp_anonymous_reply_count":0,"_bbp_topic_count_hidden":0,"_bbp_reply_count_hidden":0,"_bbp_forum_subforum_count":0,"footnotes":""},"categories":[70,1,3,8,9,2,4,82],"tags":[65,87,63,88,86,64,83],"class_list":["post-2956","post","type-post","status-publish","format-standard","has-post-thumbnail","hentry","category-festes-i-tradicions","category-general","category-i3","category-i4","category-i5","category-infantil","category-portada","category-visites","tag-art","tag-expressio-oral","tag-families","tag-musica","tag-nadal","tag-projectes","tag-visites"],"post_mailing_queue_ids":[],"_links":{"self":[{"href":"https:\/\/agora.xtec.cat\/ceip-marti-poch\/wp-json\/wp\/v2\/posts\/2956","targetHints":{"allow":["GET"]}}],"collection":[{"href":"https:\/\/agora.xtec.cat\/ceip-marti-poch\/wp-json\/wp\/v2\/posts"}],"about":[{"href":"https:\/\/agora.xtec.cat\/ceip-marti-poch\/wp-json\/wp\/v2\/types\/post"}],"author":[{"embeddable":true,"href":"https:\/\/agora.xtec.cat\/ceip-marti-poch\/wp-json\/wp\/v2\/users\/4"}],"replies":[{"embeddable":true,"href":"https:\/\/agora.xtec.cat\/ceip-marti-poch\/wp-json\/wp\/v2\/comments?post=2956"}],"version-history":[{"count":3,"href":"https:\/\/agora.xtec.cat\/ceip-marti-poch\/wp-json\/wp\/v2\/posts\/2956\/revisions"}],"predecessor-version":[{"id":2972,"href":"https:\/\/agora.xtec.cat\/ceip-marti-poch\/wp-json\/wp\/v2\/posts\/2956\/revisions\/2972"}],"wp:featuredmedia":[{"embeddable":true,"href":"https:\/\/agora.xtec.cat\/ceip-marti-poch\/wp-json\/wp\/v2\/media\/2958"}],"wp:attachment":[{"href":"https:\/\/agora.xtec.cat\/ceip-marti-poch\/wp-json\/wp\/v2\/media?parent=2956"}],"wp:term":[{"taxonomy":"category","embeddable":true,"href":"https:\/\/agora.xtec.cat\/ceip-marti-poch\/wp-json\/wp\/v2\/categories?post=2956"},{"taxonomy":"post_tag","embeddable":true,"href":"https:\/\/agora.xtec.cat\/ceip-marti-poch\/wp-json\/wp\/v2\/tags?post=2956"}],"curies":[{"name":"wp","href":"https:\/\/api.w.org\/{rel}","templated":true}]}}