{"id":1337,"date":"2018-04-25T16:04:05","date_gmt":"2018-04-25T14:04:05","guid":{"rendered":"http:\/\/agora.xtec.cat\/ceip-marti-poch\/?p=1337"},"modified":"2018-05-03T20:06:10","modified_gmt":"2018-05-03T18:06:10","slug":"iii-ruta-literaria-a-lescola-marti-poch","status":"publish","type":"post","link":"https:\/\/agora.xtec.cat\/ceip-marti-poch\/general\/iii-ruta-literaria-a-lescola-marti-poch\/","title":{"rendered":"III Ruta Liter\u00e0ria a l\u2019Escola Mart\u00ed Poch"},"content":{"rendered":"<p style=\"text-align: justify;\">El passat dia 23 d\u2019abril, dia on a Catalunya es celebra la Diada de Sant Jordi, els alumnes de 6\u00e8 de l\u2019escola Mart\u00ed Poch, van organitzar la III Ruta Liter\u00e0ria per diferents racons de l\u2019escola.<\/p>\n<p style=\"text-align: justify;\">Una ruta liter\u00e0ria consisteix en seleccionar uns llocs emblem\u00e0tics d\u2019algun indret, localitat i\/o espai on, seguidament, es van recitant alguns poemes, can\u00e7ons o relats. Aquests textos, normalment, s\u00f3n significatius i adquireixen una relaci\u00f3 amb l\u2019espai on es reciten.<\/p>\n<p style=\"text-align: justify;\">Aix\u00ed doncs, els alumnes de 6\u00e8 van seleccionar els espais m\u00e9s representatius de l\u2019escola: l\u2019entrada decorada amb dracs de Sant Jordi, el gimn\u00e0s, el sorral, l\u2019hort, la biblioteca, la terrassa i l\u2019aula d\u2019angl\u00e8s. Posteriorment, es van distribuir a cada lloc, quedant aix\u00ed entre 2 i 3 alumnes per espai.<\/p>\n<p style=\"text-align: justify;\">La ruta liter\u00e0ria va comen\u00e7ar a partir de les 10:00 del mat\u00ed i totes les classes de l\u2019escola, des de P3 fins a 5\u00e8, van fer un recorregut per cada espai, lloc on cada grup de 6\u00e8 va recitar el poema, can\u00e7\u00f3 o relat, en catal\u00e0, castell\u00e0 i angl\u00e8s. Es varen recitar alguns poemes com <em>El Sant Jordi del futur <\/em>de Jos\u00e9 Manuel Pag\u00e1n, <em>La rebel\u00b7li\u00f3 de la pilota<\/em>, de Joana Raspall o <em>El meu hort<\/em>, de Ricard Bonmat\u00ed, entre d\u2019altres. Durant l\u2019audici\u00f3 calia estar ben atent ja que els alumnes de 6\u00e8 els hi plantejaven als oients un enigma a descobrir.<\/p>\n<p style=\"text-align: justify;\">Cal destacar que els alumnes de 6\u00e8 es van implicar i van gaudir molt amb aquesta activitat i van venir caracteritzats amb elements relacionats amb la tem\u00e0tica del seu poema. Des d\u2019aqu\u00ed volem donar les gr\u00e0cies a tots els alumnes i l\u2019equip docent de l\u2019escola Mart\u00ed Poch per la seva participaci\u00f3 i implicaci\u00f3.<\/p>\n<p style=\"text-align: justify;\"><img loading=\"lazy\" decoding=\"async\" class=\"alignnone wp-image-1342 size-medium\" src=\"http:\/\/agora.xtec.cat\/ceip-marti-poch\/wp-content\/uploads\/usu1040\/2018\/04\/3-1-300x225.jpg\" alt=\"\" width=\"300\" height=\"225\" srcset=\"https:\/\/agora.xtec.cat\/ceip-marti-poch\/wp-content\/uploads\/usu1040\/2018\/04\/3-1-300x225.jpg 300w, https:\/\/agora.xtec.cat\/ceip-marti-poch\/wp-content\/uploads\/usu1040\/2018\/04\/3-1-200x150.jpg 200w, https:\/\/agora.xtec.cat\/ceip-marti-poch\/wp-content\/uploads\/usu1040\/2018\/04\/3-1.jpg 448w\" sizes=\"auto, (max-width: 300px) 100vw, 300px\" \/><\/p>\n<p style=\"text-align: justify;\"><img loading=\"lazy\" decoding=\"async\" class=\"alignnone wp-image-1339 size-medium\" src=\"http:\/\/agora.xtec.cat\/ceip-marti-poch\/wp-content\/uploads\/usu1040\/2018\/04\/2-1-300x225.jpg\" alt=\"\" width=\"300\" height=\"225\" srcset=\"https:\/\/agora.xtec.cat\/ceip-marti-poch\/wp-content\/uploads\/usu1040\/2018\/04\/2-1-300x225.jpg 300w, https:\/\/agora.xtec.cat\/ceip-marti-poch\/wp-content\/uploads\/usu1040\/2018\/04\/2-1-768x576.jpg 768w, https:\/\/agora.xtec.cat\/ceip-marti-poch\/wp-content\/uploads\/usu1040\/2018\/04\/2-1-200x150.jpg 200w, https:\/\/agora.xtec.cat\/ceip-marti-poch\/wp-content\/uploads\/usu1040\/2018\/04\/2-1.jpg 960w\" sizes=\"auto, (max-width: 300px) 100vw, 300px\" \/> <img loading=\"lazy\" decoding=\"async\" class=\"alignnone wp-image-1338 size-medium\" src=\"http:\/\/agora.xtec.cat\/ceip-marti-poch\/wp-content\/uploads\/usu1040\/2018\/04\/1-1-300x225.jpg\" alt=\"\" width=\"300\" height=\"225\" srcset=\"https:\/\/agora.xtec.cat\/ceip-marti-poch\/wp-content\/uploads\/usu1040\/2018\/04\/1-1-300x225.jpg 300w, https:\/\/agora.xtec.cat\/ceip-marti-poch\/wp-content\/uploads\/usu1040\/2018\/04\/1-1-768x576.jpg 768w, https:\/\/agora.xtec.cat\/ceip-marti-poch\/wp-content\/uploads\/usu1040\/2018\/04\/1-1-200x150.jpg 200w, https:\/\/agora.xtec.cat\/ceip-marti-poch\/wp-content\/uploads\/usu1040\/2018\/04\/1-1.jpg 960w\" sizes=\"auto, (max-width: 300px) 100vw, 300px\" \/><\/p>\n<p style=\"text-align: justify;\">Alumnes de sis\u00e8<\/p>\n","protected":false},"excerpt":{"rendered":"<p>El passat dia 23 d\u2019abril, dia on a Catalunya es celebra la Diada de Sant Jordi, els alumnes de 6\u00e8 de l\u2019escola Mart\u00ed Poch, van organitzar la III Ruta Liter\u00e0ria per diferents racons de l\u2019escola. Una ruta liter\u00e0ria consisteix en seleccionar uns llocs emblem\u00e0tics d\u2019algun indret, localitat i\/o espai on, seguidament, es van recitant alguns [&hellip;]<\/p>\n","protected":false},"author":1,"featured_media":1342,"comment_status":"open","ping_status":"closed","sticky":false,"template":"","format":"standard","meta":{"_bbp_topic_count":0,"_bbp_reply_count":0,"_bbp_total_topic_count":0,"_bbp_total_reply_count":0,"_bbp_voice_count":0,"_bbp_anonymous_reply_count":0,"_bbp_topic_count_hidden":0,"_bbp_reply_count_hidden":0,"_bbp_forum_subforum_count":0,"site-sidebar-layout":"default","site-content-layout":"","ast-site-content-layout":"","site-content-style":"default","site-sidebar-style":"default","ast-global-header-display":"","ast-banner-title-visibility":"","ast-main-header-display":"","ast-hfb-above-header-display":"","ast-hfb-below-header-display":"","ast-hfb-mobile-header-display":"","site-post-title":"","ast-breadcrumbs-content":"","ast-featured-img":"","footer-sml-layout":"","theme-transparent-header-meta":"","adv-header-id-meta":"","stick-header-meta":"","header-above-stick-meta":"","header-main-stick-meta":"","header-below-stick-meta":"","astra-migrate-meta-layouts":"default","ast-page-background-enabled":"default","ast-page-background-meta":{"desktop":{"background-color":"var(--ast-global-color-4)","background-image":"","background-repeat":"repeat","background-position":"center center","background-size":"auto","background-attachment":"scroll","background-type":"","background-media":"","overlay-type":"","overlay-color":"","overlay-opacity":"","overlay-gradient":""},"tablet":{"background-color":"","background-image":"","background-repeat":"repeat","background-position":"center center","background-size":"auto","background-attachment":"scroll","background-type":"","background-media":"","overlay-type":"","overlay-color":"","overlay-opacity":"","overlay-gradient":""},"mobile":{"background-color":"","background-image":"","background-repeat":"repeat","background-position":"center center","background-size":"auto","background-attachment":"scroll","background-type":"","background-media":"","overlay-type":"","overlay-color":"","overlay-opacity":"","overlay-gradient":""}},"ast-content-background-meta":{"desktop":{"background-color":"var(--ast-global-color-5)","background-image":"","background-repeat":"repeat","background-position":"center center","background-size":"auto","background-attachment":"scroll","background-type":"","background-media":"","overlay-type":"","overlay-color":"","overlay-opacity":"","overlay-gradient":""},"tablet":{"background-color":"var(--ast-global-color-5)","background-image":"","background-repeat":"repeat","background-position":"center center","background-size":"auto","background-attachment":"scroll","background-type":"","background-media":"","overlay-type":"","overlay-color":"","overlay-opacity":"","overlay-gradient":""},"mobile":{"background-color":"var(--ast-global-color-5)","background-image":"","background-repeat":"repeat","background-position":"center center","background-size":"auto","background-attachment":"scroll","background-type":"","background-media":"","overlay-type":"","overlay-color":"","overlay-opacity":"","overlay-gradient":""}},"footnotes":""},"categories":[10,11,12,13,14,15,1,4],"tags":[],"class_list":["post-1337","post","type-post","status-publish","format-standard","has-post-thumbnail","hentry","category-1r","category-2n","category-3r","category-4t","category-5e","category-6e","category-general","category-portada"],"post_mailing_queue_ids":[],"_links":{"self":[{"href":"https:\/\/agora.xtec.cat\/ceip-marti-poch\/wp-json\/wp\/v2\/posts\/1337","targetHints":{"allow":["GET"]}}],"collection":[{"href":"https:\/\/agora.xtec.cat\/ceip-marti-poch\/wp-json\/wp\/v2\/posts"}],"about":[{"href":"https:\/\/agora.xtec.cat\/ceip-marti-poch\/wp-json\/wp\/v2\/types\/post"}],"author":[{"embeddable":true,"href":"https:\/\/agora.xtec.cat\/ceip-marti-poch\/wp-json\/wp\/v2\/users\/1"}],"replies":[{"embeddable":true,"href":"https:\/\/agora.xtec.cat\/ceip-marti-poch\/wp-json\/wp\/v2\/comments?post=1337"}],"version-history":[{"count":1,"href":"https:\/\/agora.xtec.cat\/ceip-marti-poch\/wp-json\/wp\/v2\/posts\/1337\/revisions"}],"predecessor-version":[{"id":1343,"href":"https:\/\/agora.xtec.cat\/ceip-marti-poch\/wp-json\/wp\/v2\/posts\/1337\/revisions\/1343"}],"wp:featuredmedia":[{"embeddable":true,"href":"https:\/\/agora.xtec.cat\/ceip-marti-poch\/wp-json\/wp\/v2\/media\/1342"}],"wp:attachment":[{"href":"https:\/\/agora.xtec.cat\/ceip-marti-poch\/wp-json\/wp\/v2\/media?parent=1337"}],"wp:term":[{"taxonomy":"category","embeddable":true,"href":"https:\/\/agora.xtec.cat\/ceip-marti-poch\/wp-json\/wp\/v2\/categories?post=1337"},{"taxonomy":"post_tag","embeddable":true,"href":"https:\/\/agora.xtec.cat\/ceip-marti-poch\/wp-json\/wp\/v2\/tags?post=1337"}],"curies":[{"name":"wp","href":"https:\/\/api.w.org\/{rel}","templated":true}]}}