{"id":1136,"date":"2018-03-20T09:16:16","date_gmt":"2018-03-20T08:16:16","guid":{"rendered":"http:\/\/agora.xtec.cat\/ceip-marti-poch\/?p=1136"},"modified":"2018-03-21T09:20:26","modified_gmt":"2018-03-21T08:20:26","slug":"certamen-nacional-de-lectura-en-veu-alta","status":"publish","type":"post","link":"https:\/\/agora.xtec.cat\/ceip-marti-poch\/portada\/certamen-nacional-de-lectura-en-veu-alta\/","title":{"rendered":"CERTAMEN NACIONAL DE LECTURA EN VEU ALTA"},"content":{"rendered":"<div class=\"entry-content\">\n<p style=\"text-align: justify;\">Divendres 16 de mar\u00e7 els alumnes d\u2019educaci\u00f3 prim\u00e0ria van gaudir de les lectures en veu alta dels seus companys i companyes. Tamb\u00e9 ens va acompanyar la Rosa Mateu que els va poder assessorar i resoldre dubtes i temors.<\/p>\n<p style=\"text-align: justify;\"><img loading=\"lazy\" decoding=\"async\" class=\"aligncenter size-large\" src=\"http:\/\/www.lecturaenveualta.cat\/wp-content\/uploads\/capc%CC%A7alera_web_XIV-CLVA.jpg\" width=\"340\" height=\"155\"><\/p>\n<p style=\"text-align: justify;\">Despr\u00e9s d\u2019escoltar les lectures que els alumnes s\u2019havien preparat, de parlar-ne molt, ja que tots ells ho havien fet molt b\u00e9, i veure les puntuacions aconseguides, s\u2019ha decidit quines alumnes seran les representants de l\u2019escola al XIV CERTAMEN LVA que es realitzar\u00e0 el mes d\u2019abril a Reus.<\/p>\n<p style=\"text-align: justify;\">La finalista de 4t ha estat la<strong> BRUNA RIB\u00c9<\/strong>&nbsp;<strong>FONOLL&nbsp;<\/strong>i la suplent&nbsp;&nbsp;<strong>AWEN DE CACQUERAY<\/strong>. Moltes felicitats i a preparar-se molt b\u00e9 les lectures. Sereu unes representants excepcionals!<\/p>\n<p style=\"text-align: justify;\"><img loading=\"lazy\" decoding=\"async\" class=\"aligncenter size-large\" src=\"https:\/\/scontent-mad1-1.xx.fbcdn.net\/v\/t1.0-9\/29313716_1830585040305803_1780405798371852288_n.jpg?_nc_cat=0&amp;oh=1c22b1a181cf7704d093bef3a836f5ae&amp;oe=5B3170D7\" width=\"960\" height=\"720\"><\/p>\n<p style=\"text-align: justify;\"><img loading=\"lazy\" decoding=\"async\" class=\"alignnone size-large\" src=\"https:\/\/scontent-mad1-1.xx.fbcdn.net\/v\/t1.0-9\/29243791_1830585270305780_2978198990983528448_n.jpg?oh=a477e71628771fb917ab9a21a3c82a97&amp;oe=5B3A4389\" width=\"960\" height=\"720\"><\/p>\n<\/p><\/div>\n","protected":false},"excerpt":{"rendered":"<p>Divendres 16 de mar\u00e7 els alumnes d\u2019educaci\u00f3 prim\u00e0ria van gaudir de les lectures en veu alta dels seus companys i companyes. Tamb\u00e9 ens va acompanyar la Rosa Mateu que els va poder assessorar i resoldre dubtes i temors.<br \/>\n<img loading=\"lazy\" decoding=\"async\" class=\"aligncenter size-large\" src=\"http:\/\/www.lecturaenveualta.cat\/wp-content\/uploads\/capc%CC%A7alera_web_XIV-CLVA.jpg\" width=\"340\" height=\"155\">&hellip;  <a href=\"https:\/\/agora.xtec.cat\/ceip-marti-poch\/portada\/certamen-nacional-de-lectura-en-veu-alta\/\" title=\"Read CERTAMEN NACIONAL DE LECTURA EN VEU ALTA\">Llegeix m\u00e9s\u00bb<\/a><\/p>\n","protected":false},"author":1,"featured_media":0,"comment_status":"open","ping_status":"closed","sticky":false,"template":"","format":"standard","meta":{"_bbp_topic_count":0,"_bbp_reply_count":0,"_bbp_total_topic_count":0,"_bbp_total_reply_count":0,"_bbp_voice_count":0,"_bbp_anonymous_reply_count":0,"_bbp_topic_count_hidden":0,"_bbp_reply_count_hidden":0,"_bbp_forum_subforum_count":0,"footnotes":""},"categories":[10,11,12,13,14,15,4,5],"tags":[],"class_list":["post-1136","post","type-post","status-publish","format-standard","hentry","category-1r","category-2n","category-3r","category-4t","category-5e","category-6e","category-portada","category-primaria"],"post_mailing_queue_ids":[],"_links":{"self":[{"href":"https:\/\/agora.xtec.cat\/ceip-marti-poch\/wp-json\/wp\/v2\/posts\/1136","targetHints":{"allow":["GET"]}}],"collection":[{"href":"https:\/\/agora.xtec.cat\/ceip-marti-poch\/wp-json\/wp\/v2\/posts"}],"about":[{"href":"https:\/\/agora.xtec.cat\/ceip-marti-poch\/wp-json\/wp\/v2\/types\/post"}],"author":[{"embeddable":true,"href":"https:\/\/agora.xtec.cat\/ceip-marti-poch\/wp-json\/wp\/v2\/users\/1"}],"replies":[{"embeddable":true,"href":"https:\/\/agora.xtec.cat\/ceip-marti-poch\/wp-json\/wp\/v2\/comments?post=1136"}],"version-history":[{"count":1,"href":"https:\/\/agora.xtec.cat\/ceip-marti-poch\/wp-json\/wp\/v2\/posts\/1136\/revisions"}],"predecessor-version":[{"id":1138,"href":"https:\/\/agora.xtec.cat\/ceip-marti-poch\/wp-json\/wp\/v2\/posts\/1136\/revisions\/1138"}],"wp:attachment":[{"href":"https:\/\/agora.xtec.cat\/ceip-marti-poch\/wp-json\/wp\/v2\/media?parent=1136"}],"wp:term":[{"taxonomy":"category","embeddable":true,"href":"https:\/\/agora.xtec.cat\/ceip-marti-poch\/wp-json\/wp\/v2\/categories?post=1136"},{"taxonomy":"post_tag","embeddable":true,"href":"https:\/\/agora.xtec.cat\/ceip-marti-poch\/wp-json\/wp\/v2\/tags?post=1136"}],"curies":[{"name":"wp","href":"https:\/\/api.w.org\/{rel}","templated":true}]}}