{"id":3862,"date":"2024-10-28T08:12:33","date_gmt":"2024-10-28T07:12:33","guid":{"rendered":"https:\/\/agora.xtec.cat\/ceip-marinada\/?p=3862"},"modified":"2024-10-28T10:48:09","modified_gmt":"2024-10-28T09:48:09","slug":"xerrada-dels-zoolegs-ricard-i-cristina","status":"publish","type":"post","link":"https:\/\/agora.xtec.cat\/ceip-marinada\/general\/xerrada-dels-zoolegs-ricard-i-cristina\/","title":{"rendered":"Xerrada dels zo\u00f2legs Ricard i Cristina"},"content":{"rendered":"<p>El dimarts 22, l&#8217;alumnat de cicle mitj\u00e0 va rebre la visita d&#8217;en Ricard i la Cristina, el pare i la mare de la Laura. S\u00f3n zo\u00f2legs i ens van fer una xerrada interessant\u00edssima sobre el m\u00f3n dels invertebrats. Entre d&#8217;altres coses, ens van descobrir que la balena blava no \u00e9s l&#8217;animal m\u00e9s gran del m\u00f3n, sin\u00f3 que \u00e9s la medusa crinera de lle\u00f3&#8230; Sab\u00edeu que les abelles es comuniquen a trav\u00e9s d&#8217;un <em>ball<\/em> per compartir-se on est\u00e0 el pol\u00b7len m\u00e9s bo? Brutal!<\/p>\n<p>Feu clic a la fotografia per a poder veure&#8217;n m\u00e9s.<\/p>\n<p><a href=\"https:\/\/drive.google.com\/drive\/folders\/1rkAu-7YNHhPGZtRSOo0XRY36LjOiSY22?usp=sharing\"><img loading=\"lazy\" decoding=\"async\" class=\"alignnone size-medium wp-image-3865\" src=\"https:\/\/agora.xtec.cat\/ceip-marinada\/wp-content\/uploads\/usu196\/2024\/10\/20241022_151912-1-300x140.jpg\" alt=\"\" width=\"300\" height=\"140\" srcset=\"https:\/\/agora.xtec.cat\/ceip-marinada\/wp-content\/uploads\/usu196\/2024\/10\/20241022_151912-1-300x140.jpg 300w, https:\/\/agora.xtec.cat\/ceip-marinada\/wp-content\/uploads\/usu196\/2024\/10\/20241022_151912-1-1024x478.jpg 1024w, https:\/\/agora.xtec.cat\/ceip-marinada\/wp-content\/uploads\/usu196\/2024\/10\/20241022_151912-1-768x359.jpg 768w, https:\/\/agora.xtec.cat\/ceip-marinada\/wp-content\/uploads\/usu196\/2024\/10\/20241022_151912-1-1536x717.jpg 1536w, https:\/\/agora.xtec.cat\/ceip-marinada\/wp-content\/uploads\/usu196\/2024\/10\/20241022_151912-1-2048x956.jpg 2048w\" sizes=\"auto, (max-width: 300px) 100vw, 300px\" \/><\/a><\/p>\n","protected":false},"excerpt":{"rendered":"<p>El dimarts 22, l&#8217;alumnat de cicle mitj\u00e0 va rebre la visita d&#8217;en Ricard i la Cristina, el pare i la [&hellip;]<\/p>\n","protected":false},"author":10,"featured_media":3865,"comment_status":"open","ping_status":"closed","sticky":false,"template":"","format":"standard","meta":{"_bbp_topic_count":0,"_bbp_reply_count":0,"_bbp_total_topic_count":0,"_bbp_total_reply_count":0,"_bbp_voice_count":0,"_bbp_anonymous_reply_count":0,"_bbp_topic_count_hidden":0,"_bbp_reply_count_hidden":0,"_bbp_forum_subforum_count":0,"site-sidebar-layout":"default","site-content-layout":"","ast-site-content-layout":"","site-content-style":"default","site-sidebar-style":"default","ast-global-header-display":"","ast-banner-title-visibility":"","ast-main-header-display":"","ast-hfb-above-header-display":"","ast-hfb-below-header-display":"","ast-hfb-mobile-header-display":"","site-post-title":"","ast-breadcrumbs-content":"","ast-featured-img":"","footer-sml-layout":"","theme-transparent-header-meta":"","adv-header-id-meta":"","stick-header-meta":"","header-above-stick-meta":"","header-main-stick-meta":"","header-below-stick-meta":"","astra-migrate-meta-layouts":"default","ast-page-background-enabled":"default","ast-page-background-meta":{"desktop":{"background-color":"var(--ast-global-color-4)","background-image":"","background-repeat":"repeat","background-position":"center center","background-size":"auto","background-attachment":"scroll","background-type":"","background-media":"","overlay-type":"","overlay-color":"","overlay-opacity":"","overlay-gradient":""},"tablet":{"background-color":"","background-image":"","background-repeat":"repeat","background-position":"center center","background-size":"auto","background-attachment":"scroll","background-type":"","background-media":"","overlay-type":"","overlay-color":"","overlay-opacity":"","overlay-gradient":""},"mobile":{"background-color":"","background-image":"","background-repeat":"repeat","background-position":"center center","background-size":"auto","background-attachment":"scroll","background-type":"","background-media":"","overlay-type":"","overlay-color":"","overlay-opacity":"","overlay-gradient":""}},"ast-content-background-meta":{"desktop":{"background-color":"var(--ast-global-color-5)","background-image":"","background-repeat":"repeat","background-position":"center center","background-size":"auto","background-attachment":"scroll","background-type":"","background-media":"","overlay-type":"","overlay-color":"","overlay-opacity":"","overlay-gradient":""},"tablet":{"background-color":"var(--ast-global-color-5)","background-image":"","background-repeat":"repeat","background-position":"center center","background-size":"auto","background-attachment":"scroll","background-type":"","background-media":"","overlay-type":"","overlay-color":"","overlay-opacity":"","overlay-gradient":""},"mobile":{"background-color":"var(--ast-global-color-5)","background-image":"","background-repeat":"repeat","background-position":"center center","background-size":"auto","background-attachment":"scroll","background-type":"","background-media":"","overlay-type":"","overlay-color":"","overlay-opacity":"","overlay-gradient":""}},"footnotes":""},"categories":[91,1,4,5],"tags":[],"class_list":["post-3862","post","type-post","status-publish","format-standard","has-post-thumbnail","hentry","category-cicle_mitja","category-general","category-portada","category-primaria"],"post_mailing_queue_ids":[],"_links":{"self":[{"href":"https:\/\/agora.xtec.cat\/ceip-marinada\/wp-json\/wp\/v2\/posts\/3862","targetHints":{"allow":["GET"]}}],"collection":[{"href":"https:\/\/agora.xtec.cat\/ceip-marinada\/wp-json\/wp\/v2\/posts"}],"about":[{"href":"https:\/\/agora.xtec.cat\/ceip-marinada\/wp-json\/wp\/v2\/types\/post"}],"author":[{"embeddable":true,"href":"https:\/\/agora.xtec.cat\/ceip-marinada\/wp-json\/wp\/v2\/users\/10"}],"replies":[{"embeddable":true,"href":"https:\/\/agora.xtec.cat\/ceip-marinada\/wp-json\/wp\/v2\/comments?post=3862"}],"version-history":[{"count":5,"href":"https:\/\/agora.xtec.cat\/ceip-marinada\/wp-json\/wp\/v2\/posts\/3862\/revisions"}],"predecessor-version":[{"id":3869,"href":"https:\/\/agora.xtec.cat\/ceip-marinada\/wp-json\/wp\/v2\/posts\/3862\/revisions\/3869"}],"wp:featuredmedia":[{"embeddable":true,"href":"https:\/\/agora.xtec.cat\/ceip-marinada\/wp-json\/wp\/v2\/media\/3865"}],"wp:attachment":[{"href":"https:\/\/agora.xtec.cat\/ceip-marinada\/wp-json\/wp\/v2\/media?parent=3862"}],"wp:term":[{"taxonomy":"category","embeddable":true,"href":"https:\/\/agora.xtec.cat\/ceip-marinada\/wp-json\/wp\/v2\/categories?post=3862"},{"taxonomy":"post_tag","embeddable":true,"href":"https:\/\/agora.xtec.cat\/ceip-marinada\/wp-json\/wp\/v2\/tags?post=3862"}],"curies":[{"name":"wp","href":"https:\/\/api.w.org\/{rel}","templated":true}]}}