{"id":3380,"date":"2023-03-01T15:28:47","date_gmt":"2023-03-01T14:28:47","guid":{"rendered":"https:\/\/agora.xtec.cat\/ceip-marinada\/?p=3380"},"modified":"2023-03-01T15:30:27","modified_gmt":"2023-03-01T14:30:27","slug":"criteris-de-puntuacio-i-documentacio-acredtitativa","status":"publish","type":"post","link":"https:\/\/agora.xtec.cat\/ceip-marinada\/portada\/criteris-de-puntuacio-i-documentacio-acredtitativa\/","title":{"rendered":"Criteris de puntuaci\u00f3 i documentaci\u00f3 acredtitativa"},"content":{"rendered":"<h2><a style=\"font-size: 16px; font-weight: normal;\" title=\"Educaci\u00f3 infantil (0-3 anys)\" href=\"https:\/\/preinscripcio.gencat.cat\/ca\/estudis\/infantil-0-3\/inici\/\"><img decoding=\"async\" class=\"img-responsive\" src=\"https:\/\/preinscripcio.gencat.cat\/web\/.content\/inici\/infantil-0-3.jpg_2147148254.jpg\" alt=\"\" \/><\/a><a title=\"Educaci\u00f3 infantil (3-6 anys)\" href=\"https:\/\/preinscripcio.gencat.cat\/ca\/estudis\/infantil-3-6\/inici\/\"><img decoding=\"async\" class=\"img-responsive\" src=\"https:\/\/preinscripcio.gencat.cat\/web\/.content\/inici\/infantil-3-6-sm.png_2147148254.png\" alt=\"\" \/><\/a><\/h2>\n<div class=\"grafic_destacat col-xs-6 col-sm-3 shadowBox\">\n<div class=\"grafic_destacat_cont box\">\n<p class=\"imatge_text\"><span style=\"font-size: 2.75em;\">Criteris de prioritaris:<\/span><\/p>\n<\/div>\n<\/div>\n<ol>\n<li style=\"font-weight: 400;\" aria-level=\"1\"><span style=\"font-weight: 400;\">Si hi ha\u00a0 <\/span><span style=\"font-weight: 400;\">germans o germanes<\/span><span style=\"font-weight: 400;\"> al centre sol\u00b7licitat, <\/span><b>50 punts<\/b><span style=\"font-weight: 400;\">.<\/span><\/li>\n<li style=\"font-weight: 400;\" aria-level=\"1\"><span style=\"font-weight: 400;\">Proximitat geogr\u00e0fica:<\/span>\n<ul>\n<li style=\"font-weight: 400;\" aria-level=\"2\"><span style=\"font-weight: 400;\">Domicili habitual<\/span><span style=\"font-weight: 400;\">\u00a0 dins la<\/span><span style=\"font-weight: 400;\"> zona educativa<\/span> <b>30 punts<\/b><span style=\"font-weight: 400;\">.<\/span><\/li>\n<li style=\"font-weight: 400;\" aria-level=\"2\"><span style=\"font-weight: 400;\">Lloc de feina del pare, la mare, el tutor o la tutora<\/span><span style=\"font-weight: 400;\"> est\u00e0 dins la <\/span><span style=\"font-weight: 400;\">zona educativa<\/span> <b>20 punts<\/b><span style=\"font-weight: 400;\">.<\/span><\/li>\n<\/ul>\n<\/li>\n<li style=\"font-weight: 400;\" aria-level=\"1\"><span style=\"font-weight: 400;\">Alg\u00fa de la fam\u00edlia percep la <\/span><span style=\"font-weight: 400;\">renda garantida de ciutadania<\/span><span style=\"font-weight: 400;\">,<\/span><b> 15 punts.<\/b><\/li>\n<\/ol>\n<h1><span style=\"font-weight: 400;\">Criteri complementaris:<\/span><\/h1>\n<ol>\n<li style=\"font-weight: 400;\" aria-level=\"1\"><span style=\"font-weight: 400;\">P<\/span><span style=\"font-weight: 400;\">are, mare o tutor\/a legal treballen al centre <\/span><span style=\"font-weight: 400;\">en el moment en qu\u00e8 es presenta la sol\u00b7licitud de preinscripci\u00f3, <\/span><b>10 punts.<\/b><\/li>\n<li style=\"font-weight: 400;\" aria-level=\"1\"><span style=\"font-weight: 400;\">Fam\u00edlia nombrosa<\/span><span style=\"font-weight: 400;\">.\u202f <\/span><b>10 punts<\/b><span style=\"font-weight: 400;\">.<\/span><\/li>\n<li style=\"font-weight: 400;\" aria-level=\"1\"><span style=\"font-weight: 400;\">Fam\u00edlia monoparental<\/span><span style=\"font-weight: 400;\">.<\/span><b> 10 punts.<\/b><\/li>\n<li style=\"font-weight: 400;\" aria-level=\"1\"><span style=\"font-weight: 400;\">Ser<\/span><span style=\"font-weight: 400;\"> bess\u00f3 o trigemin<\/span><span style=\"font-weight: 400;\">.<\/span><b> 10 punts.<\/b><\/li>\n<li style=\"font-weight: 400;\" aria-level=\"1\"><span style=\"font-weight: 400;\">Alumne\/a es troba en situaci\u00f3 d&#8217;<\/span><span style=\"font-weight: 400;\">acolliment familiar<\/span><span style=\"font-weight: 400;\">, <\/span><b>10 punts<\/b><span style=\"font-weight: 400;\">.<\/span><\/li>\n<li style=\"font-weight: 400;\" aria-level=\"1\"><span style=\"font-weight: 400;\">Membre de la fam\u00edlia amb <\/span><span style=\"font-weight: 400;\">discapacitat,<\/span><span style=\"font-weight: 400;\"> (el mateix infant, el pare o la mare, o b\u00e9 algun germ\u00e0 o germana discapacitat<\/span><span style=\"font-weight: 400;\"> igual o superior al 33 %<\/span><span style=\"font-weight: 400;\">) <\/span><b>15 punts.\u00a0<\/b><\/li>\n<li style=\"font-weight: 400;\" aria-level=\"1\"><span style=\"font-weight: 400;\">Condici\u00f3 de <\/span><span style=\"font-weight: 400;\">v\u00edctima de viol\u00e8ncia de g\u00e8nere o de terrorisme<\/span><span style=\"font-weight: 400;\">, <\/span><b>10 punts.<\/b><\/li>\n<\/ol>\n<h1><span style=\"font-weight: 400;\">Els documents necessaris per acreditar els criteris prioritaris s\u00f3n:<\/span><\/h1>\n<p><span style=\"font-weight: 400;\">Proximitat del domicili habitual a l&#8217;escola.\u00a0<\/span><\/p>\n<ul>\n<li style=\"font-weight: 400;\" aria-level=\"1\"><span style=\"font-weight: 400;\">En enviar la sol\u00b7licitud es programa la consulta automatitzada del padr\u00f3.\u00a0<\/span><\/li>\n<li style=\"font-weight: 400;\" aria-level=\"1\"><span style=\"font-weight: 400;\">Si no es poden obtenir les dades del padr\u00f3 cal acreditar la resid\u00e8ncia adjuntant un certificat o volant de conviv\u00e8ncia de l&#8217;alumne, on ha de constar l&#8217;adre\u00e7a del domicili i acreditar que l&#8217;alumne viu com a m\u00ednim amb el pare o la mare que presenta la sol\u00b7licitud.<\/span><\/li>\n<\/ul>\n<p><span style=\"font-weight: 400;\">Per acreditar la proximitat del lloc de treball del pare, la mare o el tutor legal a l&#8217;escola.<\/span><\/p>\n<ul>\n<li style=\"font-weight: 400;\" aria-level=\"1\"><span style=\"font-weight: 400;\">En el cas de les persones assalariades, \u00e9s suficient si s&#8217;aporta el contracte laboral o un certificat em\u00e8s per l&#8217;empresa.\u00a0<\/span><\/li>\n<li style=\"font-weight: 400;\" aria-level=\"1\"><span style=\"font-weight: 400;\">En el cas de ser treballadora o treballador aut\u00f2nom, s&#8217;haur\u00e0 de presentar el model de l&#8217;Ag\u00e8ncia tribut\u00e0ria 036 o 037, on es deixa const\u00e0ncia del domicili en qu\u00e8 es porta a terme l&#8217;activitat.<\/span><\/li>\n<\/ul>\n<p><span style=\"font-weight: 400;\">Per justificar la renda garantida de ciutadania.\u00a0<\/span><\/p>\n<ul>\n<li style=\"font-weight: 400;\" aria-level=\"1\"><span style=\"font-weight: 400;\">Certificaci\u00f3 o la resoluci\u00f3 emesa pel Departament de Drets Socials.<\/span><\/li>\n<\/ul>\n<h1><span style=\"font-weight: 400;\">Els documents necessaris per acreditar els criteris complementaris s\u00f3n:<\/span><\/h1>\n<p><span style=\"font-weight: 400;\">Fam\u00edlia nombrosa.<\/span><\/p>\n<ul>\n<li style=\"font-weight: 400;\" aria-level=\"1\"><span style=\"font-weight: 400;\">Es valida mitjan\u00e7ant consultes interadministratives quan es faci la sol\u00b7licitud de preinscripci\u00f3.\u00a0<\/span><\/li>\n<li style=\"font-weight: 400;\" aria-level=\"1\"><span style=\"font-weight: 400;\">Quan no \u00e9s possible validar-ho o es tracti de t\u00edtols emesos per altres comunitats aut\u00f2nomes, caldr\u00e0 presentar el t\u00edtol de fam\u00edlia nombrosa.<\/span><\/li>\n<\/ul>\n<p><span style=\"font-weight: 400;\">Fam\u00edlia monoparental.\u00a0<\/span><\/p>\n<ul>\n<li style=\"font-weight: 400;\" aria-level=\"1\"><span style=\"font-weight: 400;\">Es valida mitjan\u00e7ant consultes interadministratives quan es faci la sol\u00b7licitud de preinscripci\u00f3.\u00a0<\/span><\/li>\n<li style=\"font-weight: 400;\" aria-level=\"1\"><span style=\"font-weight: 400;\">Quan no \u00e9s possible validar-ho o quan es tracti de t\u00edtols emesos per altres comunitats aut\u00f2nomes, caldr\u00e0 adjuntar el t\u00edtol de fam\u00edlia monoparental.<\/span><\/li>\n<\/ul>\n<p><span style=\"font-weight: 400;\">Part m\u00faltiple.<\/span><\/p>\n<ul>\n<li style=\"font-weight: 400;\" aria-level=\"1\"><span style=\"font-weight: 400;\">Llibre de fam\u00edlia o la certificaci\u00f3 electr\u00f2nica de la inscripci\u00f3 de naixement.<\/span><\/li>\n<\/ul>\n<p><span style=\"font-weight: 400;\">La situaci\u00f3 d&#8217;acolliment familiar.<\/span><\/p>\n<ul>\n<li style=\"font-weight: 400;\" aria-level=\"1\"><span style=\"font-weight: 400;\">Resoluci\u00f3 d&#8217;acolliment del Departament de Drets Socials.<\/span><\/li>\n<\/ul>\n<p><span style=\"font-weight: 400;\">Membre unitat familiar amb discapacitat, igual o superior al 33 % de l&#8217;alumne, del pare o la mare o algun germ\u00e0 o germana.<\/span><\/p>\n<ul>\n<li style=\"font-weight: 400;\" aria-level=\"1\"><span style=\"font-weight: 400;\">Es valida mitjan\u00e7ant consultes interadministratives.\u00a0<\/span><\/li>\n<li style=\"font-weight: 400;\" aria-level=\"1\"><span style=\"font-weight: 400;\">Si no es pot validar o si es tracta d&#8217;una discapacitat reconeguda per altres comunitats aut\u00f2nomes.<\/span>\n<ul>\n<li style=\"font-weight: 400;\" aria-level=\"2\"><span style=\"font-weight: 400;\">Certificat o la targeta acreditativa de discapacitat que emet el Departament de Drets Socials o els organismes competents en altres comunitats aut\u00f2nomes.\u00a0<\/span><\/li>\n<li style=\"font-weight: 400;\" aria-level=\"2\"><span style=\"font-weight: 400;\">Document que acrediti ser beneficiari o benefici\u00e0ria d&#8217;una pensi\u00f3 d&#8217;incapacitat permanent de grau total o de gran invalidesa.\u00a0<\/span><\/li>\n<li style=\"font-weight: 400;\" aria-level=\"2\"><span style=\"font-weight: 400;\">Certificat de les classes passives que tenen reconeguda una pensi\u00f3 de jubilaci\u00f3 o retir per incapacitat permanent per al servei o inutilitat.<\/span><\/li>\n<\/ul>\n<\/li>\n<\/ul>\n<p><span style=\"font-weight: 400;\">La condici\u00f3 de v\u00edctima de viol\u00e8ncia de g\u00e8nere o de terrorisme.<\/span><\/p>\n<ul>\n<li style=\"font-weight: 400;\" aria-level=\"1\"><span style=\"font-weight: 400;\">Sent\u00e8ncia judicial de qualsevol ordre jurisdiccional, l&#8217;ordre de protecci\u00f3 vigent.<\/span><\/li>\n<li style=\"font-weight: 400;\" aria-level=\"1\"><span style=\"font-weight: 400;\">Informe dels serveis socials\u00a0<\/span><\/li>\n<li style=\"font-weight: 400;\" aria-level=\"1\"><span style=\"font-weight: 400;\">Certificat que acredita la condici\u00f3 de v\u00edctima de terrorisme que emet la Subdirecci\u00f3n General de Apoyo a V\u00edctimas del Terrorismo del Ministeri de l&#8217;Interior.<\/span><\/li>\n<\/ul>\n<p>&nbsp;<\/p>\n","protected":false},"excerpt":{"rendered":"<p>Criteris de prioritaris<br \/>\nCriteri complementaris<br \/>\nEls documents necessaris per acreditar els criteris<\/p>\n","protected":false},"author":1,"featured_media":0,"comment_status":"open","ping_status":"closed","sticky":false,"template":"","format":"standard","meta":{"_bbp_topic_count":0,"_bbp_reply_count":0,"_bbp_total_topic_count":0,"_bbp_total_reply_count":0,"_bbp_voice_count":0,"_bbp_anonymous_reply_count":0,"_bbp_topic_count_hidden":0,"_bbp_reply_count_hidden":0,"_bbp_forum_subforum_count":0,"site-sidebar-layout":"default","site-content-layout":"","ast-site-content-layout":"","site-content-style":"default","site-sidebar-style":"default","ast-global-header-display":"","ast-banner-title-visibility":"","ast-main-header-display":"","ast-hfb-above-header-display":"","ast-hfb-below-header-display":"","ast-hfb-mobile-header-display":"","site-post-title":"","ast-breadcrumbs-content":"","ast-featured-img":"","footer-sml-layout":"","theme-transparent-header-meta":"","adv-header-id-meta":"","stick-header-meta":"","header-above-stick-meta":"","header-main-stick-meta":"","header-below-stick-meta":"","astra-migrate-meta-layouts":"default","ast-page-background-enabled":"default","ast-page-background-meta":{"desktop":{"background-color":"var(--ast-global-color-4)","background-image":"","background-repeat":"repeat","background-position":"center center","background-size":"auto","background-attachment":"scroll","background-type":"","background-media":"","overlay-type":"","overlay-color":"","overlay-opacity":"","overlay-gradient":""},"tablet":{"background-color":"","background-image":"","background-repeat":"repeat","background-position":"center center","background-size":"auto","background-attachment":"scroll","background-type":"","background-media":"","overlay-type":"","overlay-color":"","overlay-opacity":"","overlay-gradient":""},"mobile":{"background-color":"","background-image":"","background-repeat":"repeat","background-position":"center center","background-size":"auto","background-attachment":"scroll","background-type":"","background-media":"","overlay-type":"","overlay-color":"","overlay-opacity":"","overlay-gradient":""}},"ast-content-background-meta":{"desktop":{"background-color":"var(--ast-global-color-5)","background-image":"","background-repeat":"repeat","background-position":"center center","background-size":"auto","background-attachment":"scroll","background-type":"","background-media":"","overlay-type":"","overlay-color":"","overlay-opacity":"","overlay-gradient":""},"tablet":{"background-color":"var(--ast-global-color-5)","background-image":"","background-repeat":"repeat","background-position":"center center","background-size":"auto","background-attachment":"scroll","background-type":"","background-media":"","overlay-type":"","overlay-color":"","overlay-opacity":"","overlay-gradient":""},"mobile":{"background-color":"var(--ast-global-color-5)","background-image":"","background-repeat":"repeat","background-position":"center center","background-size":"auto","background-attachment":"scroll","background-type":"","background-media":"","overlay-type":"","overlay-color":"","overlay-opacity":"","overlay-gradient":""}},"footnotes":""},"categories":[140,60,4,139,141],"tags":[],"class_list":["post-3380","post","type-post","status-publish","format-standard","hentry","category-matricula","category-oferta-educativa-preinscripcio","category-portada","category-portes-obertes","category-preinscripcio"],"post_mailing_queue_ids":[],"_links":{"self":[{"href":"https:\/\/agora.xtec.cat\/ceip-marinada\/wp-json\/wp\/v2\/posts\/3380","targetHints":{"allow":["GET"]}}],"collection":[{"href":"https:\/\/agora.xtec.cat\/ceip-marinada\/wp-json\/wp\/v2\/posts"}],"about":[{"href":"https:\/\/agora.xtec.cat\/ceip-marinada\/wp-json\/wp\/v2\/types\/post"}],"author":[{"embeddable":true,"href":"https:\/\/agora.xtec.cat\/ceip-marinada\/wp-json\/wp\/v2\/users\/1"}],"replies":[{"embeddable":true,"href":"https:\/\/agora.xtec.cat\/ceip-marinada\/wp-json\/wp\/v2\/comments?post=3380"}],"version-history":[{"count":2,"href":"https:\/\/agora.xtec.cat\/ceip-marinada\/wp-json\/wp\/v2\/posts\/3380\/revisions"}],"predecessor-version":[{"id":3382,"href":"https:\/\/agora.xtec.cat\/ceip-marinada\/wp-json\/wp\/v2\/posts\/3380\/revisions\/3382"}],"wp:attachment":[{"href":"https:\/\/agora.xtec.cat\/ceip-marinada\/wp-json\/wp\/v2\/media?parent=3380"}],"wp:term":[{"taxonomy":"category","embeddable":true,"href":"https:\/\/agora.xtec.cat\/ceip-marinada\/wp-json\/wp\/v2\/categories?post=3380"},{"taxonomy":"post_tag","embeddable":true,"href":"https:\/\/agora.xtec.cat\/ceip-marinada\/wp-json\/wp\/v2\/tags?post=3380"}],"curies":[{"name":"wp","href":"https:\/\/api.w.org\/{rel}","templated":true}]}}