{"id":3377,"date":"2023-03-01T15:23:43","date_gmt":"2023-03-01T14:23:43","guid":{"rendered":"https:\/\/agora.xtec.cat\/ceip-marinada\/?p=3377"},"modified":"2023-03-01T15:36:06","modified_gmt":"2023-03-01T14:36:06","slug":"preinscripcio-2023-2024","status":"publish","type":"post","link":"https:\/\/agora.xtec.cat\/ceip-marinada\/portada\/preinscripcio-2023-2024\/","title":{"rendered":"Calendari de la Preinscripci\u00f3 2023-2024"},"content":{"rendered":"<p><a href=\"https:\/\/agora.xtec.cat\/ceip-marinada\/wp-content\/uploads\/usu196\/2023\/03\/imatge_2023-03-01_151801563.png\"><img loading=\"lazy\" decoding=\"async\" class=\"size-medium wp-image-3378 aligncenter\" src=\"https:\/\/agora.xtec.cat\/ceip-marinada\/wp-content\/uploads\/usu196\/2023\/03\/imatge_2023-03-01_151801563-300x241.png\" alt=\"\" width=\"300\" height=\"241\" srcset=\"https:\/\/agora.xtec.cat\/ceip-marinada\/wp-content\/uploads\/usu196\/2023\/03\/imatge_2023-03-01_151801563-300x241.png 300w, https:\/\/agora.xtec.cat\/ceip-marinada\/wp-content\/uploads\/usu196\/2023\/03\/imatge_2023-03-01_151801563.png 566w\" sizes=\"auto, (max-width: 300px) 100vw, 300px\" \/><\/a><\/p>\n<h1><span style=\"font-weight: 400;\">Presenta la sol\u00b7licitud de preinscripci\u00f3 i fes el seguiment<\/span><\/h1>\n<ul>\n<li style=\"font-weight: 400;\" aria-level=\"1\"><b>Del 6 al 20 de mar\u00e7 de 2023 (a partir de les 9 hores)<\/b><span style=\"font-weight: 400;\">: <\/span><span style=\"font-weight: 400;\">presentaci\u00f3 de sol\u00b7licituds<\/span> <span style=\"font-weight: 400;\">Les sol\u00b7licituds fora de termini perdran totes les prioritats que haurien pogut tenir a l&#8217;hora d&#8217;obtenir pla\u00e7a. Els criteris de prioritat serveixen per donar un puntuaci\u00f3 a cada sol\u00b7licitud.\u00a0<\/span><\/li>\n<li style=\"font-weight: 400;\" aria-level=\"1\"><b>21 d&#8217;abril de 2023<\/b><span style=\"font-weight: 400;\">: <\/span><span style=\"font-weight: 400;\">llista de sol\u00b7licituds amb puntuaci\u00f3 provisional.<\/span> <span style=\"font-weight: 400;\">Llista ordenada alfab\u00e8ticament amb la puntuaci\u00f3.<\/span><\/li>\n<li style=\"font-weight: 400;\" aria-level=\"1\"><b>Del 21 al 27 d&#8217;abril de 2023<\/b><span style=\"font-weight: 400;\">: <\/span><span style=\"font-weight: 400;\">presentaci\u00f3 de reclamacions.<\/span> <span style=\"font-weight: 400;\">Si hi ha alguna errada o anomalia en el barem assignat, pots presentar una reclamaci\u00f3 (utilitzant l&#8217;eina electr\u00f2nica per adjuntar reclamacions).<\/span><\/li>\n<li style=\"font-weight: 400;\" aria-level=\"1\"><b>3 de maig de 2023:<\/b><span style=\"font-weight: 400;\"> llista de sol\u00b7licituds amb la puntuaci\u00f3 un cop resoltes les reclamacions,<\/span> <span style=\"font-weight: 400;\">amb la puntuaci\u00f3 i el n\u00famero de desempat corresponent.<\/span><\/li>\n<li style=\"font-weight: 400;\" aria-level=\"1\"><b>9 de maig de 2023:<\/b> <span style=\"font-weight: 400;\">sorteig per resoldre les sol\u00b7licituds de preinscripci\u00f3 empatades en punts<\/span><\/li>\n<li style=\"font-weight: 400;\" aria-level=\"1\"><b>11 de maig de 2023:<\/b> <span style=\"font-weight: 400;\">llista ordenada<\/span><span style=\"font-weight: 400;\">. <\/span><span style=\"font-weight: 400;\">Despr\u00e9s del sorteig, la llista s&#8217;ordena per les puntuacions de cada sol\u00b7licitud, de m\u00e9s a menys.<\/span><\/li>\n<li style=\"font-weight: 400;\" aria-level=\"1\"><b>Del 29 de maig a l&#8217;1 de juny de 2023<\/b><span style=\"font-weight: 400;\">: <\/span><span style=\"font-weight: 400;\">ampliaci\u00f3 de peticions de preinscripci\u00f3 per a alumnes sense pla\u00e7a assignada a cap centre<\/span><span style=\"font-weight: 400;\">. <\/span><span style=\"font-weight: 400;\">Sol\u00b7licituds que s&#8217;ha marcat expressament <\/span><span style=\"font-weight: 400;\">assignaci\u00f3 d&#8217;ofici<\/span><span style=\"font-weight: 400;\">, poden ampliar les peticions originals i demanar places en centres que en tinguin de disponibles.\u00a0<\/span><\/li>\n<li style=\"font-weight: 400;\" aria-level=\"1\"><b>9 de juny de 2023:<\/b> <span style=\"font-weight: 400;\">oferta final de places escolars.<\/span> <span style=\"font-weight: 400;\">Publicaci\u00f3 del nombre de places escolars per centre i curs definitiva.<\/span><\/li>\n<li style=\"font-weight: 400;\" aria-level=\"1\"><b>12 de juny de 2023<\/b><span style=\"font-weight: 400;\">: <\/span><span style=\"font-weight: 400;\">llista d&#8217;alumnes admesos i llista d&#8217;espera<\/span><span style=\"font-weight: 400;\">.<\/span><\/li>\n<\/ul>\n<h2><span style=\"font-weight: 400;\">Formalitza la matriculaci\u00f3<\/span><\/h2>\n<p><b>Del 20 al 28 de juny de 2023<\/b><span style=\"font-weight: 400;\">: <\/span><span style=\"font-weight: 400;\">matriculaci\u00f3.<\/span> <span style=\"font-weight: 400;\">Un cop s&#8217;ha publicat la llista final d&#8217;alumnes admesos en cada centre, comen\u00e7a el per\u00edode de matriculaci\u00f3 dels preinscrits amb pla\u00e7a assignada.<\/span><\/p>\n","protected":false},"excerpt":{"rendered":"<p>Presenta la sol\u00b7licitud de preinscripci\u00f3 i fes el seguiment<br \/>\nFormalitza la matriculaci\u00f3<\/p>\n","protected":false},"author":1,"featured_media":3378,"comment_status":"open","ping_status":"closed","sticky":false,"template":"","format":"standard","meta":{"_bbp_topic_count":0,"_bbp_reply_count":0,"_bbp_total_topic_count":0,"_bbp_total_reply_count":0,"_bbp_voice_count":0,"_bbp_anonymous_reply_count":0,"_bbp_topic_count_hidden":0,"_bbp_reply_count_hidden":0,"_bbp_forum_subforum_count":0,"site-sidebar-layout":"default","site-content-layout":"","ast-site-content-layout":"","site-content-style":"default","site-sidebar-style":"default","ast-global-header-display":"","ast-banner-title-visibility":"","ast-main-header-display":"","ast-hfb-above-header-display":"","ast-hfb-below-header-display":"","ast-hfb-mobile-header-display":"","site-post-title":"","ast-breadcrumbs-content":"","ast-featured-img":"","footer-sml-layout":"","theme-transparent-header-meta":"","adv-header-id-meta":"","stick-header-meta":"","header-above-stick-meta":"","header-main-stick-meta":"","header-below-stick-meta":"","astra-migrate-meta-layouts":"default","ast-page-background-enabled":"default","ast-page-background-meta":{"desktop":{"background-color":"var(--ast-global-color-4)","background-image":"","background-repeat":"repeat","background-position":"center center","background-size":"auto","background-attachment":"scroll","background-type":"","background-media":"","overlay-type":"","overlay-color":"","overlay-opacity":"","overlay-gradient":""},"tablet":{"background-color":"","background-image":"","background-repeat":"repeat","background-position":"center center","background-size":"auto","background-attachment":"scroll","background-type":"","background-media":"","overlay-type":"","overlay-color":"","overlay-opacity":"","overlay-gradient":""},"mobile":{"background-color":"","background-image":"","background-repeat":"repeat","background-position":"center center","background-size":"auto","background-attachment":"scroll","background-type":"","background-media":"","overlay-type":"","overlay-color":"","overlay-opacity":"","overlay-gradient":""}},"ast-content-background-meta":{"desktop":{"background-color":"var(--ast-global-color-5)","background-image":"","background-repeat":"repeat","background-position":"center center","background-size":"auto","background-attachment":"scroll","background-type":"","background-media":"","overlay-type":"","overlay-color":"","overlay-opacity":"","overlay-gradient":""},"tablet":{"background-color":"var(--ast-global-color-5)","background-image":"","background-repeat":"repeat","background-position":"center center","background-size":"auto","background-attachment":"scroll","background-type":"","background-media":"","overlay-type":"","overlay-color":"","overlay-opacity":"","overlay-gradient":""},"mobile":{"background-color":"var(--ast-global-color-5)","background-image":"","background-repeat":"repeat","background-position":"center center","background-size":"auto","background-attachment":"scroll","background-type":"","background-media":"","overlay-type":"","overlay-color":"","overlay-opacity":"","overlay-gradient":""}},"footnotes":""},"categories":[140,60,4,139,141],"tags":[],"class_list":["post-3377","post","type-post","status-publish","format-standard","has-post-thumbnail","hentry","category-matricula","category-oferta-educativa-preinscripcio","category-portada","category-portes-obertes","category-preinscripcio"],"post_mailing_queue_ids":[],"_links":{"self":[{"href":"https:\/\/agora.xtec.cat\/ceip-marinada\/wp-json\/wp\/v2\/posts\/3377","targetHints":{"allow":["GET"]}}],"collection":[{"href":"https:\/\/agora.xtec.cat\/ceip-marinada\/wp-json\/wp\/v2\/posts"}],"about":[{"href":"https:\/\/agora.xtec.cat\/ceip-marinada\/wp-json\/wp\/v2\/types\/post"}],"author":[{"embeddable":true,"href":"https:\/\/agora.xtec.cat\/ceip-marinada\/wp-json\/wp\/v2\/users\/1"}],"replies":[{"embeddable":true,"href":"https:\/\/agora.xtec.cat\/ceip-marinada\/wp-json\/wp\/v2\/comments?post=3377"}],"version-history":[{"count":2,"href":"https:\/\/agora.xtec.cat\/ceip-marinada\/wp-json\/wp\/v2\/posts\/3377\/revisions"}],"predecessor-version":[{"id":3386,"href":"https:\/\/agora.xtec.cat\/ceip-marinada\/wp-json\/wp\/v2\/posts\/3377\/revisions\/3386"}],"wp:featuredmedia":[{"embeddable":true,"href":"https:\/\/agora.xtec.cat\/ceip-marinada\/wp-json\/wp\/v2\/media\/3378"}],"wp:attachment":[{"href":"https:\/\/agora.xtec.cat\/ceip-marinada\/wp-json\/wp\/v2\/media?parent=3377"}],"wp:term":[{"taxonomy":"category","embeddable":true,"href":"https:\/\/agora.xtec.cat\/ceip-marinada\/wp-json\/wp\/v2\/categories?post=3377"},{"taxonomy":"post_tag","embeddable":true,"href":"https:\/\/agora.xtec.cat\/ceip-marinada\/wp-json\/wp\/v2\/tags?post=3377"}],"curies":[{"name":"wp","href":"https:\/\/api.w.org\/{rel}","templated":true}]}}