{"id":3129,"date":"2022-06-15T12:55:43","date_gmt":"2022-06-15T10:55:43","guid":{"rendered":"https:\/\/agora.xtec.cat\/ceip-marinada\/?p=3129"},"modified":"2022-06-15T13:03:02","modified_gmt":"2022-06-15T11:03:02","slug":"matriculacio-alumnat-de-p3","status":"publish","type":"post","link":"https:\/\/agora.xtec.cat\/ceip-marinada\/infantil\/matriculacio-alumnat-de-p3\/","title":{"rendered":"Matriculaci\u00f3 alumnat de P3"},"content":{"rendered":"<div>\n<p>Bon dia a tothom&#8230;.<\/p>\n<p>Tal i com us vam informar el divendres us enviem un correu per tal d&#8217;informar-vos de les darreres gestions per a formalitzar la matr\u00edcula dels vostres fills\/es a l&#8217;escola .<\/p>\n<p>a) Primer de tot, la m\u00e9s sincera benvinguda a tots i a totes a la vostra escola a partir d&#8217;ara,\u00a0 estem molts contents de que us hi incorporeu ben aviat !!!<\/p>\n<p>b) Us passem l&#8217;enlla\u00e7 per tal que reserveu al calendari una cita pr\u00e8via amb direcci\u00f3, per a formalitzar la matr\u00edcula i entregar la documentaci\u00f3 complement\u00e0ria els dies 21,23 o 27 de juny (trieu l&#8217;hora que us vagi millor)<\/p>\n<p><a href=\"https:\/\/aplicacions.gestioeducativa.gencat.cat\/pls\/apex\/f?p=CITA_PREVIA:4::::4:P4_TIPUS_CALENDARI,P4_DOMINI:03_Oblig,08043930\" target=\"_blank\" rel=\"noopener\" data-saferedirecturl=\"https:\/\/www.google.com\/url?q=https:\/\/aplicacions.gestioeducativa.gencat.cat\/pls\/apex\/f?p%3DCITA_PREVIA:4::::4:P4_TIPUS_CALENDARI,P4_DOMINI:03_Oblig,08043930&amp;source=gmail&amp;ust=1655366248152000&amp;usg=AOvVaw3hH9WSDjHKQLztiEVIQKBo\">https:\/\/aplicacions.<wbr \/>ensenyament.gencat.cat\/pls\/<wbr \/>apex\/f?p=CITA_PREVIA:4::::4:<wbr \/>P4_TIPUS_CALENDARI,P4_DOMINI:<wbr \/>03_Oblig,08043930<\/a><\/p>\n<\/div>\n<div><span style=\"font-family: inherit; font-size: 1em;\">c)\u00a0 Caldr\u00e0 aportar fotoc\u00f2pies de la seg\u00fcent documentaci\u00f3, ja que molts documents al ser preinscripci\u00f3 telem\u00e0tica no ens ha arribat :<\/span><\/div>\n<div>\n<ul>\n<li><strong>Llibre de fam\u00edlia (on surten els pares-mares i el nen\/a)<\/strong><\/li>\n<li><strong>TSI (targeta Sanit\u00e0ria Individual)<\/strong><\/li>\n<li><strong>Carnets DNI\/NIE\/Passaport (pares-mares-alumnes)<\/strong><\/li>\n<li><strong>Familia nombrosa\u00a0\/ monoparental (si en tenen)<\/strong><\/li>\n<\/ul>\n<p>d) Us adjuntem finalment la documentaci\u00f3\u00a0que heu de complimentar i entregar el dia de la matr\u00edcula :<\/p>\n<\/div>\n<ul>\n<li style=\"list-style-type: none;\">\n<ul>\n<li>\n<div><a href=\"https:\/\/drive.google.com\/file\/d\/1iaGRNGpDWJUUmmzDtVKHOAMsVmwg93oY\/view?usp=sharing\"><span style=\"font-size: large;\"><b>Carta de comprom\u00eds <\/b><\/span><\/a> <span style=\"font-size: large;\"><b> i <\/b><\/span> \u00a0 <span style=\"font-size: large;\"><b><a href=\"https:\/\/drive.google.com\/file\/d\/1ew_5kYSXGRBGnUgVIW4p8suKTBF3vLpf\/view?usp=sharing\">addenda infantil<\/a> (llegit i signat)<\/b><\/span><\/div>\n<\/li>\n<\/ul>\n<\/li>\n<li style=\"list-style-type: none;\">\n<ul>\n<li>\n<div><b><\/b><a href=\"https:\/\/drive.google.com\/file\/d\/1KacL4015079PnVxXBKCyg1WPOKIfXrG6\/view?usp=sharing\"><span style=\"font-size: large;\"><b>Formulari dades b\u00e0siques<\/b><\/span><\/a><\/div>\n<\/li>\n<\/ul>\n<\/li>\n<li style=\"list-style-type: none;\">\n<ul>\n<li>\n<div>\n<p><a href=\"https:\/\/drive.google.com\/file\/d\/1HhIKM9YgjyZbcqlmdHF3_1BcUPac2LVQ\/view?usp=sharing\"><span style=\"font-size: large;\"><b>Autoritzaci\u00f3 Drets d&#8217;imatge<\/b><\/span><\/a><\/p>\n<\/div>\n<\/li>\n<\/ul>\n<\/li>\n<\/ul>\n<div>\n<p>e) EL q\u00fcestionari de P3, l&#8217;heu de llegir i portar complimentat el primer dia de setembre !!!<\/p>\n<p>Qualsevol aclariment o dubte, truqueu a l&#8217;escola i us l&#8217;aclarim<\/p>\n<p>Ens veiem aviat<\/p>\n<p>salut<\/p>\n<p>Santi<\/p>\n<\/div>\n","protected":false},"excerpt":{"rendered":"<p>Bon dia a tothom&#8230;. Tal i com us vam informar el divendres us enviem un correu per tal d&#8217;informar-vos de [&hellip;]<\/p>\n","protected":false},"author":1,"featured_media":0,"comment_status":"open","ping_status":"closed","sticky":false,"template":"","format":"standard","meta":{"_bbp_topic_count":0,"_bbp_reply_count":0,"_bbp_total_topic_count":0,"_bbp_total_reply_count":0,"_bbp_voice_count":0,"_bbp_anonymous_reply_count":0,"_bbp_topic_count_hidden":0,"_bbp_reply_count_hidden":0,"_bbp_forum_subforum_count":0,"site-sidebar-layout":"default","site-content-layout":"","ast-site-content-layout":"","site-content-style":"default","site-sidebar-style":"default","ast-global-header-display":"","ast-banner-title-visibility":"","ast-main-header-display":"","ast-hfb-above-header-display":"","ast-hfb-below-header-display":"","ast-hfb-mobile-header-display":"","site-post-title":"","ast-breadcrumbs-content":"","ast-featured-img":"","footer-sml-layout":"","theme-transparent-header-meta":"","adv-header-id-meta":"","stick-header-meta":"","header-above-stick-meta":"","header-main-stick-meta":"","header-below-stick-meta":"","astra-migrate-meta-layouts":"default","ast-page-background-enabled":"default","ast-page-background-meta":{"desktop":{"background-color":"var(--ast-global-color-4)","background-image":"","background-repeat":"repeat","background-position":"center center","background-size":"auto","background-attachment":"scroll","background-type":"","background-media":"","overlay-type":"","overlay-color":"","overlay-opacity":"","overlay-gradient":""},"tablet":{"background-color":"","background-image":"","background-repeat":"repeat","background-position":"center center","background-size":"auto","background-attachment":"scroll","background-type":"","background-media":"","overlay-type":"","overlay-color":"","overlay-opacity":"","overlay-gradient":""},"mobile":{"background-color":"","background-image":"","background-repeat":"repeat","background-position":"center center","background-size":"auto","background-attachment":"scroll","background-type":"","background-media":"","overlay-type":"","overlay-color":"","overlay-opacity":"","overlay-gradient":""}},"ast-content-background-meta":{"desktop":{"background-color":"var(--ast-global-color-5)","background-image":"","background-repeat":"repeat","background-position":"center center","background-size":"auto","background-attachment":"scroll","background-type":"","background-media":"","overlay-type":"","overlay-color":"","overlay-opacity":"","overlay-gradient":""},"tablet":{"background-color":"var(--ast-global-color-5)","background-image":"","background-repeat":"repeat","background-position":"center center","background-size":"auto","background-attachment":"scroll","background-type":"","background-media":"","overlay-type":"","overlay-color":"","overlay-opacity":"","overlay-gradient":""},"mobile":{"background-color":"var(--ast-global-color-5)","background-image":"","background-repeat":"repeat","background-position":"center center","background-size":"auto","background-attachment":"scroll","background-type":"","background-media":"","overlay-type":"","overlay-color":"","overlay-opacity":"","overlay-gradient":""}},"footnotes":""},"categories":[2,140,60,4,141],"tags":[],"class_list":["post-3129","post","type-post","status-publish","format-standard","hentry","category-infantil","category-matricula","category-oferta-educativa-preinscripcio","category-portada","category-preinscripcio"],"post_mailing_queue_ids":[],"_links":{"self":[{"href":"https:\/\/agora.xtec.cat\/ceip-marinada\/wp-json\/wp\/v2\/posts\/3129","targetHints":{"allow":["GET"]}}],"collection":[{"href":"https:\/\/agora.xtec.cat\/ceip-marinada\/wp-json\/wp\/v2\/posts"}],"about":[{"href":"https:\/\/agora.xtec.cat\/ceip-marinada\/wp-json\/wp\/v2\/types\/post"}],"author":[{"embeddable":true,"href":"https:\/\/agora.xtec.cat\/ceip-marinada\/wp-json\/wp\/v2\/users\/1"}],"replies":[{"embeddable":true,"href":"https:\/\/agora.xtec.cat\/ceip-marinada\/wp-json\/wp\/v2\/comments?post=3129"}],"version-history":[{"count":3,"href":"https:\/\/agora.xtec.cat\/ceip-marinada\/wp-json\/wp\/v2\/posts\/3129\/revisions"}],"predecessor-version":[{"id":3138,"href":"https:\/\/agora.xtec.cat\/ceip-marinada\/wp-json\/wp\/v2\/posts\/3129\/revisions\/3138"}],"wp:attachment":[{"href":"https:\/\/agora.xtec.cat\/ceip-marinada\/wp-json\/wp\/v2\/media?parent=3129"}],"wp:term":[{"taxonomy":"category","embeddable":true,"href":"https:\/\/agora.xtec.cat\/ceip-marinada\/wp-json\/wp\/v2\/categories?post=3129"},{"taxonomy":"post_tag","embeddable":true,"href":"https:\/\/agora.xtec.cat\/ceip-marinada\/wp-json\/wp\/v2\/tags?post=3129"}],"curies":[{"name":"wp","href":"https:\/\/api.w.org\/{rel}","templated":true}]}}