{"id":3105,"date":"2022-06-01T12:37:18","date_gmt":"2022-06-01T10:37:18","guid":{"rendered":"https:\/\/agora.xtec.cat\/ceip-marinada\/?p=3105"},"modified":"2022-06-01T12:37:18","modified_gmt":"2022-06-01T10:37:18","slug":"4t-fem-sortida-a-lespai-crater-olot","status":"publish","type":"post","link":"https:\/\/agora.xtec.cat\/ceip-marinada\/cicle_mitja\/4t-fem-sortida-a-lespai-crater-olot\/","title":{"rendered":"4t FEM SORTIDA A\u00a0 L\u2019ESPAI CR\u00c0TER\u00a0(OLOT)"},"content":{"rendered":"<p><b><i>SORTIDA A\u00a0 L\u2019ESPAI CR\u00c0TER (OLOT)<\/i><\/b><\/p>\n<p><span style=\"font-weight: 400\">El dijous 19 de maig els nenes i nenes de 4t vam anar d&#8217;excursi\u00f3 a Olot. Vam visitar l\u2019Espai Cr\u00e0ter i el volc\u00e0 Montsacopa. A l\u2019Espai Cr\u00e0ter ens van explicar un munt de coses sobre els volcans, les capes de la Terra, les plaques tect\u00f2niques\u2026<\/span><\/p>\n<p><span style=\"font-weight: 400\">Hem trobat interessant com un volc\u00e0 m\u00e9s baix feia una erupci\u00f3 m\u00e9s gran que un volc\u00e0 m\u00e9s alt, tamb\u00e9 ens va semblar interessant que els volcans d\u2019Olot nom\u00e9s erupcionin una vegada. I ens ho vam passar molt b\u00e9!<\/span><\/p>\n<p><i><span style=\"font-weight: 400\">Lila, Mei i Mar<\/span><\/i><\/p>\n<p><a href=\"https:\/\/photos.app.goo.gl\/NJjmN5vJJsjXHj6W6\"><img loading=\"lazy\" decoding=\"async\" class=\"aligncenter size-medium wp-image-3108\" src=\"https:\/\/agora.xtec.cat\/ceip-marinada\/wp-content\/uploads\/usu196\/2022\/05\/Espai-Crater2-300x169.jpg\" alt=\"\" width=\"300\" height=\"169\" srcset=\"https:\/\/agora.xtec.cat\/ceip-marinada\/wp-content\/uploads\/usu196\/2022\/05\/Espai-Crater2-300x169.jpg 300w, https:\/\/agora.xtec.cat\/ceip-marinada\/wp-content\/uploads\/usu196\/2022\/05\/Espai-Crater2-1024x576.jpg 1024w, https:\/\/agora.xtec.cat\/ceip-marinada\/wp-content\/uploads\/usu196\/2022\/05\/Espai-Crater2-768x432.jpg 768w, https:\/\/agora.xtec.cat\/ceip-marinada\/wp-content\/uploads\/usu196\/2022\/05\/Espai-Crater2-1536x864.jpg 1536w, https:\/\/agora.xtec.cat\/ceip-marinada\/wp-content\/uploads\/usu196\/2022\/05\/Espai-Crater2.jpg 1600w\" sizes=\"auto, (max-width: 300px) 100vw, 300px\" \/><\/a><\/p>\n","protected":false},"excerpt":{"rendered":"<p>SORTIDA A\u00a0 L\u2019ESPAI CR\u00c0TER (OLOT) El dijous 19 de maig els nenes i nenes de 4t vam anar d&#8217;excursi\u00f3 a [&hellip;]<\/p>\n","protected":false},"author":36,"featured_media":0,"comment_status":"open","ping_status":"closed","sticky":false,"template":"","format":"standard","meta":{"_bbp_topic_count":0,"_bbp_reply_count":0,"_bbp_total_topic_count":0,"_bbp_total_reply_count":0,"_bbp_voice_count":0,"_bbp_anonymous_reply_count":0,"_bbp_topic_count_hidden":0,"_bbp_reply_count_hidden":0,"_bbp_forum_subforum_count":0,"site-sidebar-layout":"default","site-content-layout":"","ast-site-content-layout":"","site-content-style":"default","site-sidebar-style":"default","ast-global-header-display":"","ast-banner-title-visibility":"","ast-main-header-display":"","ast-hfb-above-header-display":"","ast-hfb-below-header-display":"","ast-hfb-mobile-header-display":"","site-post-title":"","ast-breadcrumbs-content":"","ast-featured-img":"","footer-sml-layout":"","theme-transparent-header-meta":"","adv-header-id-meta":"","stick-header-meta":"","header-above-stick-meta":"","header-main-stick-meta":"","header-below-stick-meta":"","astra-migrate-meta-layouts":"default","ast-page-background-enabled":"default","ast-page-background-meta":{"desktop":{"background-color":"var(--ast-global-color-4)","background-image":"","background-repeat":"repeat","background-position":"center center","background-size":"auto","background-attachment":"scroll","background-type":"","background-media":"","overlay-type":"","overlay-color":"","overlay-opacity":"","overlay-gradient":""},"tablet":{"background-color":"","background-image":"","background-repeat":"repeat","background-position":"center center","background-size":"auto","background-attachment":"scroll","background-type":"","background-media":"","overlay-type":"","overlay-color":"","overlay-opacity":"","overlay-gradient":""},"mobile":{"background-color":"","background-image":"","background-repeat":"repeat","background-position":"center center","background-size":"auto","background-attachment":"scroll","background-type":"","background-media":"","overlay-type":"","overlay-color":"","overlay-opacity":"","overlay-gradient":""}},"ast-content-background-meta":{"desktop":{"background-color":"var(--ast-global-color-5)","background-image":"","background-repeat":"repeat","background-position":"center center","background-size":"auto","background-attachment":"scroll","background-type":"","background-media":"","overlay-type":"","overlay-color":"","overlay-opacity":"","overlay-gradient":""},"tablet":{"background-color":"var(--ast-global-color-5)","background-image":"","background-repeat":"repeat","background-position":"center center","background-size":"auto","background-attachment":"scroll","background-type":"","background-media":"","overlay-type":"","overlay-color":"","overlay-opacity":"","overlay-gradient":""},"mobile":{"background-color":"var(--ast-global-color-5)","background-image":"","background-repeat":"repeat","background-position":"center center","background-size":"auto","background-attachment":"scroll","background-type":"","background-media":"","overlay-type":"","overlay-color":"","overlay-opacity":"","overlay-gradient":""}},"footnotes":""},"categories":[91],"tags":[],"class_list":["post-3105","post","type-post","status-publish","format-standard","hentry","category-cicle_mitja"],"post_mailing_queue_ids":[],"_links":{"self":[{"href":"https:\/\/agora.xtec.cat\/ceip-marinada\/wp-json\/wp\/v2\/posts\/3105","targetHints":{"allow":["GET"]}}],"collection":[{"href":"https:\/\/agora.xtec.cat\/ceip-marinada\/wp-json\/wp\/v2\/posts"}],"about":[{"href":"https:\/\/agora.xtec.cat\/ceip-marinada\/wp-json\/wp\/v2\/types\/post"}],"author":[{"embeddable":true,"href":"https:\/\/agora.xtec.cat\/ceip-marinada\/wp-json\/wp\/v2\/users\/36"}],"replies":[{"embeddable":true,"href":"https:\/\/agora.xtec.cat\/ceip-marinada\/wp-json\/wp\/v2\/comments?post=3105"}],"version-history":[{"count":2,"href":"https:\/\/agora.xtec.cat\/ceip-marinada\/wp-json\/wp\/v2\/posts\/3105\/revisions"}],"predecessor-version":[{"id":3109,"href":"https:\/\/agora.xtec.cat\/ceip-marinada\/wp-json\/wp\/v2\/posts\/3105\/revisions\/3109"}],"wp:attachment":[{"href":"https:\/\/agora.xtec.cat\/ceip-marinada\/wp-json\/wp\/v2\/media?parent=3105"}],"wp:term":[{"taxonomy":"category","embeddable":true,"href":"https:\/\/agora.xtec.cat\/ceip-marinada\/wp-json\/wp\/v2\/categories?post=3105"},{"taxonomy":"post_tag","embeddable":true,"href":"https:\/\/agora.xtec.cat\/ceip-marinada\/wp-json\/wp\/v2\/tags?post=3105"}],"curies":[{"name":"wp","href":"https:\/\/api.w.org\/{rel}","templated":true}]}}