{"id":2936,"date":"2022-03-04T09:53:24","date_gmt":"2022-03-04T08:53:24","guid":{"rendered":"https:\/\/agora.xtec.cat\/ceip-marinada\/?p=2936"},"modified":"2022-03-04T09:53:41","modified_gmt":"2022-03-04T08:53:41","slug":"dilluns-comenca-la-preinscripcio","status":"publish","type":"post","link":"https:\/\/agora.xtec.cat\/ceip-marinada\/general\/dilluns-comenca-la-preinscripcio\/","title":{"rendered":"Dilluns comen\u00e7a la preinscripci\u00f3"},"content":{"rendered":"<p>Aquest dilluns comen\u00e7a la preinscripci\u00f3.<\/p>\n<p><a href=\"https:\/\/agora.xtec.cat\/ceip-marinada\/wp-content\/uploads\/usu196\/2022\/03\/imatge_2022-03-04_094916.png\"><img loading=\"lazy\" decoding=\"async\" class=\"alignnone size-medium wp-image-2937\" src=\"https:\/\/agora.xtec.cat\/ceip-marinada\/wp-content\/uploads\/usu196\/2022\/03\/imatge_2022-03-04_094916-300x152.png\" alt=\"\" width=\"300\" height=\"152\" srcset=\"https:\/\/agora.xtec.cat\/ceip-marinada\/wp-content\/uploads\/usu196\/2022\/03\/imatge_2022-03-04_094916-300x152.png 300w, https:\/\/agora.xtec.cat\/ceip-marinada\/wp-content\/uploads\/usu196\/2022\/03\/imatge_2022-03-04_094916.png 576w\" sizes=\"auto, (max-width: 300px) 100vw, 300px\" \/><\/a><\/p>\n<p>A continuaci\u00f3 us detallem com podeu presentar la sol\u00b7licitud de preinscripci\u00f3 i fer el seguiment de la mateixa.<\/p>\n<ol>\n<li>Prepara la documentaci\u00f3:\n<ol>\n<li><a href=\"https:\/\/preinscripcio.gencat.cat\/ca\/estudis\/infantil-3-6\/informat\/prepara-documentacio\/\"> Educaci\u00f3 infantil (3-6 anys)<\/a><\/li>\n<li><a href=\"https:\/\/preinscripcio.gencat.cat\/ca\/estudis\/primaria\/informat\/prepara-documentacio\/\">Educaci\u00f3 prim\u00e0ria (6-12 anys)<\/a><\/li>\n<\/ol>\n<\/li>\n<li>Com fer la sol\u00b7licitud de preinscripci\u00f3\n<ol>\n<li><a href=\"https:\/\/preinscripcio.gencat.cat\/ca\/estudis\/infantil-3-6\/preinscriute\/sollicitud\/\">Educaci\u00f3 infantil (3-6 anys)<\/a><\/li>\n<li><a href=\"https:\/\/preinscripcio.gencat.cat\/ca\/estudis\/primaria\/preinscriute\/sollicitud\/\">Educaci\u00f3 prim\u00e0ria (6-12 anys)<\/a><\/li>\n<\/ol>\n<\/li>\n<li>\u00a0Criteris d\u2019assignaci\u00f3.\n<ol>\n<li><a href=\"https:\/\/preinscripcio.gencat.cat\/ca\/estudis\/infantil-3-6\/informat\/criteris-assignacio\/\">Educaci\u00f3 infantil (3-6 anys)<\/a><\/li>\n<li><a href=\"https:\/\/preinscripcio.gencat.cat\/ca\/estudis\/primaria\/informat\/criteris-assignacio\/\">Educaci\u00f3 prim\u00e0ria (6-12 anys)<\/a><\/li>\n<\/ol>\n<\/li>\n<\/ol>\n<p><b><span style=\"color: #339966;\">Per\u00edode<\/span>:<\/b> del 7 al 21 de mar\u00e7 de 2022<\/p>\n<p><b><span style=\"color: #339966;\">Sol\u00b7licitud<\/span>:<\/b>\u00a0enlla\u00e7 preinscripci\u00f3<\/p>\n<ol>\n<li style=\"list-style-type: none;\">\n<ol>\n<li><a href=\"https:\/\/educacio.gencat.cat\/ca\/tramits\/tramits-temes\/20483-obligatoris?moda=1\">Educaci\u00f3 infantil (3-6 anys)<\/a><\/li>\n<li><a href=\"https:\/\/educacio.gencat.cat\/ca\/tramits\/tramits-temes\/20483-obligatoris?moda=2\">Educaci\u00f3 prim\u00e0ria (6-12 anys)<\/a><\/li>\n<\/ol>\n<\/li>\n<\/ol>\n<p>La preinscripci\u00f3 es far\u00e0 de manera telem\u00e0tica per tant,\u00a0<span style=\"color: #339966;\"><b>no hi ha la possibilitat de full de preinscripci\u00f3 en paper.<\/b><\/span><\/p>\n<p>El codi de centre de la nostra escola \u00e9s <span style=\"color: #339966;\"><strong>08043930 &#8211; Escola Marinada (El Masnou)<\/strong><\/span>,per poder indicar-ho a la preinscripci\u00f3.<\/p>\n<p>Podeu trobar tota la informaci\u00f3 sobre la Preinscripci\u00f3 a la web que ha habilitat el Departament:\u00a0\u00a0<a href=\"https:\/\/preinscripcio.gencat.cat\/ca\/inici\/\">Preinscripci\u00f3 2022-2023<\/a><\/p>\n<table>\n<tbody>\n<tr>\n<td><strong>Si necessiteu ajut per fer la preinscripci\u00f3, no dubteu en trucar al 935403810 &#8211; 935403184 o enviar mail a preinscripcio@escolamarinada.cat o administracio@escolamarinada.cat<\/strong><\/td>\n<\/tr>\n<\/tbody>\n<\/table>\n","protected":false},"excerpt":{"rendered":"<p>Aquest dilluns comen\u00e7a la preinscripci\u00f3. A continuaci\u00f3 us detallem com podeu presentar la sol\u00b7licitud de preinscripci\u00f3 i fer el seguiment [&hellip;]<\/p>\n","protected":false},"author":1,"featured_media":2937,"comment_status":"open","ping_status":"closed","sticky":false,"template":"","format":"standard","meta":{"_bbp_topic_count":0,"_bbp_reply_count":0,"_bbp_total_topic_count":0,"_bbp_total_reply_count":0,"_bbp_voice_count":0,"_bbp_anonymous_reply_count":0,"_bbp_topic_count_hidden":0,"_bbp_reply_count_hidden":0,"_bbp_forum_subforum_count":0,"site-sidebar-layout":"default","site-content-layout":"","ast-site-content-layout":"","site-content-style":"default","site-sidebar-style":"default","ast-global-header-display":"","ast-banner-title-visibility":"","ast-main-header-display":"","ast-hfb-above-header-display":"","ast-hfb-below-header-display":"","ast-hfb-mobile-header-display":"","site-post-title":"","ast-breadcrumbs-content":"","ast-featured-img":"","footer-sml-layout":"","theme-transparent-header-meta":"","adv-header-id-meta":"","stick-header-meta":"","header-above-stick-meta":"","header-main-stick-meta":"","header-below-stick-meta":"","astra-migrate-meta-layouts":"default","ast-page-background-enabled":"default","ast-page-background-meta":{"desktop":{"background-color":"var(--ast-global-color-4)","background-image":"","background-repeat":"repeat","background-position":"center center","background-size":"auto","background-attachment":"scroll","background-type":"","background-media":"","overlay-type":"","overlay-color":"","overlay-opacity":"","overlay-gradient":""},"tablet":{"background-color":"","background-image":"","background-repeat":"repeat","background-position":"center center","background-size":"auto","background-attachment":"scroll","background-type":"","background-media":"","overlay-type":"","overlay-color":"","overlay-opacity":"","overlay-gradient":""},"mobile":{"background-color":"","background-image":"","background-repeat":"repeat","background-position":"center center","background-size":"auto","background-attachment":"scroll","background-type":"","background-media":"","overlay-type":"","overlay-color":"","overlay-opacity":"","overlay-gradient":""}},"ast-content-background-meta":{"desktop":{"background-color":"var(--ast-global-color-5)","background-image":"","background-repeat":"repeat","background-position":"center center","background-size":"auto","background-attachment":"scroll","background-type":"","background-media":"","overlay-type":"","overlay-color":"","overlay-opacity":"","overlay-gradient":""},"tablet":{"background-color":"var(--ast-global-color-5)","background-image":"","background-repeat":"repeat","background-position":"center center","background-size":"auto","background-attachment":"scroll","background-type":"","background-media":"","overlay-type":"","overlay-color":"","overlay-opacity":"","overlay-gradient":""},"mobile":{"background-color":"var(--ast-global-color-5)","background-image":"","background-repeat":"repeat","background-position":"center center","background-size":"auto","background-attachment":"scroll","background-type":"","background-media":"","overlay-type":"","overlay-color":"","overlay-opacity":"","overlay-gradient":""}},"footnotes":""},"categories":[1,60,4,141],"tags":[],"class_list":["post-2936","post","type-post","status-publish","format-standard","has-post-thumbnail","hentry","category-general","category-oferta-educativa-preinscripcio","category-portada","category-preinscripcio"],"post_mailing_queue_ids":[],"_links":{"self":[{"href":"https:\/\/agora.xtec.cat\/ceip-marinada\/wp-json\/wp\/v2\/posts\/2936","targetHints":{"allow":["GET"]}}],"collection":[{"href":"https:\/\/agora.xtec.cat\/ceip-marinada\/wp-json\/wp\/v2\/posts"}],"about":[{"href":"https:\/\/agora.xtec.cat\/ceip-marinada\/wp-json\/wp\/v2\/types\/post"}],"author":[{"embeddable":true,"href":"https:\/\/agora.xtec.cat\/ceip-marinada\/wp-json\/wp\/v2\/users\/1"}],"replies":[{"embeddable":true,"href":"https:\/\/agora.xtec.cat\/ceip-marinada\/wp-json\/wp\/v2\/comments?post=2936"}],"version-history":[{"count":2,"href":"https:\/\/agora.xtec.cat\/ceip-marinada\/wp-json\/wp\/v2\/posts\/2936\/revisions"}],"predecessor-version":[{"id":2939,"href":"https:\/\/agora.xtec.cat\/ceip-marinada\/wp-json\/wp\/v2\/posts\/2936\/revisions\/2939"}],"wp:featuredmedia":[{"embeddable":true,"href":"https:\/\/agora.xtec.cat\/ceip-marinada\/wp-json\/wp\/v2\/media\/2937"}],"wp:attachment":[{"href":"https:\/\/agora.xtec.cat\/ceip-marinada\/wp-json\/wp\/v2\/media?parent=2936"}],"wp:term":[{"taxonomy":"category","embeddable":true,"href":"https:\/\/agora.xtec.cat\/ceip-marinada\/wp-json\/wp\/v2\/categories?post=2936"},{"taxonomy":"post_tag","embeddable":true,"href":"https:\/\/agora.xtec.cat\/ceip-marinada\/wp-json\/wp\/v2\/tags?post=2936"}],"curies":[{"name":"wp","href":"https:\/\/api.w.org\/{rel}","templated":true}]}}