{"id":2708,"date":"2022-01-03T12:30:26","date_gmt":"2022-01-03T11:30:26","guid":{"rendered":"https:\/\/agora.xtec.cat\/ceip-marinada\/?p=2708"},"modified":"2022-01-03T12:30:26","modified_gmt":"2022-01-03T11:30:26","slug":"cantania-2022-clara-lart-per-dins","status":"publish","type":"post","link":"https:\/\/agora.xtec.cat\/ceip-marinada\/cicle_superior\/cantania-2022-clara-lart-per-dins\/","title":{"rendered":"CANT\u00c0NIA 2022: CLARA, L&#8217;ART PER DINS"},"content":{"rendered":"<p><a href=\"https:\/\/auditoridigital.cat\/album\/cantania-2022-clara-lart-per-dins\/\">Aqu\u00ed us deixo l&#8217;acc\u00e9s a <strong>La Cant\u00e0nia 2022: CLARA, L&#8217;ART PER DINS.<\/strong><\/a><\/p>\n<p><strong>La Cant\u00e0nia<\/strong> \u00e9s com una carrera de fons&#8230; comencem a assajar i a aprendre les can\u00e7ons per a fer el concert a l&#8217;Auditori al maig. Tenim prou temps per aprendre i practicar lletres i coreos, per\u00f2 hem de ser constants i memoritzar b\u00e9 les can\u00e7ons al llarg del curs.<\/p>\n<h4><a href=\"https:\/\/soundcloud.com\/lauditori\/01-obertura-1?utm_source=clipboard&amp;utm_campaign=wtshare&amp;utm_medium=widget&amp;utm_content=https%253A%252F%252Fsoundcloud.com%252Flauditori%252F01-obertura-1\">CLARA, L&#8217;ART PER DINS<\/a><\/h4>\n<p>Despr\u00e9s de passar quinze dies a casa la seva \u00e0via Blanca \u2014dues setmanes fant\u00e0stiques en qu\u00e8 s\u2019ho han passat la mar de b\u00e9 fent tota mena de coses\u2014, la Clara espera avorrida que la seva mare la vingui a buscar. Per\u00f2 abans, totes dues tindran temps de viure una altra perip\u00e8cia. A les golfes l\u2019\u00e0via Blanca hi t\u00e9 guardat un marc enorme sense cap quadre, i proposa a la seva neta que travessin el marc\u2026 D\u2019aquesta manera, la Clara i la Blanca comen\u00e7aran una \u00faltima aventura, aquesta vegada dins de les obres d\u2019art, un m\u00f3n m\u00e0gic i meravell\u00f3s on s\u2019alteren les dist\u00e0ncies i el temps corre a una altra velocitat.<\/p>\n<p><a href=\"https:\/\/auditoridigital.cat\/album\/cantania-2022-clara-lart-per-dins\/\">Clica a la imatge<\/a> per tenir acc\u00e9s als \u00e0udios.<\/p>\n<p><a href=\"https:\/\/auditoridigital.cat\/album\/cantania-2022-clara-lart-per-dins\/\"><img decoding=\"async\" src=\"https:\/\/auditoridigital.cat\/wp-content\/uploads\/2021\/09\/1_PIC0127-1-1024x683.jpg\" \/><\/a><\/p>\n<p>&nbsp;<\/p>\n","protected":false},"excerpt":{"rendered":"<p>Aqu\u00ed us deixo l&#8217;acc\u00e9s a La Cant\u00e0nia 2022: CLARA, L&#8217;ART PER DINS. La Cant\u00e0nia \u00e9s com una carrera de fons&#8230; [&hellip;]<\/p>\n","protected":false},"author":36,"featured_media":2713,"comment_status":"open","ping_status":"closed","sticky":false,"template":"","format":"standard","meta":{"_bbp_topic_count":0,"_bbp_reply_count":0,"_bbp_total_topic_count":0,"_bbp_total_reply_count":0,"_bbp_voice_count":0,"_bbp_anonymous_reply_count":0,"_bbp_topic_count_hidden":0,"_bbp_reply_count_hidden":0,"_bbp_forum_subforum_count":0,"site-sidebar-layout":"default","site-content-layout":"","ast-site-content-layout":"","site-content-style":"default","site-sidebar-style":"default","ast-global-header-display":"","ast-banner-title-visibility":"","ast-main-header-display":"","ast-hfb-above-header-display":"","ast-hfb-below-header-display":"","ast-hfb-mobile-header-display":"","site-post-title":"","ast-breadcrumbs-content":"","ast-featured-img":"","footer-sml-layout":"","theme-transparent-header-meta":"","adv-header-id-meta":"","stick-header-meta":"","header-above-stick-meta":"","header-main-stick-meta":"","header-below-stick-meta":"","astra-migrate-meta-layouts":"default","ast-page-background-enabled":"default","ast-page-background-meta":{"desktop":{"background-color":"var(--ast-global-color-4)","background-image":"","background-repeat":"repeat","background-position":"center center","background-size":"auto","background-attachment":"scroll","background-type":"","background-media":"","overlay-type":"","overlay-color":"","overlay-opacity":"","overlay-gradient":""},"tablet":{"background-color":"","background-image":"","background-repeat":"repeat","background-position":"center center","background-size":"auto","background-attachment":"scroll","background-type":"","background-media":"","overlay-type":"","overlay-color":"","overlay-opacity":"","overlay-gradient":""},"mobile":{"background-color":"","background-image":"","background-repeat":"repeat","background-position":"center center","background-size":"auto","background-attachment":"scroll","background-type":"","background-media":"","overlay-type":"","overlay-color":"","overlay-opacity":"","overlay-gradient":""}},"ast-content-background-meta":{"desktop":{"background-color":"var(--ast-global-color-5)","background-image":"","background-repeat":"repeat","background-position":"center center","background-size":"auto","background-attachment":"scroll","background-type":"","background-media":"","overlay-type":"","overlay-color":"","overlay-opacity":"","overlay-gradient":""},"tablet":{"background-color":"var(--ast-global-color-5)","background-image":"","background-repeat":"repeat","background-position":"center center","background-size":"auto","background-attachment":"scroll","background-type":"","background-media":"","overlay-type":"","overlay-color":"","overlay-opacity":"","overlay-gradient":""},"mobile":{"background-color":"var(--ast-global-color-5)","background-image":"","background-repeat":"repeat","background-position":"center center","background-size":"auto","background-attachment":"scroll","background-type":"","background-media":"","overlay-type":"","overlay-color":"","overlay-opacity":"","overlay-gradient":""}},"footnotes":""},"categories":[92],"tags":[],"class_list":["post-2708","post","type-post","status-publish","format-standard","has-post-thumbnail","hentry","category-cicle_superior"],"post_mailing_queue_ids":[],"_links":{"self":[{"href":"https:\/\/agora.xtec.cat\/ceip-marinada\/wp-json\/wp\/v2\/posts\/2708","targetHints":{"allow":["GET"]}}],"collection":[{"href":"https:\/\/agora.xtec.cat\/ceip-marinada\/wp-json\/wp\/v2\/posts"}],"about":[{"href":"https:\/\/agora.xtec.cat\/ceip-marinada\/wp-json\/wp\/v2\/types\/post"}],"author":[{"embeddable":true,"href":"https:\/\/agora.xtec.cat\/ceip-marinada\/wp-json\/wp\/v2\/users\/36"}],"replies":[{"embeddable":true,"href":"https:\/\/agora.xtec.cat\/ceip-marinada\/wp-json\/wp\/v2\/comments?post=2708"}],"version-history":[{"count":3,"href":"https:\/\/agora.xtec.cat\/ceip-marinada\/wp-json\/wp\/v2\/posts\/2708\/revisions"}],"predecessor-version":[{"id":2712,"href":"https:\/\/agora.xtec.cat\/ceip-marinada\/wp-json\/wp\/v2\/posts\/2708\/revisions\/2712"}],"wp:featuredmedia":[{"embeddable":true,"href":"https:\/\/agora.xtec.cat\/ceip-marinada\/wp-json\/wp\/v2\/media\/2713"}],"wp:attachment":[{"href":"https:\/\/agora.xtec.cat\/ceip-marinada\/wp-json\/wp\/v2\/media?parent=2708"}],"wp:term":[{"taxonomy":"category","embeddable":true,"href":"https:\/\/agora.xtec.cat\/ceip-marinada\/wp-json\/wp\/v2\/categories?post=2708"},{"taxonomy":"post_tag","embeddable":true,"href":"https:\/\/agora.xtec.cat\/ceip-marinada\/wp-json\/wp\/v2\/tags?post=2708"}],"curies":[{"name":"wp","href":"https:\/\/api.w.org\/{rel}","templated":true}]}}