{"id":2292,"date":"2021-05-20T12:07:17","date_gmt":"2021-05-20T10:07:17","guid":{"rendered":"https:\/\/agora.xtec.cat\/ceip-marinada\/?p=2292"},"modified":"2021-05-20T12:07:17","modified_gmt":"2021-05-20T10:07:17","slug":"blanc-de-guix-a-la-classe-dels-tucans","status":"publish","type":"post","link":"https:\/\/agora.xtec.cat\/ceip-marinada\/infantil\/blanc-de-guix-a-la-classe-dels-tucans\/","title":{"rendered":"BLANC DE GUIX A LA CLASSE DELS TUCANS"},"content":{"rendered":"<p>Hola fam\u00edlies dels TUCANS!<\/p>\n<p>Avui, BLANC DE GUIX, ha vingut a la nostra classe per fer la segona sessi\u00f3. Si al taller ens vam endinsar en el m\u00f3n dels colors, la m\u00fasica i les emocions, en aquesta ocasi\u00f3 hem afegit un element m\u00e0gic: la terra i el fang. Despr\u00e9s d&#8217;escoltar la m\u00fasica i reflexionar sobre les emocions i sentiments hem modelat unes fant\u00e0stiques escultures que ja formen part del nostre entorn: el pati.<\/p>\n<p>Moltes gr\u00e0cies Xavi i N\u00faria per aquest fant\u00e0stic taller!<\/p>\n<p><a href=\"https:\/\/photos.app.goo.gl\/C3rstXU9QRjdRiQ47\"><img loading=\"lazy\" decoding=\"async\" class=\"\" src=\"https:\/\/lh3.googleusercontent.com\/RIZ4vy625sMvHzNNvLUxJplNNTflP8WPIkyhcJxWaq5siY2t7aL7NbZcvlNoerDP2NQEatonPJ7Vb_0mKP89y3eggEqRpDirDfCnyH1f0_mCla7savPGqNTG0-201KBhqRFXAqSiP4HS66aYUm6DFWvE7Q9zniLWpJOyJc6TcMqauzqtFoy3BjbCUZNwmBY1Unz4PCnNAdrFWSMdlVVuNY8Td_6Ax3C3BqIjxkoYfUJ6kxW1o1U71eiyzlj_R0VbOHi-5MF1URM2joI1lyXVRiKDA-kJrYXOh8ta5Y-ZS41BFPvJiSsL3WhfyTeLENRs3lc_Y-ijPifR83vgCW_MQqgG3Wos6ztZt455xz5eAc1HLj852qBvsfWJCisWaQLQpQDNW9ipyvHW9EGl835_Z1xfCbswSEfLibgwRiyAxrkHGeawuKAKoeIcAwAad-YDsTqRoldoiis1lhkZfxFpMV6f68Gp6-ycVWJPY7A_n7PkUT2-jKWe8ZwoQMK3Kf2m_QdS3nUsjyaIJeDQa0BwlRow_3xXItYWE9T542k8sySBGHvsJ3TS5GlNa79pRUhYVwUvbr6UK8h_WROuoNam4cVhIMH0g84SwacgfKuMy-xnrqjSUvjcNw3voXEKKErbR620r80kESh7OhoaUeHkNaVr4t1UhLqaIhp3YfpiznkH5KguNbJ1VuZo8P3uHDkJOYmXMInBMg6kkTzOlmoJe70=w493-h657-no?authuser=0\" width=\"360\" height=\"479\" \/><\/a><\/p>\n","protected":false},"excerpt":{"rendered":"<p>Hola fam\u00edlies dels TUCANS! Avui, BLANC DE GUIX, ha vingut a la nostra classe per fer la segona sessi\u00f3. Si [&hellip;]<\/p>\n","protected":false},"author":16,"featured_media":0,"comment_status":"open","ping_status":"closed","sticky":false,"template":"","format":"standard","meta":{"_bbp_topic_count":0,"_bbp_reply_count":0,"_bbp_total_topic_count":0,"_bbp_total_reply_count":0,"_bbp_voice_count":0,"_bbp_anonymous_reply_count":0,"_bbp_topic_count_hidden":0,"_bbp_reply_count_hidden":0,"_bbp_forum_subforum_count":0,"site-sidebar-layout":"default","site-content-layout":"","ast-site-content-layout":"","site-content-style":"default","site-sidebar-style":"default","ast-global-header-display":"","ast-banner-title-visibility":"","ast-main-header-display":"","ast-hfb-above-header-display":"","ast-hfb-below-header-display":"","ast-hfb-mobile-header-display":"","site-post-title":"","ast-breadcrumbs-content":"","ast-featured-img":"","footer-sml-layout":"","theme-transparent-header-meta":"","adv-header-id-meta":"","stick-header-meta":"","header-above-stick-meta":"","header-main-stick-meta":"","header-below-stick-meta":"","astra-migrate-meta-layouts":"default","ast-page-background-enabled":"default","ast-page-background-meta":{"desktop":{"background-color":"var(--ast-global-color-4)","background-image":"","background-repeat":"repeat","background-position":"center center","background-size":"auto","background-attachment":"scroll","background-type":"","background-media":"","overlay-type":"","overlay-color":"","overlay-opacity":"","overlay-gradient":""},"tablet":{"background-color":"","background-image":"","background-repeat":"repeat","background-position":"center center","background-size":"auto","background-attachment":"scroll","background-type":"","background-media":"","overlay-type":"","overlay-color":"","overlay-opacity":"","overlay-gradient":""},"mobile":{"background-color":"","background-image":"","background-repeat":"repeat","background-position":"center center","background-size":"auto","background-attachment":"scroll","background-type":"","background-media":"","overlay-type":"","overlay-color":"","overlay-opacity":"","overlay-gradient":""}},"ast-content-background-meta":{"desktop":{"background-color":"var(--ast-global-color-5)","background-image":"","background-repeat":"repeat","background-position":"center center","background-size":"auto","background-attachment":"scroll","background-type":"","background-media":"","overlay-type":"","overlay-color":"","overlay-opacity":"","overlay-gradient":""},"tablet":{"background-color":"var(--ast-global-color-5)","background-image":"","background-repeat":"repeat","background-position":"center center","background-size":"auto","background-attachment":"scroll","background-type":"","background-media":"","overlay-type":"","overlay-color":"","overlay-opacity":"","overlay-gradient":""},"mobile":{"background-color":"var(--ast-global-color-5)","background-image":"","background-repeat":"repeat","background-position":"center center","background-size":"auto","background-attachment":"scroll","background-type":"","background-media":"","overlay-type":"","overlay-color":"","overlay-opacity":"","overlay-gradient":""}},"footnotes":""},"categories":[2],"tags":[],"class_list":["post-2292","post","type-post","status-publish","format-standard","hentry","category-infantil"],"post_mailing_queue_ids":[],"_links":{"self":[{"href":"https:\/\/agora.xtec.cat\/ceip-marinada\/wp-json\/wp\/v2\/posts\/2292","targetHints":{"allow":["GET"]}}],"collection":[{"href":"https:\/\/agora.xtec.cat\/ceip-marinada\/wp-json\/wp\/v2\/posts"}],"about":[{"href":"https:\/\/agora.xtec.cat\/ceip-marinada\/wp-json\/wp\/v2\/types\/post"}],"author":[{"embeddable":true,"href":"https:\/\/agora.xtec.cat\/ceip-marinada\/wp-json\/wp\/v2\/users\/16"}],"replies":[{"embeddable":true,"href":"https:\/\/agora.xtec.cat\/ceip-marinada\/wp-json\/wp\/v2\/comments?post=2292"}],"version-history":[{"count":1,"href":"https:\/\/agora.xtec.cat\/ceip-marinada\/wp-json\/wp\/v2\/posts\/2292\/revisions"}],"predecessor-version":[{"id":2293,"href":"https:\/\/agora.xtec.cat\/ceip-marinada\/wp-json\/wp\/v2\/posts\/2292\/revisions\/2293"}],"wp:attachment":[{"href":"https:\/\/agora.xtec.cat\/ceip-marinada\/wp-json\/wp\/v2\/media?parent=2292"}],"wp:term":[{"taxonomy":"category","embeddable":true,"href":"https:\/\/agora.xtec.cat\/ceip-marinada\/wp-json\/wp\/v2\/categories?post=2292"},{"taxonomy":"post_tag","embeddable":true,"href":"https:\/\/agora.xtec.cat\/ceip-marinada\/wp-json\/wp\/v2\/tags?post=2292"}],"curies":[{"name":"wp","href":"https:\/\/api.w.org\/{rel}","templated":true}]}}