{"id":2202,"date":"2021-04-28T21:49:03","date_gmt":"2021-04-28T19:49:03","guid":{"rendered":"https:\/\/agora.xtec.cat\/ceip-marinada\/?p=2202"},"modified":"2021-04-28T21:50:58","modified_gmt":"2021-04-28T19:50:58","slug":"rugbi-al-cicle-mitja","status":"publish","type":"post","link":"https:\/\/agora.xtec.cat\/ceip-marinada\/portada\/rugbi-al-cicle-mitja\/","title":{"rendered":"Rugbi al cicle mitj\u00e0."},"content":{"rendered":"<p>La setmana del 12 al 16 d&#8217;abril vam celebrar al Masnou la setmana de l&#8217;esport escolar. Tot i que vam tenir petits entrebancs degut a les pluges i es van haver d&#8217;ajornar algun dia, els nens i nenes del cicle mitj\u00e0 vam participar-hi amb uns tallers d&#8217;iniciaci\u00f3 al rugbi.<\/p>\n<p>Bloquejos, llan\u00e7aments, passades i molts jocs que van servir per divertir-nos i per con\u00e8ixer una mica millor aquest esport tan emocionant i desconegut fins ara.<\/p>\n<p>Tamb\u00e9 va estar molt b\u00e9 perqu\u00e8 van venir com a monitores dues ex-alumnes de l&#8217;escola, la Mar i la Queralt, que ara juguen al Rugbi Alella. Moltes gr\u00e0cies!<\/p>\n<p><a href=\"https:\/\/agora.xtec.cat\/ceip-marinada\/wp-content\/uploads\/usu196\/2021\/04\/Rugbi-CM2-1.jpg\"><img loading=\"lazy\" decoding=\"async\" class=\"size-medium wp-image-2204 aligncenter\" src=\"https:\/\/agora.xtec.cat\/ceip-marinada\/wp-content\/uploads\/usu196\/2021\/04\/Rugbi-CM2-1-218x300.jpg\" alt=\"\" width=\"218\" height=\"300\" srcset=\"https:\/\/agora.xtec.cat\/ceip-marinada\/wp-content\/uploads\/usu196\/2021\/04\/Rugbi-CM2-1-218x300.jpg 218w, https:\/\/agora.xtec.cat\/ceip-marinada\/wp-content\/uploads\/usu196\/2021\/04\/Rugbi-CM2-1-768x1058.jpg 768w, https:\/\/agora.xtec.cat\/ceip-marinada\/wp-content\/uploads\/usu196\/2021\/04\/Rugbi-CM2-1-743x1024.jpg 743w, https:\/\/agora.xtec.cat\/ceip-marinada\/wp-content\/uploads\/usu196\/2021\/04\/Rugbi-CM2-1.jpg 1333w\" sizes=\"auto, (max-width: 218px) 100vw, 218px\" \/><\/a><\/p>\n<p style=\"text-align: center\">Si voleu veure&#8217;n alguna <a href=\"https:\/\/photos.app.goo.gl\/ryzJH8oS4z3dubSB9\">foto m\u00e9s&#8230;<\/a><\/p>\n","protected":false},"excerpt":{"rendered":"<p>La setmana del 12 al 16 d&#8217;abril vam celebrar al Masnou la setmana de l&#8217;esport escolar. Tot i que vam [&hellip;]<\/p>\n","protected":false},"author":14,"featured_media":0,"comment_status":"open","ping_status":"closed","sticky":false,"template":"","format":"standard","meta":{"_bbp_topic_count":0,"_bbp_reply_count":0,"_bbp_total_topic_count":0,"_bbp_total_reply_count":0,"_bbp_voice_count":0,"_bbp_anonymous_reply_count":0,"_bbp_topic_count_hidden":0,"_bbp_reply_count_hidden":0,"_bbp_forum_subforum_count":0,"site-sidebar-layout":"default","site-content-layout":"","ast-site-content-layout":"","site-content-style":"default","site-sidebar-style":"default","ast-global-header-display":"","ast-banner-title-visibility":"","ast-main-header-display":"","ast-hfb-above-header-display":"","ast-hfb-below-header-display":"","ast-hfb-mobile-header-display":"","site-post-title":"","ast-breadcrumbs-content":"","ast-featured-img":"","footer-sml-layout":"","theme-transparent-header-meta":"","adv-header-id-meta":"","stick-header-meta":"","header-above-stick-meta":"","header-main-stick-meta":"","header-below-stick-meta":"","astra-migrate-meta-layouts":"default","ast-page-background-enabled":"default","ast-page-background-meta":{"desktop":{"background-color":"var(--ast-global-color-4)","background-image":"","background-repeat":"repeat","background-position":"center center","background-size":"auto","background-attachment":"scroll","background-type":"","background-media":"","overlay-type":"","overlay-color":"","overlay-opacity":"","overlay-gradient":""},"tablet":{"background-color":"","background-image":"","background-repeat":"repeat","background-position":"center center","background-size":"auto","background-attachment":"scroll","background-type":"","background-media":"","overlay-type":"","overlay-color":"","overlay-opacity":"","overlay-gradient":""},"mobile":{"background-color":"","background-image":"","background-repeat":"repeat","background-position":"center center","background-size":"auto","background-attachment":"scroll","background-type":"","background-media":"","overlay-type":"","overlay-color":"","overlay-opacity":"","overlay-gradient":""}},"ast-content-background-meta":{"desktop":{"background-color":"var(--ast-global-color-5)","background-image":"","background-repeat":"repeat","background-position":"center center","background-size":"auto","background-attachment":"scroll","background-type":"","background-media":"","overlay-type":"","overlay-color":"","overlay-opacity":"","overlay-gradient":""},"tablet":{"background-color":"var(--ast-global-color-5)","background-image":"","background-repeat":"repeat","background-position":"center center","background-size":"auto","background-attachment":"scroll","background-type":"","background-media":"","overlay-type":"","overlay-color":"","overlay-opacity":"","overlay-gradient":""},"mobile":{"background-color":"var(--ast-global-color-5)","background-image":"","background-repeat":"repeat","background-position":"center center","background-size":"auto","background-attachment":"scroll","background-type":"","background-media":"","overlay-type":"","overlay-color":"","overlay-opacity":"","overlay-gradient":""}},"footnotes":""},"categories":[91,4],"tags":[],"class_list":["post-2202","post","type-post","status-publish","format-standard","hentry","category-cicle_mitja","category-portada"],"post_mailing_queue_ids":[],"_links":{"self":[{"href":"https:\/\/agora.xtec.cat\/ceip-marinada\/wp-json\/wp\/v2\/posts\/2202","targetHints":{"allow":["GET"]}}],"collection":[{"href":"https:\/\/agora.xtec.cat\/ceip-marinada\/wp-json\/wp\/v2\/posts"}],"about":[{"href":"https:\/\/agora.xtec.cat\/ceip-marinada\/wp-json\/wp\/v2\/types\/post"}],"author":[{"embeddable":true,"href":"https:\/\/agora.xtec.cat\/ceip-marinada\/wp-json\/wp\/v2\/users\/14"}],"replies":[{"embeddable":true,"href":"https:\/\/agora.xtec.cat\/ceip-marinada\/wp-json\/wp\/v2\/comments?post=2202"}],"version-history":[{"count":2,"href":"https:\/\/agora.xtec.cat\/ceip-marinada\/wp-json\/wp\/v2\/posts\/2202\/revisions"}],"predecessor-version":[{"id":2206,"href":"https:\/\/agora.xtec.cat\/ceip-marinada\/wp-json\/wp\/v2\/posts\/2202\/revisions\/2206"}],"wp:attachment":[{"href":"https:\/\/agora.xtec.cat\/ceip-marinada\/wp-json\/wp\/v2\/media?parent=2202"}],"wp:term":[{"taxonomy":"category","embeddable":true,"href":"https:\/\/agora.xtec.cat\/ceip-marinada\/wp-json\/wp\/v2\/categories?post=2202"},{"taxonomy":"post_tag","embeddable":true,"href":"https:\/\/agora.xtec.cat\/ceip-marinada\/wp-json\/wp\/v2\/tags?post=2202"}],"curies":[{"name":"wp","href":"https:\/\/api.w.org\/{rel}","templated":true}]}}