{"id":1260,"date":"2020-03-19T17:11:08","date_gmt":"2020-03-19T16:11:08","guid":{"rendered":"https:\/\/agora.xtec.cat\/ceip-marinada\/?p=1260"},"modified":"2020-07-21T11:26:04","modified_gmt":"2020-07-21T09:26:04","slug":"ajornament-de-la-preinscripcio","status":"publish","type":"post","link":"https:\/\/agora.xtec.cat\/ceip-marinada\/general\/ajornament-de-la-preinscripcio\/","title":{"rendered":"PREINSCRIPCI\u00d3 I MATRICULACI\u00d3 2020-2021"},"content":{"rendered":"<p>&nbsp;<\/p>\n<h4 style=\"text-align: center;\"><span style=\"color: #000000;\"><strong>Tota la informaci\u00f3 relativa a la PREINSCRIPCI\u00d3 I MATR\u00cdCULA<\/strong><\/span><\/h4>\n<p style=\"text-align: center;\"><span style=\"color: #000000;\"><strong>(Actualitzat Dimarts 7 juliol)\u00a0<\/strong><\/span><\/p>\n<h1 style=\"text-align: center;\"><strong><span style=\"color: #800080;\">ATENCI\u00d3!!\u00a0<\/span><\/strong><\/h1>\n<h3 style=\"text-align: center;\"><a href=\"https:\/\/drive.google.com\/file\/d\/1tkYFuUrBd7WUzjLaZ_T-0Zs0kS3aB_lf\/view?usp=sharing\">Enlla\u00e7 a la llista definitiva d&#8217;assignats<\/a><\/h3>\n<h3 style=\"text-align: center;\"><a href=\"https:\/\/drive.google.com\/file\/d\/1yyF1PfzPrHjqHWKLYhowZhHjbF06LWLB\/view?usp=sharing\">Enlla\u00e7 a la llista d&#8217;espera<\/a><\/h3>\n<div><strong>\u00a0<\/strong><\/div>\n<p>A continuaci\u00f3 teniu un resum de tota la informaci\u00f3 rellevant relacionada amb la preinscripci\u00f3 i la matriculaci\u00f3 pel curs 2020-21 de les etapes d\u2019Infantil, Prim\u00e0ria i Secund\u00e0ria:<\/p>\n<table class=\" aligncenter\" style=\"width: 736px;\">\n<tbody>\n<tr>\n<th style=\"width: 730px; text-align: center;\" colspan=\"3\" scope=\"rowgroup\"><strong>PER\u00cdODES DE LA PREINSCRIPCI\u00d3 I MATRICULACI\u00d3<\/strong><\/th>\n<\/tr>\n<tr>\n<td style=\"width: 234px;\">Preinscripci\u00f3 TELEM\u00c0TICA<\/td>\n<td style=\"width: 283px;\">Preinscripci\u00f3 PRESENCIAL<\/td>\n<td style=\"width: 209px;\">Matriculaci\u00f3<\/td>\n<\/tr>\n<tr>\n<td style=\"width: 234px;\">Del 13 al 22 de Maig<\/td>\n<td style=\"width: 283px;\">Del 19 al 22 de Maig<\/td>\n<td style=\"width: 209px;\">Del 13 al 17 de Juliol<\/td>\n<\/tr>\n<\/tbody>\n<\/table>\n<p>&nbsp;<\/p>\n<p>&nbsp;<\/p>\n<table class=\" aligncenter\" style=\"width: 999px;\">\n<tbody>\n<tr>\n<td style=\"width: 993px; text-align: center;\" colspan=\"2\"><strong>COM PRESENTO LA DOCUMENTACI\u00d3?<\/strong><\/td>\n<\/tr>\n<tr>\n<td style=\"width: 530px; text-align: center;\"><span style=\"color: #ff6600;\"><strong>PREINSCRIPCI\u00d3 TELEM\u00c0TICA<\/strong><\/span><\/td>\n<td style=\"width: 461px; text-align: center;\"><strong>PREINSCRIPCI\u00d3 PRESENCIAL ( NOM\u00c9S EN CASOS EXCEPCIONALS)<\/strong><\/td>\n<\/tr>\n<tr>\n<td style=\"width: 530px;\">\n<ol>\n<li><em>Emplenar la <a href=\"http:\/\/ensenyament.gencat.cat\/ca\/tramits\/tramits-temes\/20483_preinscripcio_escolar?moda=1\">sol\u00b7licitud de preinscripci\u00f3.<\/a>\u00a0<\/em><\/li>\n<li><em>Enviar un correu a\u00a0<strong><a class=\"Yh1nIb asUmFb AL18ce\" href=\"mailto:a8043930@xtec.cat\" target=\"_blank\" rel=\"noopener noreferrer\" data-tooltip=\"Del perfil de l'organitzaci\u00f3 de l'usuari\" data-tooltip-position=\"top\">a8043930@xtec.cat<\/a><\/strong>\u00a0adjuntant:<\/em><\/li>\n<\/ol>\n<ul>\n<li style=\"list-style-type: none;\">\n<ul>\n<li><em>Resguard de la sol\u00b7licitud de preinscripci\u00f3\u00a0( encara no est\u00e0 disponible )<\/em><\/li>\n<li><em>Documentaci\u00f3 acreditativa fotografiada o escanejada<\/em><\/li>\n<\/ul>\n<\/li>\n<\/ul>\n<p><em>*Rebreu un correu del centre confirmant la preinscripci\u00f3.<\/em><\/td>\n<td style=\"width: 461px;\"><em>1.Demanar cita pr\u00e8via:<\/em><\/p>\n<ul>\n<li><em>Trucant al 935403810. <strong><span style=\"color: #ff6600;\">De 10:00 a 13:00<\/span><\/strong>.<\/em><\/li>\n<li><em>Enviant un correu a <strong>a8043930@xtec.cat<\/strong><\/em><\/li>\n<li><em>Fent \u00fas d&#8217;aquest aplicatiu ( fora de servei de moment per problemes t\u00e8cnics ).<\/em><\/li>\n<\/ul>\n<p><em>2. Assistir al centre amb <a href=\"https:\/\/agora.xtec.cat\/ceipsantanna\/wp-content\/uploads\/usu517\/2020\/05\/Sol%C2%B7licitud-de-Preinscripci%C3%B3-Curs-20-21.pdf\">la sol\u00b7licitud<\/a> emplenada i la documentaci\u00f3 citada anteriorment.<\/em><\/p>\n<p><em>*Cal portar la sol\u00b7licitud emplenada.<\/em><\/td>\n<\/tr>\n<\/tbody>\n<\/table>\n<p>&nbsp;<\/p>\n<p><em>Per a les fam\u00edlies que hagin de fer \u00fas de la cita pr\u00e8via i la preinscripci\u00f3 presencial, cal seguir les seg\u00fcents mesures de salut i seguretat:<\/em><\/p>\n<ul>\n<li><em>\u00das de mascareta i guants.<\/em><\/li>\n<li><em>Manteniment la dist\u00e0ncia de seguretat.<\/em><\/li>\n<li><em>Recomanaci\u00f3 portar el vostre propi bol\u00edgraf.<\/em><\/li>\n<li><em>Seguir les instruccions del personal de centre.<\/em><\/li>\n<\/ul>\n<p><strong><em>No poden acudir les persones de grups d\u2019especial vulnerabilitat o en per\u00edode de confinament, o que presentin s\u00edmptomes.\u00a0<\/em><\/strong><em>En aquest cas, poden autoritzar per escrit a una altra persona a portar la sol\u00b7licitud i la documentaci\u00f3.<\/em><\/p>\n<p>Quan finalitzi el per\u00edode de preinscripci\u00f3, publicarem els resultats de barem provisional en aquest mateix apartat. Tamb\u00e9 anunciarem els tr\u00e0mits per formalitzar la matr\u00edcula. Tot i aix\u00ed, teniu a la vostra disposici\u00f3 m\u00e9s informaci\u00f3 referent a:<\/p>\n<ul>\n<li><a href=\"http:\/\/queestudiar.gencat.cat\/ca\/preinscripcio\/estudis\/obligatoris\/consulta-resultats\/\">Consulta de resultats<\/a><\/li>\n<li><a href=\"http:\/\/queestudiar.gencat.cat\/ca\/preinscripcio\/estudis\/obligatoris\/matricula\/\">Matriculaci\u00f3\u00a0<\/a><\/li>\n<\/ul>\n","protected":false},"excerpt":{"rendered":"<p>&nbsp; Tota la informaci\u00f3 relativa a la PREINSCRIPCI\u00d3 I MATR\u00cdCULA (Actualitzat Dimarts 7 juliol)\u00a0 ATENCI\u00d3!!\u00a0 Enlla\u00e7 a la llista definitiva [&hellip;]<\/p>\n","protected":false},"author":1,"featured_media":0,"comment_status":"open","ping_status":"closed","sticky":false,"template":"","format":"standard","meta":{"_bbp_topic_count":0,"_bbp_reply_count":0,"_bbp_total_topic_count":0,"_bbp_total_reply_count":0,"_bbp_voice_count":0,"_bbp_anonymous_reply_count":0,"_bbp_topic_count_hidden":0,"_bbp_reply_count_hidden":0,"_bbp_forum_subforum_count":0,"site-sidebar-layout":"default","site-content-layout":"","ast-site-content-layout":"","site-content-style":"default","site-sidebar-style":"default","ast-global-header-display":"","ast-banner-title-visibility":"","ast-main-header-display":"","ast-hfb-above-header-display":"","ast-hfb-below-header-display":"","ast-hfb-mobile-header-display":"","site-post-title":"","ast-breadcrumbs-content":"","ast-featured-img":"","footer-sml-layout":"","theme-transparent-header-meta":"","adv-header-id-meta":"","stick-header-meta":"","header-above-stick-meta":"","header-main-stick-meta":"","header-below-stick-meta":"","astra-migrate-meta-layouts":"default","ast-page-background-enabled":"default","ast-page-background-meta":{"desktop":{"background-color":"var(--ast-global-color-4)","background-image":"","background-repeat":"repeat","background-position":"center center","background-size":"auto","background-attachment":"scroll","background-type":"","background-media":"","overlay-type":"","overlay-color":"","overlay-opacity":"","overlay-gradient":""},"tablet":{"background-color":"","background-image":"","background-repeat":"repeat","background-position":"center center","background-size":"auto","background-attachment":"scroll","background-type":"","background-media":"","overlay-type":"","overlay-color":"","overlay-opacity":"","overlay-gradient":""},"mobile":{"background-color":"","background-image":"","background-repeat":"repeat","background-position":"center center","background-size":"auto","background-attachment":"scroll","background-type":"","background-media":"","overlay-type":"","overlay-color":"","overlay-opacity":"","overlay-gradient":""}},"ast-content-background-meta":{"desktop":{"background-color":"var(--ast-global-color-5)","background-image":"","background-repeat":"repeat","background-position":"center center","background-size":"auto","background-attachment":"scroll","background-type":"","background-media":"","overlay-type":"","overlay-color":"","overlay-opacity":"","overlay-gradient":""},"tablet":{"background-color":"var(--ast-global-color-5)","background-image":"","background-repeat":"repeat","background-position":"center center","background-size":"auto","background-attachment":"scroll","background-type":"","background-media":"","overlay-type":"","overlay-color":"","overlay-opacity":"","overlay-gradient":""},"mobile":{"background-color":"var(--ast-global-color-5)","background-image":"","background-repeat":"repeat","background-position":"center center","background-size":"auto","background-attachment":"scroll","background-type":"","background-media":"","overlay-type":"","overlay-color":"","overlay-opacity":"","overlay-gradient":""}},"footnotes":""},"categories":[1,4],"tags":[],"class_list":["post-1260","post","type-post","status-publish","format-standard","hentry","category-general","category-portada"],"post_mailing_queue_ids":[],"_links":{"self":[{"href":"https:\/\/agora.xtec.cat\/ceip-marinada\/wp-json\/wp\/v2\/posts\/1260","targetHints":{"allow":["GET"]}}],"collection":[{"href":"https:\/\/agora.xtec.cat\/ceip-marinada\/wp-json\/wp\/v2\/posts"}],"about":[{"href":"https:\/\/agora.xtec.cat\/ceip-marinada\/wp-json\/wp\/v2\/types\/post"}],"author":[{"embeddable":true,"href":"https:\/\/agora.xtec.cat\/ceip-marinada\/wp-json\/wp\/v2\/users\/1"}],"replies":[{"embeddable":true,"href":"https:\/\/agora.xtec.cat\/ceip-marinada\/wp-json\/wp\/v2\/comments?post=1260"}],"version-history":[{"count":3,"href":"https:\/\/agora.xtec.cat\/ceip-marinada\/wp-json\/wp\/v2\/posts\/1260\/revisions"}],"predecessor-version":[{"id":1639,"href":"https:\/\/agora.xtec.cat\/ceip-marinada\/wp-json\/wp\/v2\/posts\/1260\/revisions\/1639"}],"wp:attachment":[{"href":"https:\/\/agora.xtec.cat\/ceip-marinada\/wp-json\/wp\/v2\/media?parent=1260"}],"wp:term":[{"taxonomy":"category","embeddable":true,"href":"https:\/\/agora.xtec.cat\/ceip-marinada\/wp-json\/wp\/v2\/categories?post=1260"},{"taxonomy":"post_tag","embeddable":true,"href":"https:\/\/agora.xtec.cat\/ceip-marinada\/wp-json\/wp\/v2\/tags?post=1260"}],"curies":[{"name":"wp","href":"https:\/\/api.w.org\/{rel}","templated":true}]}}